{"id":133,"count":10,"description":"Espacio semanal sobre comunicaci\u00f3n, redes sociales, marketing digital y transparencia en las administraciones p\u00fablicas.\n\nA tu disposici\u00f3n: \u00faltimas novedades y tendencias, tips o recomendaciones, entrevistas con personas que trabajan en el sector p\u00fablico o est\u00e1n ligadas al mismo y citas destacadas.\n\nM\u00e1s informaci\u00f3n: www.pedroirustamendieta.com","link":"https:\/\/pedroirustamendieta.com\/es\/podcasts\/podcast-comunicar-desde-lo-publico\/","name":"Comunicar desde lo p\u00fablico","slug":"podcast-comunicar-desde-lo-publico","taxonomy":"series","parent":0,"meta":[],"title":"Comunicar desde lo p\u00fablico","language":"es-es","copyright":"Pedro Irusta Mendieta","subtitle":"<strong><a href=\"https:\/\/pedroirustamendieta.com\/wp-content\/uploads\/2022\/12\/33654374-1667930359655-60bf102db51fd-3-scaled.jpg\"><img class=\"alignright wp-image-2304\" src=\"https:\/\/pedroirustamendieta.com\/wp-content\/uploads\/2022\/12\/33654374-1667930359655-60bf102db51fd-3-scaled.jpg\" alt=\"\" width=\"388\" height=\"388\" \/><\/a>Espacio semanal sobre comunicaci\u00f3n, redes sociales, marketing digital y transparencia en las administraciones p\u00fablicas.<\/strong>\r\n\r\n<strong>A tu disposici\u00f3n: \u00faltimas novedades y tendencias, tips o recomendaciones, entrevistas con personas que trabajan en el sector p\u00fablico o est\u00e1n ligadas al mismo y citas destacadas.<\/strong>","author":"Pedro Irusta Mendieta","owner_name":"Pedro Irusta Mendieta","owner_email":"pedroirustamendieta@gmail.com","explicit_option":"","complete_option":"","image":"https:\/\/pedroirustamendieta.com\/wp-content\/uploads\/2023\/02\/33654374-1667930359655-60bf102db51fd-scaled.jpg","category1":{"category":"Business","subcategory":"Marketing"},"category2":{"category":"","subcategory":""},"category3":{"category":"","subcategory":""},"guid":"f8f30996-46da-5bf5-9f7c-d48a9fca4a5c","ads_enabled":false,"yoast_head":"<!-- This site is optimized with the Yoast SEO plugin v27.3 - https:\/\/yoast.com\/product\/yoast-seo-wordpress\/ -->\n<title>Podcast: Comunicar desde lo p\u00fablico<\/title>\n<meta name=\"description\" content=\"Espacio semanal sobre comunicaci\u00f3n, redes sociales, marketing digital y transparencia en las administraciones p\u00fablicas. Actualidad, tips y entrevistas.\" \/>\n<meta name=\"robots\" content=\"index, follow, max-snippet:-1, max-image-preview:large, max-video-preview:-1\" \/>\n<link rel=\"canonical\" href=\"https:\/\/pedroirustamendieta.com\/es\/podcasts\/podcast-comunicar-desde-lo-publico\/\" \/>\n<meta property=\"og:locale\" content=\"es_ES\" \/>\n<meta property=\"og:type\" content=\"article\" \/>\n<meta property=\"og:title\" content=\"Podcast: Comunicar desde lo p\u00fablico\" \/>\n<meta property=\"og:description\" content=\"Espacio semanal sobre comunicaci\u00f3n, redes sociales, marketing digital y transparencia en las administraciones p\u00fablicas. Actualidad, tips y entrevistas.\" \/>\n<meta property=\"og:url\" content=\"https:\/\/pedroirustamendieta.com\/es\/podcasts\/podcast-comunicar-desde-lo-publico\/\" \/>\n<meta property=\"og:site_name\" content=\"Pedro Irusta Mendieta: Comunicaci\u00f3n p\u00fablica\" \/>\n<meta property=\"og:image\" content=\"https:\/\/pedroirustamendieta.com\/wp-content\/uploads\/2022\/12\/33654374-1667930359655-60bf102db51fd-3-scaled.jpg\" \/>\n\t<meta property=\"og:image:width\" content=\"2560\" \/>\n\t<meta property=\"og:image:height\" content=\"2560\" \/>\n\t<meta property=\"og:image:type\" content=\"image\/jpeg\" \/>\n<meta name=\"twitter:card\" content=\"summary_large_image\" \/>\n<meta name=\"twitter:site\" content=\"@Pedro__Irusta\" \/>\n<script type=\"application\/ld+json\" class=\"yoast-schema-graph\">{\"@context\":\"https:\\\/\\\/schema.org\",\"@graph\":[{\"@type\":\"CollectionPage\",\"@id\":\"https:\\\/\\\/pedroirustamendieta.com\\\/es\\\/podcasts\\\/podcast-comunicar-desde-lo-publico\\\/\",\"url\":\"https:\\\/\\\/pedroirustamendieta.com\\\/es\\\/podcasts\\\/podcast-comunicar-desde-lo-publico\\\/\",\"name\":\"Podcast: Comunicar desde lo p\u00fablico\",\"isPartOf\":{\"@id\":\"https:\\\/\\\/pedroirustamendieta.com\\\/es\\\/#website\"},\"description\":\"Espacio semanal sobre comunicaci\u00f3n, redes sociales, marketing digital y transparencia en las administraciones p\u00fablicas. Actualidad, tips y entrevistas.\",\"breadcrumb\":{\"@id\":\"https:\\\/\\\/pedroirustamendieta.com\\\/es\\\/podcasts\\\/podcast-comunicar-desde-lo-publico\\\/#breadcrumb\"},\"inLanguage\":\"es\"},{\"@type\":\"BreadcrumbList\",\"@id\":\"https:\\\/\\\/pedroirustamendieta.com\\\/es\\\/podcasts\\\/podcast-comunicar-desde-lo-publico\\\/#breadcrumb\",\"itemListElement\":[{\"@type\":\"ListItem\",\"position\":1,\"name\":\"Portada\",\"item\":\"https:\\\/\\\/pedroirustamendieta.com\\\/es\\\/\"},{\"@type\":\"ListItem\",\"position\":2,\"name\":\"Comunicar desde lo p\u00fablico\"}]},{\"@type\":\"WebSite\",\"@id\":\"https:\\\/\\\/pedroirustamendieta.com\\\/es\\\/#website\",\"url\":\"https:\\\/\\\/pedroirustamendieta.com\\\/es\\\/\",\"name\":\"Pedro Irusta Mendieta: Comunicaci\u00f3n y Transparencia en las administraciones p\u00fablicas\",\"description\":\"Blog de Comunicaci\u00f3n y administraciones p\u00fablicas\",\"publisher\":{\"@id\":\"https:\\\/\\\/pedroirustamendieta.com\\\/es\\\/#\\\/schema\\\/person\\\/b5123b985a77b0db9e354a1134eb3087\"},\"potentialAction\":[{\"@type\":\"SearchAction\",\"target\":{\"@type\":\"EntryPoint\",\"urlTemplate\":\"https:\\\/\\\/pedroirustamendieta.com\\\/es\\\/?s={search_term_string}\"},\"query-input\":{\"@type\":\"PropertyValueSpecification\",\"valueRequired\":true,\"valueName\":\"search_term_string\"}}],\"inLanguage\":\"es\"},{\"@type\":[\"Person\",\"Organization\"],\"@id\":\"https:\\\/\\\/pedroirustamendieta.com\\\/es\\\/#\\\/schema\\\/person\\\/b5123b985a77b0db9e354a1134eb3087\",\"name\":\"Pedro Irusta Mendieta\",\"image\":{\"@type\":\"ImageObject\",\"inLanguage\":\"es\",\"@id\":\"https:\\\/\\\/pedroirustamendieta.com\\\/wp-content\\\/uploads\\\/2019\\\/02\\\/pedro-irusta-mendieta.png\",\"url\":\"https:\\\/\\\/pedroirustamendieta.com\\\/wp-content\\\/uploads\\\/2019\\\/02\\\/pedro-irusta-mendieta.png\",\"contentUrl\":\"https:\\\/\\\/pedroirustamendieta.com\\\/wp-content\\\/uploads\\\/2019\\\/02\\\/pedro-irusta-mendieta.png\",\"width\":375,\"height\":53,\"caption\":\"Pedro Irusta Mendieta\"},\"logo\":{\"@id\":\"https:\\\/\\\/pedroirustamendieta.com\\\/wp-content\\\/uploads\\\/2019\\\/02\\\/pedro-irusta-mendieta.png\"},\"description\":\"Periodista y funcionario local, especializado en comunicaci\u00f3n institucional.\",\"sameAs\":[\"https:\\\/\\\/pedroirustamendieta.com\\\/\",\"https:\\\/\\\/www.instagram.com\\\/pedroirustamendieta\",\"https:\\\/\\\/x.com\\\/Pedro__Irusta\"]}]}<\/script>\n<!-- \/ Yoast SEO plugin. -->","yoast_head_json":{"title":"Podcast: Comunicar desde lo p\u00fablico","description":"Espacio semanal sobre comunicaci\u00f3n, redes sociales, marketing digital y transparencia en las administraciones p\u00fablicas. Actualidad, tips y entrevistas.","robots":{"index":"index","follow":"follow","max-snippet":"max-snippet:-1","max-image-preview":"max-image-preview:large","max-video-preview":"max-video-preview:-1"},"canonical":"https:\/\/pedroirustamendieta.com\/es\/podcasts\/podcast-comunicar-desde-lo-publico\/","og_locale":"es_ES","og_type":"article","og_title":"Podcast: Comunicar desde lo p\u00fablico","og_description":"Espacio semanal sobre comunicaci\u00f3n, redes sociales, marketing digital y transparencia en las administraciones p\u00fablicas. Actualidad, tips y entrevistas.","og_url":"https:\/\/pedroirustamendieta.com\/es\/podcasts\/podcast-comunicar-desde-lo-publico\/","og_site_name":"Pedro Irusta Mendieta: Comunicaci\u00f3n p\u00fablica","og_image":[{"width":2560,"height":2560,"url":"https:\/\/pedroirustamendieta.com\/wp-content\/uploads\/2022\/12\/33654374-1667930359655-60bf102db51fd-3-scaled.jpg","type":"image\/jpeg"}],"twitter_card":"summary_large_image","twitter_site":"@Pedro__Irusta","schema":{"@context":"https:\/\/schema.org","@graph":[{"@type":"CollectionPage","@id":"https:\/\/pedroirustamendieta.com\/es\/podcasts\/podcast-comunicar-desde-lo-publico\/","url":"https:\/\/pedroirustamendieta.com\/es\/podcasts\/podcast-comunicar-desde-lo-publico\/","name":"Podcast: Comunicar desde lo p\u00fablico","isPartOf":{"@id":"https:\/\/pedroirustamendieta.com\/es\/#website"},"description":"Espacio semanal sobre comunicaci\u00f3n, redes sociales, marketing digital y transparencia en las administraciones p\u00fablicas. Actualidad, tips y entrevistas.","breadcrumb":{"@id":"https:\/\/pedroirustamendieta.com\/es\/podcasts\/podcast-comunicar-desde-lo-publico\/#breadcrumb"},"inLanguage":"es"},{"@type":"BreadcrumbList","@id":"https:\/\/pedroirustamendieta.com\/es\/podcasts\/podcast-comunicar-desde-lo-publico\/#breadcrumb","itemListElement":[{"@type":"ListItem","position":1,"name":"Portada","item":"https:\/\/pedroirustamendieta.com\/es\/"},{"@type":"ListItem","position":2,"name":"Comunicar desde lo p\u00fablico"}]},{"@type":"WebSite","@id":"https:\/\/pedroirustamendieta.com\/es\/#website","url":"https:\/\/pedroirustamendieta.com\/es\/","name":"Pedro Irusta Mendieta: Comunicaci\u00f3n y Transparencia en las administraciones p\u00fablicas","description":"Blog de Comunicaci\u00f3n y administraciones p\u00fablicas","publisher":{"@id":"https:\/\/pedroirustamendieta.com\/es\/#\/schema\/person\/b5123b985a77b0db9e354a1134eb3087"},"potentialAction":[{"@type":"SearchAction","target":{"@type":"EntryPoint","urlTemplate":"https:\/\/pedroirustamendieta.com\/es\/?s={search_term_string}"},"query-input":{"@type":"PropertyValueSpecification","valueRequired":true,"valueName":"search_term_string"}}],"inLanguage":"es"},{"@type":["Person","Organization"],"@id":"https:\/\/pedroirustamendieta.com\/es\/#\/schema\/person\/b5123b985a77b0db9e354a1134eb3087","name":"Pedro Irusta Mendieta","image":{"@type":"ImageObject","inLanguage":"es","@id":"https:\/\/pedroirustamendieta.com\/wp-content\/uploads\/2019\/02\/pedro-irusta-mendieta.png","url":"https:\/\/pedroirustamendieta.com\/wp-content\/uploads\/2019\/02\/pedro-irusta-mendieta.png","contentUrl":"https:\/\/pedroirustamendieta.com\/wp-content\/uploads\/2019\/02\/pedro-irusta-mendieta.png","width":375,"height":53,"caption":"Pedro Irusta Mendieta"},"logo":{"@id":"https:\/\/pedroirustamendieta.com\/wp-content\/uploads\/2019\/02\/pedro-irusta-mendieta.png"},"description":"Periodista y funcionario local, especializado en comunicaci\u00f3n institucional.","sameAs":["https:\/\/pedroirustamendieta.com\/","https:\/\/www.instagram.com\/pedroirustamendieta","https:\/\/x.com\/Pedro__Irusta"]}]}},"_links":{"self":[{"href":"https:\/\/pedroirustamendieta.com\/es\/wp-json\/wp\/v2\/series\/133","targetHints":{"allow":["GET"]}}],"collection":[{"href":"https:\/\/pedroirustamendieta.com\/es\/wp-json\/wp\/v2\/series"}],"about":[{"href":"https:\/\/pedroirustamendieta.com\/es\/wp-json\/wp\/v2\/taxonomies\/series"}],"wp:post_type":[{"href":"https:\/\/pedroirustamendieta.com\/es\/wp-json\/wp\/v2\/posts?series=133"},{"href":"https:\/\/pedroirustamendieta.com\/es\/wp-json\/wp\/v2\/podcast?series=133"}],"curies":[{"name":"wp","href":"https:\/\/api.w.org\/{rel}","templated":true}]}}