{"id":3036,"date":"2025-02-11T21:07:03","date_gmt":"2025-02-11T20:07:03","guid":{"rendered":"https:\/\/pedroirustamendieta.com\/?p=3036"},"modified":"2025-02-27T08:50:37","modified_gmt":"2025-02-27T07:50:37","slug":"eventos-comunicacion-marketing-digital-transparencia","status":"publish","type":"post","link":"https:\/\/pedroirustamendieta.com\/es\/eventos-comunicacion-marketing-digital-transparencia\/","title":{"rendered":"Eventos de comunicaci\u00f3n, marketing digital y transparencia [2025]"},"content":{"rendered":"<div class='yzp-views yzp-style2 yzp-level-2 '><span class='yzp-icon yzp-icon-level-2'  title='561'><\/span><span class=\"yzp-icon-view\" title=\"561\">561<\/span><span class=\"yzp-icon-text\" title=\"561\">views<\/span><\/div>\n\n<div class=\"kk-star-ratings kksr-auto kksr-align-left kksr-valign-top\"\n    data-payload='{&quot;align&quot;:&quot;left&quot;,&quot;id&quot;:&quot;3036&quot;,&quot;slug&quot;:&quot;default&quot;,&quot;valign&quot;:&quot;top&quot;,&quot;ignore&quot;:&quot;&quot;,&quot;reference&quot;:&quot;auto&quot;,&quot;class&quot;:&quot;&quot;,&quot;count&quot;:&quot;0&quot;,&quot;legendonly&quot;:&quot;&quot;,&quot;readonly&quot;:&quot;&quot;,&quot;score&quot;:&quot;0&quot;,&quot;starsonly&quot;:&quot;&quot;,&quot;best&quot;:&quot;5&quot;,&quot;gap&quot;:&quot;5&quot;,&quot;greet&quot;:&quot;Rate this post&quot;,&quot;legend&quot;:&quot;0\\\/5 - (0 votos)&quot;,&quot;size&quot;:&quot;24&quot;,&quot;title&quot;:&quot;Eventos de comunicaci\u00f3n, marketing digital y transparencia [2025]&quot;,&quot;width&quot;:&quot;0&quot;,&quot;_legend&quot;:&quot;{score}\\\/{best} - ({count} {votes})&quot;,&quot;font_factor&quot;:&quot;1.25&quot;}'>\n            \n<div class=\"kksr-stars\">\n    \n<div class=\"kksr-stars-inactive\">\n            <div class=\"kksr-star\" data-star=\"1\" style=\"padding-right: 5px\">\n            \n\n<div class=\"kksr-icon\" style=\"width: 24px; height: 24px;\"><\/div>\n        <\/div>\n            <div class=\"kksr-star\" data-star=\"2\" style=\"padding-right: 5px\">\n            \n\n<div class=\"kksr-icon\" style=\"width: 24px; height: 24px;\"><\/div>\n        <\/div>\n            <div class=\"kksr-star\" data-star=\"3\" style=\"padding-right: 5px\">\n            \n\n<div class=\"kksr-icon\" style=\"width: 24px; height: 24px;\"><\/div>\n        <\/div>\n            <div class=\"kksr-star\" data-star=\"4\" style=\"padding-right: 5px\">\n            \n\n<div class=\"kksr-icon\" style=\"width: 24px; height: 24px;\"><\/div>\n        <\/div>\n            <div class=\"kksr-star\" data-star=\"5\" style=\"padding-right: 5px\">\n            \n\n<div class=\"kksr-icon\" style=\"width: 24px; height: 24px;\"><\/div>\n        <\/div>\n    <\/div>\n    \n<div class=\"kksr-stars-active\" style=\"width: 0px;\">\n            <div class=\"kksr-star\" style=\"padding-right: 5px\">\n            \n\n<div class=\"kksr-icon\" style=\"width: 24px; height: 24px;\"><\/div>\n        <\/div>\n            <div class=\"kksr-star\" style=\"padding-right: 5px\">\n            \n\n<div class=\"kksr-icon\" style=\"width: 24px; height: 24px;\"><\/div>\n        <\/div>\n            <div class=\"kksr-star\" style=\"padding-right: 5px\">\n            \n\n<div class=\"kksr-icon\" style=\"width: 24px; height: 24px;\"><\/div>\n        <\/div>\n            <div class=\"kksr-star\" style=\"padding-right: 5px\">\n            \n\n<div class=\"kksr-icon\" style=\"width: 24px; height: 24px;\"><\/div>\n        <\/div>\n            <div class=\"kksr-star\" style=\"padding-right: 5px\">\n            \n\n<div class=\"kksr-icon\" style=\"width: 24px; height: 24px;\"><\/div>\n        <\/div>\n    <\/div>\n<\/div>\n                \n\n<div class=\"kksr-legend\" style=\"font-size: 19.2px;\">\n            <span class=\"kksr-muted\">Rate this post<\/span>\n    <\/div>\n    <\/div>\n<p data-pm-slice=\"1 1 []\">En un mundo cada vez m\u00e1s digitalizado y en constante evoluci\u00f3n, mantenerse actualizado con las <strong>\u00faltimas tendencias en comunicaci\u00f3n y marketing digital<\/strong> es clave para cualquier profesional o empresa que quiera destacar en su sector.<\/p>\n<p data-pm-slice=\"1 1 []\">Los <strong>eventos y congresos especializados<\/strong> no solo ofrecen la posibilidad de acceder a contenido de valor de la mano de expertos, sino que tambi\u00e9n brindan una excelente oportunidad para hacer networking, conocer nuevas herramientas y estrategias, y reforzar la marca personal o empresarial.<\/p>\n<p>Por eso, si te dedicas al marketing digital, al social media, a la publicidad o la comunicaci\u00f3n, te recomiendo que marques en tu calendario los <strong>principales eventos y jornadas<\/strong> que se celebrar\u00e1n a nivel estatal a lo largo de 2025.<\/p>\n<p>Y puesto que ya dejamos atr\u00e1s el mes de enero (mes en que se celebr\u00f3 el <a href=\"https:\/\/eventonextt.com\/\" target=\"_blank\" rel=\"noopener\">evento empresarial formativo Nextt<\/a>, de Ana Ivars), me centrar\u00e9 en los que a\u00fan nos quedan por delante.<\/p>\n<p>A continuaci\u00f3n, te dejo un listado con algunos de los <strong>congresos y encuentros m\u00e1s destacados sobre comunicaci\u00f3n y marketing digital<\/strong> que se celebrar\u00e1n entre febrero y diciembre de este a\u00f1o, tanto en el \u00e1mbito privado como en el de las administraciones p\u00fablicas.<\/p>\n<hr \/>\n<p><strong>Tambi\u00e9n te puede interesar:<\/strong><\/p>\n<ul>\n<li><a href=\"https:\/\/pedroirustamendieta.com\/es\/tendencias-comunicacion-y-marketing-2025\/\" target=\"_blank\" rel=\"noopener\">10 tendencias de comunicaci\u00f3n y marketing para 2025: Claves para marcas y profesionales<\/a><\/li>\n<li><a href=\"https:\/\/pedroirustamendieta.com\/es\/plan-de-comunicacion-que-es-y-como-elaborarlo-en-10-pasos\/\" target=\"_blank\" rel=\"noopener\">Plan de comunicaci\u00f3n: qu\u00e9 es y c\u00f3mo elaborarlo en 10 pasos<\/a><\/li>\n<\/ul>\n<hr \/>\n<div id=\"ez-toc-container\" class=\"ez-toc-v2_0_82_2 counter-hierarchy ez-toc-counter ez-toc-white ez-toc-container-direction\">\n<p class=\"ez-toc-title\" style=\"cursor:inherit\">Tabla de contenidos<\/p>\n<label for=\"ez-toc-cssicon-toggle-item-69f1d08d49e9a\" class=\"ez-toc-cssicon-toggle-label\"><span class=\"\"><span class=\"eztoc-hide\" style=\"display:none;\">Toggle<\/span><span class=\"ez-toc-icon-toggle-span\"><svg style=\"fill: #999;color:#999\" xmlns=\"http:\/\/www.w3.org\/2000\/svg\" class=\"list-377408\" width=\"20px\" height=\"20px\" viewBox=\"0 0 24 24\" fill=\"none\"><path d=\"M6 6H4v2h2V6zm14 0H8v2h12V6zM4 11h2v2H4v-2zm16 0H8v2h12v-2zM4 16h2v2H4v-2zm16 0H8v2h12v-2z\" fill=\"currentColor\"><\/path><\/svg><svg style=\"fill: #999;color:#999\" class=\"arrow-unsorted-368013\" xmlns=\"http:\/\/www.w3.org\/2000\/svg\" width=\"10px\" height=\"10px\" viewBox=\"0 0 24 24\" version=\"1.2\" baseProfile=\"tiny\"><path d=\"M18.2 9.3l-6.2-6.3-6.2 6.3c-.2.2-.3.4-.3.7s.1.5.3.7c.2.2.4.3.7.3h11c.3 0 .5-.1.7-.3.2-.2.3-.5.3-.7s-.1-.5-.3-.7zM5.8 14.7l6.2 6.3 6.2-6.3c.2-.2.3-.5.3-.7s-.1-.5-.3-.7c-.2-.2-.4-.3-.7-.3h-11c-.3 0-.5.1-.7.3-.2.2-.3.5-.3.7s.1.5.3.7z\"\/><\/svg><\/span><\/span><\/label><input type=\"checkbox\"  id=\"ez-toc-cssicon-toggle-item-69f1d08d49e9a\"  aria-label=\"Alternar\" \/><nav><ul class='ez-toc-list ez-toc-list-level-1 ' ><li class='ez-toc-page-1 ez-toc-heading-level-2'><a class=\"ez-toc-link ez-toc-heading-1\" href=\"https:\/\/pedroirustamendieta.com\/es\/eventos-comunicacion-marketing-digital-transparencia\/#Principales_eventos_de_comunicacion_y_marketing_digital\" >Principales eventos de comunicaci\u00f3n y marketing digital<\/a><ul class='ez-toc-list-level-3' ><li class='ez-toc-heading-level-3'><a class=\"ez-toc-link ez-toc-heading-2\" href=\"https:\/\/pedroirustamendieta.com\/es\/eventos-comunicacion-marketing-digital-transparencia\/#Congreso_Extremeno_de_Marketing_Digital_CEMD\" >Congreso Extreme\u00f1o de Marketing Digital (CEMD)<\/a><\/li><li class='ez-toc-page-1 ez-toc-heading-level-3'><a class=\"ez-toc-link ez-toc-heading-3\" href=\"https:\/\/pedroirustamendieta.com\/es\/eventos-comunicacion-marketing-digital-transparencia\/#Digital_1to1_Spring\" >Digital 1to1 Spring\u00a0<\/a><\/li><li class='ez-toc-page-1 ez-toc-heading-level-3'><a class=\"ez-toc-link ez-toc-heading-4\" href=\"https:\/\/pedroirustamendieta.com\/es\/eventos-comunicacion-marketing-digital-transparencia\/#ENE_Digital_Meeting\" >EN@E Digital Meeting<\/a><\/li><li class='ez-toc-page-1 ez-toc-heading-level-3'><a class=\"ez-toc-link ez-toc-heading-5\" href=\"https:\/\/pedroirustamendieta.com\/es\/eventos-comunicacion-marketing-digital-transparencia\/#Mobile_World_Congress_MWC\" >Mobile World Congress (MWC)<\/a><\/li><li class='ez-toc-page-1 ez-toc-heading-level-3'><a class=\"ez-toc-link ez-toc-heading-6\" href=\"https:\/\/pedroirustamendieta.com\/es\/eventos-comunicacion-marketing-digital-transparencia\/#Congreso_ASLAN_2025\" >Congreso ASLAN 2025<\/a><\/li><li class='ez-toc-page-1 ez-toc-heading-level-3'><a class=\"ez-toc-link ez-toc-heading-7\" href=\"https:\/\/pedroirustamendieta.com\/es\/eventos-comunicacion-marketing-digital-transparencia\/#NEXT_Conversion_Madrid\" >NEXT Conversion Madrid<\/a><\/li><li class='ez-toc-page-1 ez-toc-heading-level-3'><a class=\"ez-toc-link ez-toc-heading-8\" href=\"https:\/\/pedroirustamendieta.com\/es\/eventos-comunicacion-marketing-digital-transparencia\/#XV_Congreso_Nacional_de_Innovacion_y_Servicios_Publicos_CNIS\" >XV Congreso Nacional de Innovaci\u00f3n y Servicios P\u00fablicos (CNIS)<\/a><\/li><li class='ez-toc-page-1 ez-toc-heading-level-3'><a class=\"ez-toc-link ez-toc-heading-9\" href=\"https:\/\/pedroirustamendieta.com\/es\/eventos-comunicacion-marketing-digital-transparencia\/#Retail_Forum\" >Retail F\u00f3rum<\/a><\/li><li class='ez-toc-page-1 ez-toc-heading-level-3'><a class=\"ez-toc-link ez-toc-heading-10\" href=\"https:\/\/pedroirustamendieta.com\/es\/eventos-comunicacion-marketing-digital-transparencia\/#_TRAFFFIC_Digital_Business_Congress\" >\u00a0TRAFFFIC Digital Business Congress<\/a><\/li><li class='ez-toc-page-1 ez-toc-heading-level-3'><a class=\"ez-toc-link ez-toc-heading-11\" href=\"https:\/\/pedroirustamendieta.com\/es\/eventos-comunicacion-marketing-digital-transparencia\/#Innova_Bilbao\" >Innova Bilbao<\/a><\/li><li class='ez-toc-page-1 ez-toc-heading-level-3'><a class=\"ez-toc-link ez-toc-heading-12\" href=\"https:\/\/pedroirustamendieta.com\/es\/eventos-comunicacion-marketing-digital-transparencia\/#Sherpa_Day\" >Sherpa Day<\/a><\/li><li class='ez-toc-page-1 ez-toc-heading-level-3'><a class=\"ez-toc-link ez-toc-heading-13\" href=\"https:\/\/pedroirustamendieta.com\/es\/eventos-comunicacion-marketing-digital-transparencia\/#eShow_Barcelona\" >eShow Barcelona<\/a><\/li><li class='ez-toc-page-1 ez-toc-heading-level-3'><a class=\"ez-toc-link ez-toc-heading-14\" href=\"https:\/\/pedroirustamendieta.com\/es\/eventos-comunicacion-marketing-digital-transparencia\/#NEXT_Conversion_Barcelona\" >NEXT Conversion Barcelona\u00a0<\/a><\/li><li class='ez-toc-page-1 ez-toc-heading-level-3'><a class=\"ez-toc-link ez-toc-heading-15\" href=\"https:\/\/pedroirustamendieta.com\/es\/eventos-comunicacion-marketing-digital-transparencia\/#_WAW_Marketing_Congress\" >\u00a0WAW Marketing Congress\u00a0<\/a><\/li><li class='ez-toc-page-1 ez-toc-heading-level-3'><a class=\"ez-toc-link ez-toc-heading-16\" href=\"https:\/\/pedroirustamendieta.com\/es\/eventos-comunicacion-marketing-digital-transparencia\/#Semana_de_la_Administracion_Abierta\" >Semana de la Administraci\u00f3n Abierta<\/a><\/li><li class='ez-toc-page-1 ez-toc-heading-level-3'><a class=\"ez-toc-link ez-toc-heading-17\" href=\"https:\/\/pedroirustamendieta.com\/es\/eventos-comunicacion-marketing-digital-transparencia\/#Feel_Digital_Fest\" >Feel Digital Fest\u00a0<\/a><\/li><li class='ez-toc-page-1 ez-toc-heading-level-3'><a class=\"ez-toc-link ez-toc-heading-18\" href=\"https:\/\/pedroirustamendieta.com\/es\/eventos-comunicacion-marketing-digital-transparencia\/#PRO_Marketing_Day\" >PRO Marketing Day\u00a0<\/a><\/li><li class='ez-toc-page-1 ez-toc-heading-level-3'><a class=\"ez-toc-link ez-toc-heading-19\" href=\"https:\/\/pedroirustamendieta.com\/es\/eventos-comunicacion-marketing-digital-transparencia\/#International_Social_Summit\" >International Social Summit\u00a0<\/a><\/li><li class='ez-toc-page-1 ez-toc-heading-level-3'><a class=\"ez-toc-link ez-toc-heading-20\" href=\"https:\/\/pedroirustamendieta.com\/es\/eventos-comunicacion-marketing-digital-transparencia\/#Digital_1to1_Summer\" >Digital 1to1 Summer<\/a><\/li><li class='ez-toc-page-1 ez-toc-heading-level-3'><a class=\"ez-toc-link ez-toc-heading-21\" href=\"https:\/\/pedroirustamendieta.com\/es\/eventos-comunicacion-marketing-digital-transparencia\/#eCongress_Malaga\" >eCongress M\u00e1laga<\/a><\/li><li class='ez-toc-page-1 ez-toc-heading-level-3'><a class=\"ez-toc-link ez-toc-heading-22\" href=\"https:\/\/pedroirustamendieta.com\/es\/eventos-comunicacion-marketing-digital-transparencia\/#SEOnthebeach\" >SEOnthebeach<\/a><\/li><li class='ez-toc-page-1 ez-toc-heading-level-3'><a class=\"ez-toc-link ez-toc-heading-23\" href=\"https:\/\/pedroirustamendieta.com\/es\/eventos-comunicacion-marketing-digital-transparencia\/#Marketplace_Summit\" >Marketplace Summit\u00a0<\/a><\/li><li class='ez-toc-page-1 ez-toc-heading-level-3'><a class=\"ez-toc-link ez-toc-heading-24\" href=\"https:\/\/pedroirustamendieta.com\/es\/eventos-comunicacion-marketing-digital-transparencia\/#DSM_Valencia\" >DSM Valencia<\/a><\/li><li class='ez-toc-page-1 ez-toc-heading-level-3'><a class=\"ez-toc-link ez-toc-heading-25\" href=\"https:\/\/pedroirustamendieta.com\/es\/eventos-comunicacion-marketing-digital-transparencia\/#SEO_Plus\" >SEO Plus\u00a0<\/a><\/li><li class='ez-toc-page-1 ez-toc-heading-level-3'><a class=\"ez-toc-link ez-toc-heading-26\" href=\"https:\/\/pedroirustamendieta.com\/es\/eventos-comunicacion-marketing-digital-transparencia\/#Raiola_Marketing_Congress\" >Raiola Marketing Congress<\/a><\/li><li class='ez-toc-page-1 ez-toc-heading-level-3'><a class=\"ez-toc-link ez-toc-heading-27\" href=\"https:\/\/pedroirustamendieta.com\/es\/eventos-comunicacion-marketing-digital-transparencia\/#Congreso_Internacional_de_Transparencia_y_Gobierno_Abierto\" >Congreso Internacional de Transparencia y Gobierno Abierto<\/a><\/li><li class='ez-toc-page-1 ez-toc-heading-level-3'><a class=\"ez-toc-link ez-toc-heading-28\" href=\"https:\/\/pedroirustamendieta.com\/es\/eventos-comunicacion-marketing-digital-transparencia\/#IX_Cumbre_Global_de_la_Alianza_para_el_Gobierno_Abierto\" >IX Cumbre Global de la Alianza para el Gobierno Abierto<\/a><\/li><li class='ez-toc-page-1 ez-toc-heading-level-3'><a class=\"ez-toc-link ez-toc-heading-29\" href=\"https:\/\/pedroirustamendieta.com\/es\/eventos-comunicacion-marketing-digital-transparencia\/#eCommerce_Day\" >eCommerce Day<\/a><\/li><li class='ez-toc-page-1 ez-toc-heading-level-3'><a class=\"ez-toc-link ez-toc-heading-30\" href=\"https:\/\/pedroirustamendieta.com\/es\/eventos-comunicacion-marketing-digital-transparencia\/#Digital_1to1_Winter\" >Digital 1to1 Winter<\/a><\/li><li class='ez-toc-page-1 ez-toc-heading-level-3'><a class=\"ez-toc-link ez-toc-heading-31\" href=\"https:\/\/pedroirustamendieta.com\/es\/eventos-comunicacion-marketing-digital-transparencia\/#Congreso_NovaGob\" >Congreso NovaGob<\/a><\/li><li class='ez-toc-page-1 ez-toc-heading-level-3'><a class=\"ez-toc-link ez-toc-heading-32\" href=\"https:\/\/pedroirustamendieta.com\/es\/eventos-comunicacion-marketing-digital-transparencia\/#Personal_Branding_Lab_Day\" >Personal Branding Lab Day<\/a><\/li><\/ul><\/li><li class='ez-toc-page-1 ez-toc-heading-level-2'><a class=\"ez-toc-link ez-toc-heading-33\" href=\"https:\/\/pedroirustamendieta.com\/es\/eventos-comunicacion-marketing-digital-transparencia\/#Conclusion\" >Conclusi\u00f3n\u00a0<\/a><\/li><\/ul><\/nav><\/div>\n<h2><span class=\"ez-toc-section\" id=\"Principales_eventos_de_comunicacion_y_marketing_digital\"><\/span><strong>Principales eventos de comunicaci\u00f3n y marketing digital<\/strong><span class=\"ez-toc-section-end\"><\/span><\/h2>\n<h3><span class=\"ez-toc-section\" id=\"Congreso_Extremeno_de_Marketing_Digital_CEMD\"><\/span><strong><a href=\"https:\/\/congresomarketingdigital.com\/\" target=\"_blank\" rel=\"noopener\">Congreso Extreme\u00f1o de Marketing Digital (CEMD)<\/a><\/strong><span class=\"ez-toc-section-end\"><\/span><\/h3>\n<ul data-spread=\"false\">\n<li><strong>Fecha:<\/strong> 14 de febrero de 2025<\/li>\n<li><strong>Lugar:<\/strong> Edificio Ibercaja, Badajoz<\/li>\n<li><strong>Descripci\u00f3n: <\/strong>Tal y como aseguran en su propia web, los ponentes que participan en esta edici\u00f3n destacan en su campo profesional y aportar\u00e1n, desde un punto de vista pr\u00e1ctico, su expertise para que las personas asistentes salgan con muchas ideas que aplicar desde el minuto 0.<\/li>\n<\/ul>\n<p style=\"padding-left: 40px;\">En 2023, precisamente, tuve la oportunidad de charlar en el <a href=\"https:\/\/pedroirustamendieta.com\/es\/podcast\/episodio-10-congreso-extremeno-de-marketing-digital-cemd2023-con-borja-de-lope-sanabria-y-abel-hernandez-macias\/\" target=\"_blank\" rel=\"noopener\">episodio n\u00famero 10 de mi podcast<\/a> con los responsables de este congreso: Borja de Lope y Abel Hern\u00e1ndez. Estoy seguro de que volver\u00e1 a ser todo un \u00e9xito, gracias a su labor y profesionalidad, y aprovecho estas l\u00edneas para desearles todo lo mejor.<\/p>\n<h3 class=\"block-title\"><span class=\"ez-toc-section\" id=\"Digital_1to1_Spring\"><\/span><span id=\"-Digital-1to1-Spring-27-28-de-febrero-Port-Aventura-Tarragona\"><strong><a href=\"https:\/\/digital1to1.com\/spring-3\/\" target=\"_blank\" rel=\"noreferrer noopener\">Digital 1to1 Spring<\/a>\u00a0<\/strong><\/span><span class=\"ez-toc-section-end\"><\/span><\/h3>\n<ul data-spread=\"false\">\n<li><strong>Fecha: <\/strong>27 y 28 de febrero de 2025<\/li>\n<li><strong>Lugar: <\/strong>Port Aventura (Tarragona)<\/li>\n<li><strong>Descripci\u00f3n: <\/strong>Dos d\u00edas de networking de calidad con los l\u00edderes del sector digital. M\u00e1s de 1.000 citas 1to1, m\u00e1s de 100 mesas de trabajo y m\u00e1s de 250 asistentes profesionales. Todo ello, con el objetivo de impulsar el crecimiento de los all\u00ed presentes y afrontar juntos los retos de futuro.<\/li>\n<\/ul>\n<h3><span class=\"ez-toc-section\" id=\"ENE_Digital_Meeting\"><\/span><strong><a href=\"https:\/\/www.enae.es\/congreso-marketing-digital-meeting-enae\/?_adin=0896444253\" target=\"_blank\" rel=\"noopener\">EN@E Digital Meeting<\/a><\/strong><span class=\"ez-toc-section-end\"><\/span><\/h3>\n<ul data-spread=\"false\">\n<li><strong>Fecha:<\/strong> 1 de marzo de 2025<\/li>\n<li><strong>Lugar:<\/strong> Murcia<\/li>\n<li><strong>Descripci\u00f3n:<\/strong> El mayor congreso de marketing digital de la Regi\u00f3n de Murcia reunir\u00e1 a expertos en redes sociales, comunicaci\u00f3n, SEO, publicidad digital, transformaci\u00f3n digital, branding, estrategias de conversi\u00f3n, growth hacking y mucho m\u00e1s. Adem\u00e1s de ponencias de alto nivel, se realizar\u00e1n talleres pr\u00e1cticos y actividades de networking.<\/li>\n<\/ul>\n<p style=\"padding-left: 40px;\">Participar\u00e1n profesionales de reconocido prestigio como Xavier Colom\u00e9s, Paula Garrof\u00e9, Javi L\u00e1zaro, Rosa Moreno o Manuel Mart\u00edn, entre otros.<\/p>\n<h3><span class=\"ez-toc-section\" id=\"Mobile_World_Congress_MWC\"><\/span><strong><a href=\"https:\/\/www.mwcbarcelona.com\/\" target=\"_blank\" rel=\"noopener\">Mobile World Congress (MWC)<\/a><\/strong><span class=\"ez-toc-section-end\"><\/span><\/h3>\n<ul data-spread=\"false\">\n<li><strong>Fecha:<\/strong> 3 al 6 de marzo de 2025<\/li>\n<li><strong>Lugar:<\/strong> Fira de Barcelona, Barcelona<\/li>\n<li><strong>Descripci\u00f3n:<\/strong> Este evento de referencia mundial re\u00fane a l\u00edderes tecnol\u00f3gicos, expertos en digitalizaci\u00f3n y marketing, y grandes compa\u00f1\u00edas del sector m\u00f3vil. Se presentan innovaciones en inteligencia artificial, conectividad 5G y tendencias de marketing digital.<\/li>\n<\/ul>\n<h3><span class=\"ez-toc-section\" id=\"Congreso_ASLAN_2025\"><\/span><strong><a href=\"https:\/\/aslan.es\/congreso\/?utm_source=chatgpt.com\">Congre<\/a><\/strong><strong><a href=\"https:\/\/aslan.es\/congreso\/?utm_source=chatgpt.com\" target=\"_blank\" rel=\"noopener\">so ASLAN 2025<\/a><\/strong><span class=\"ez-toc-section-end\"><\/span><\/h3>\n<ul data-spread=\"false\">\n<li><strong>Fecha:<\/strong> 18 al 20 de marzo de 2025<\/li>\n<li><strong>Lugar:<\/strong> Palacio de Congresos IFEMA, Madrid<\/li>\n<li><strong>Descripci\u00f3n:<\/strong> Dirigido a profesionales de la transformaci\u00f3n digital y la ciberseguridad, el Congreso ASLAN re\u00fane a expertos para analizar el impacto de la IA, el Big Data y la automatizaci\u00f3n en la comunicaci\u00f3n y el marketing.<\/li>\n<\/ul>\n<h3><span class=\"ez-toc-section\" id=\"NEXT_Conversion_Madrid\"><\/span><strong><a href=\"https:\/\/marketing4ecommerce.net\/next\/conversion-madrid\/\" target=\"_blank\" rel=\"noopener\">NEXT Conversion Madrid<\/a><\/strong><span class=\"ez-toc-section-end\"><\/span><\/h3>\n<ul data-spread=\"false\">\n<li><strong>Fecha:<\/strong> 20 de marzo de 2025<\/li>\n<li><strong>Lugar:<\/strong> Madrid<\/li>\n<li><strong>Descripci\u00f3n:<\/strong> Congreso especializado en optimizaci\u00f3n de la conversi\u00f3n, fidelizaci\u00f3n y pagos online. Un encuentro clave para especialistas en e-commerce y estrategia digital.<\/li>\n<\/ul>\n<h3><span class=\"ez-toc-section\" id=\"XV_Congreso_Nacional_de_Innovacion_y_Servicios_Publicos_CNIS\"><\/span><strong><a href=\"https:\/\/www.cnis.es\/\" target=\"_blank\" rel=\"noopener\">XV Congreso Nacional de Innovaci\u00f3n y Servicios P\u00fablicos (CNIS)<\/a><\/strong><span class=\"ez-toc-section-end\"><\/span><\/h3>\n<ul data-spread=\"false\">\n<li><strong>Fecha:<\/strong> 27 y 28 de marzo de 2025<\/li>\n<li><strong>Lugar:<\/strong> La Nave, Madrid<\/li>\n<li><strong>Descripci\u00f3n:<\/strong> Considerado el evento de referencia en el sector p\u00fablico, el CNIS re\u00fane a administraciones y expertos en innovaci\u00f3n para abordar estrategias de digitalizaci\u00f3n, comunicaci\u00f3n institucional y servicio p\u00fablico digital.<\/li>\n<\/ul>\n<p style=\"padding-left: 40px;\">A finales de 2022, en el <a href=\"https:\/\/pedroirustamendieta.com\/es\/podcast\/episodio-5-02-12-2022-congreso-cnis-2022-con-miguel-angel-de-bas-sotelo-actualidad-y-agenda-3\/\" target=\"_blank\" rel=\"noopener\">episodio 5 del podcast \u00abComunicar desde lo p\u00fablico\u00bb<\/a>, tuve la oportunidad de charlar con Miguel \u00c1ngel de Bas, organizador de este congreso y Director de Club de Innovaci\u00f3n y Fundador del Club de Innovadores P\u00fablicos.<\/p>\n<h3><span class=\"ez-toc-section\" id=\"Retail_Forum\"><\/span><strong><a href=\"https:\/\/www.retailforum.es\/\" target=\"_blank\" rel=\"noopener\">Retail F\u00f3rum<\/a><\/strong><span class=\"ez-toc-section-end\"><\/span><\/h3>\n<ul data-spread=\"false\">\n<li><strong>Fecha:<\/strong> 27 de marzo de 2025<\/li>\n<li><strong>Lugar:<\/strong> Madrid<\/li>\n<li><strong>Descripci\u00f3n:<\/strong> Este evento re\u00fane a las principales marcas y empresas del sector retail para debatir sobre transformaci\u00f3n digital, e-commerce y nuevas estrategias de marketing en la era digital.<\/li>\n<\/ul>\n<h3><span class=\"ez-toc-section\" id=\"_TRAFFFIC_Digital_Business_Congress\"><\/span><strong><a href=\"https:\/\/trafffic.pro\/\" target=\"_blank\" rel=\"noopener\">\u00a0TRAFFFIC Digital Business Congress<\/a><\/strong><span class=\"ez-toc-section-end\"><\/span><\/h3>\n<ul data-spread=\"false\">\n<li><strong>Fecha:<\/strong> 27, 28 y 29 de marzo de 2025<\/li>\n<li><strong>Lugar:<\/strong> Girona<\/li>\n<li><strong>Descripci\u00f3n:<\/strong> Este congreso especializado en negocio digital y conversi\u00f3n re\u00fane a expertos en marketing online, CRO y estrategias de crecimiento digital, proporcionando un enfoque pr\u00e1ctico y orientado a resultados.<\/li>\n<\/ul>\n<h3><span class=\"ez-toc-section\" id=\"Innova_Bilbao\"><\/span><strong><a href=\"https:\/\/www.innova-bilbao.com\/\" target=\"_blank\" rel=\"noopener\">Innova Bilbao<\/a><\/strong><span class=\"ez-toc-section-end\"><\/span><\/h3>\n<ul data-spread=\"false\">\n<li><strong>Fecha:<\/strong> 28 y 29 de marzo de 2025<\/li>\n<li><strong>Lugar:<\/strong> Museo Guggenheim, Bilbao<\/li>\n<li><strong>Descripci\u00f3n:<\/strong> Un congreso multidisciplinar que explora la creatividad empresarial, la comunicaci\u00f3n, el marketing digital y las tendencias en innovaci\u00f3n tecnol\u00f3gica. Ideal para emprendedores y profesionales del sector digital.<\/li>\n<\/ul>\n<h3><span class=\"ez-toc-section\" id=\"Sherpa_Day\"><\/span><strong><a href=\"https:\/\/sherpaday.com\/\" target=\"_blank\" rel=\"noopener\">Sherpa Day<\/a><\/strong><span class=\"ez-toc-section-end\"><\/span><\/h3>\n<ul data-spread=\"false\">\n<li><strong>Fecha:<\/strong> 29 de marzo de 2025<\/li>\n<li><strong>Lugar:<\/strong> Madrid<\/li>\n<li><strong>Descripci\u00f3n:<\/strong> Organizado por la <strong>Escuela Sherpa Campus<\/strong>, liderada por<strong>\u00a0Leti Grij\u00f3<\/strong>, se trata de un evento consolidado dentro del marketing digital que ofrece m\u00e1s de 15 charlas pr\u00e1cticas con destacados expertos del sector y oportunidades exclusivas de networking. Este a\u00f1o cumple ya su 3\u00ba edici\u00f3n.<\/li>\n<\/ul>\n<h3><span class=\"ez-toc-section\" id=\"eShow_Barcelona\"><\/span><strong><a href=\"https:\/\/eshow.es\/barcelona\/?_gl=1*zn98iy*_up*MQ..*_gs*MQ..&amp;gclid=EAIaIQobChMIsqHLuOy5iwMV7aaDBx3u2jHdEAAYASAAEgJcyvD_BwE\" target=\"_blank\" rel=\"noopener\">eShow Barcelona<\/a><\/strong><span class=\"ez-toc-section-end\"><\/span><\/h3>\n<ul data-spread=\"false\">\n<li><strong>Fecha:<\/strong> 9 y 10 de abril de 2025<\/li>\n<li><strong>Lugar:<\/strong> Barcelona<\/li>\n<li><strong>Descripci\u00f3n:<\/strong> Evento l\u00edder en comercio electr\u00f3nico y marketing digital que re\u00fane a empresas y proveedores de soluciones tecnol\u00f3gicas, destacando las \u00faltimas innovaciones en eCommerce y publicidad online.<\/li>\n<\/ul>\n<h3 class=\"wp-block-heading has-medium-font-size\"><span class=\"ez-toc-section\" id=\"NEXT_Conversion_Barcelona\"><\/span><span id=\"-NEXT-Conversion-Barcelona-8-de-mayo-Barcelona\"><strong><a href=\"https:\/\/marketing4ecommerce.net\/next\/conversion-bcn\/\" target=\"_blank\" rel=\"noreferrer noopener\">NEXT Conversion Barcelona<\/a>\u00a0<\/strong><\/span><span class=\"ez-toc-section-end\"><\/span><\/h3>\n<ul data-spread=\"false\">\n<li><strong>Fecha:<\/strong> 8 de mayo de 2025<\/li>\n<li><strong>Lugar:<\/strong> Barcelona<\/li>\n<li><strong>Descripci\u00f3n: <\/strong>La cuarta edici\u00f3n de NEXT CONVERSION vuelve a Barcelona como una de las fechas destacadas del sector del marketing online y comercio electr\u00f3nico en Espa\u00f1a.<\/li>\n<\/ul>\n<p style=\"padding-left: 40px;\">En esta ocasi\u00f3n, buscar\u00e1 aportar enfoques realistas y propuestas de valor a los retos a los que se enfrenta el sector digital, todo ello en un ambiente pensado para favorecer el networking entre los asistentes.<\/p>\n<h3 class=\"wp-block-heading has-medium-font-size\"><span class=\"ez-toc-section\" id=\"_WAW_Marketing_Congress\"><\/span><span id=\"-WAW-Marketing-Congress-10-de-mayo-Zaragoza\"><strong>\u00a0<a href=\"https:\/\/wawcongress.com\/\" target=\"_blank\" rel=\"noreferrer noopener\">WAW Marketing Congress<\/a>\u00a0<\/strong><\/span><span class=\"ez-toc-section-end\"><\/span><\/h3>\n<ul data-spread=\"false\">\n<li><strong>Fecha:<\/strong> 10 de mayo de 2025<\/li>\n<li><strong>Lugar:<\/strong> Zaragoza<\/li>\n<li><strong>Descripci\u00f3n: <\/strong>Dirigido a profesionales y t\u00e9cnicos, directores y responsables, empresarios y CEOs y estudiantes, el <span class=\"negrita-rosa\">WAW Marketing Congress<\/span> es un evento que reunir\u00e1 a los expertos y especialistas de marketing digital en una jornada en la que se hablar\u00e1 de las tendencias presentes y futuras del marketing digital.<\/li>\n<\/ul>\n<h3 class=\"title\"><span class=\"ez-toc-section\" id=\"Semana_de_la_Administracion_Abierta\"><\/span><strong><a href=\"https:\/\/transparencia.gob.es\/transparencia\/transparencia_Home\/index\/Gobierno-abierto\/sensibilizacion-formacion\/SemanaAA.html?utm_source=chatgpt.com\" target=\"_blank\" rel=\"noopener\">Semana de la Administraci\u00f3n Abierta<\/a><\/strong><span class=\"ez-toc-section-end\"><\/span><\/h3>\n<ul data-spread=\"false\">\n<li><strong>Fecha:<\/strong> del 19 al 25 de mayo de 2025<\/li>\n<li><strong>Lugar:<\/strong> distintas instituciones locales y nacionales del Estado<\/li>\n<li><strong>Descripci\u00f3n: e<\/strong>sta iniciativa, promovida por la Alianza para el Gobierno Abierto, busca acercar las administraciones p\u00fablicas a la ciudadan\u00eda mediante actividades que fomentan la transparencia, la rendici\u00f3n de cuentas y la participaci\u00f3n ciudadana. Durante esta semana, se organizan jornadas de puertas abiertas, talleres, seminarios y mesas redondas en diversas instituciones p\u00fablicas a nivel nacional y local.<\/li>\n<\/ul>\n<h3 class=\"wp-block-heading has-medium-font-size\"><span class=\"ez-toc-section\" id=\"Feel_Digital_Fest\"><\/span><span id=\"-Feel-Digital-Fest-21-de-mayo-Burgos\"><strong><a href=\"https:\/\/feeldigitalfest.com\/\" target=\"_blank\" rel=\"noreferrer noopener\">Feel Digital Fest<\/a>\u00a0<\/strong><\/span><span id=\"-WAW-Marketing-Congress-10-de-mayo-Zaragoza\"><\/span><span class=\"ez-toc-section-end\"><\/span><\/h3>\n<ul data-spread=\"false\">\n<li><strong>Fecha:<\/strong> 29 de mayo de 2025<\/li>\n<li><strong>Lugar:<\/strong> Burgos<\/li>\n<li><strong>Descripci\u00f3n: <\/strong>Un evento sobre marketing digital imprescindible. \u00abEl ecommerce desde el punto de vista de las redes sociales\u00bb fue el tema abordado en la pasada edici\u00f3n.<\/li>\n<\/ul>\n<h3 class=\"wp-block-heading has-medium-font-size\"><span class=\"ez-toc-section\" id=\"PRO_Marketing_Day\"><\/span><span id=\"-PRO-Marketing-Day-Fecha-pendiente-de-confirmar-Madrid\"><strong><a href=\"https:\/\/promarketingday.com\/\" target=\"_blank\" rel=\"noreferrer noopener\">PRO Marketing Day<\/a>\u00a0<\/strong><\/span><span class=\"ez-toc-section-end\"><\/span><\/h3>\n<ul data-spread=\"false\">\n<li><strong>Fecha:<\/strong> mayo de 2025 (fecha por confirmar)<\/li>\n<li><strong>Lugar:<\/strong> Madrid<\/li>\n<li><strong>Descripci\u00f3n: <\/strong>un evento de referencia dentro del sector del marketing digital en el que se espera congregar a m\u00e1s de 600 personas y en el que participar\u00e1n 23 ponentes y 7 agencias.<\/li>\n<\/ul>\n<h3 class=\"wp-block-heading has-medium-font-size\"><span class=\"ez-toc-section\" id=\"International_Social_Summit\"><\/span><span id=\"-International-Social-Summit-12-de-junio-Barcelona\"><strong><a href=\"https:\/\/webcertain.com\/international-social-summit\/\" target=\"_blank\" rel=\"noreferrer noopener\">International Social Summit<\/a>\u00a0<\/strong><\/span><span class=\"ez-toc-section-end\"><\/span><\/h3>\n<ul data-spread=\"false\">\n<li><strong>Fecha:<\/strong> 12 de junio<\/li>\n<li><strong>Lugar:<\/strong> Barcelona (World Trade Center)<\/li>\n<li><strong>Descripci\u00f3n: <\/strong>La Cumbre Social Internacional es un evento dirigido a administradores globales de redes sociales y gerentes de marketing digital.<\/li>\n<\/ul>\n<h3><span class=\"ez-toc-section\" id=\"Digital_1to1_Summer\"><\/span><strong><a href=\"https:\/\/digital1to1.com\/summer-2\/\" target=\"_blank\" rel=\"noopener\">Digital 1to1 Summer<\/a><\/strong><span class=\"ez-toc-section-end\"><\/span><\/h3>\n<ul data-spread=\"false\">\n<li><strong>Fecha:<\/strong> 18 y 19 de junio de 2025<\/li>\n<li><strong>Lugar:<\/strong> Alicante<\/li>\n<li><strong>Descripci\u00f3n: <\/strong>Evento exclusivo de networking para directivos y profesionales del sector digital, con reuniones one-to-one, mesas redondas y ponencias especializadas.<\/li>\n<\/ul>\n<h3><span class=\"ez-toc-section\" id=\"eCongress_Malaga\"><\/span><strong><a href=\"https:\/\/www.econgressmalaga.es\/\" target=\"_blank\" rel=\"noopener\">eCongress M\u00e1laga<\/a><\/strong><span class=\"ez-toc-section-end\"><\/span><\/h3>\n<ul data-spread=\"false\">\n<li><strong>Fecha:<\/strong> 20 de junio de 2025<\/li>\n<li><strong>Lugar:<\/strong> Palacio de Ferias y Congresos de M\u00e1laga<\/li>\n<li><strong>Descripci\u00f3n:<\/strong> Uno de los eventos m\u00e1s importantes del sur de Europa en marketing digital y comercio electr\u00f3nico, con conferencias, talleres y un \u00e1rea de networking para profesionales y empresas del sector.<\/li>\n<\/ul>\n<p style=\"padding-left: 40px;\">Tal y como aseguran en su p\u00e1gina web, en la \u00faltima edici\u00f3n de eCongress M\u00e1laga, obtuvieron m\u00e1s de 24 millones de impactos en X y m\u00e1s de 2,7 K de posts en un solo d\u00eda.<\/p>\n<h3><span class=\"ez-toc-section\" id=\"SEOnthebeach\"><\/span><strong><a href=\"https:\/\/seonthebeach.es\/\" target=\"_blank\" rel=\"noopener\">SEOnthebeach<\/a><\/strong><span class=\"ez-toc-section-end\"><\/span><\/h3>\n<ul data-spread=\"false\">\n<li><strong>Fecha:<\/strong> Junio de 2025 (fecha por confirmar)<\/li>\n<li><strong>Lugar:<\/strong> La Manga del Mar Menor, Murcia<\/li>\n<li><strong>Descripci\u00f3n:<\/strong> Un evento diferente que combina charlas de marketing digital y SEO con un ambiente relajado en la playa. Ideal para conectar con profesionales de una forma m\u00e1s distendida y amena.<\/li>\n<\/ul>\n<h3><span class=\"ez-toc-section\" id=\"Marketplace_Summit\"><\/span><span id=\"-Marketplace-Summit-Fecha-pendiente-de-confirmar-Madrid\"><strong><a href=\"https:\/\/marketplacesummit.es\/\" target=\"_blank\" rel=\"noreferrer noopener\">Marketplace Summit<\/a>\u00a0<\/strong><\/span><span class=\"ez-toc-section-end\"><\/span><\/h3>\n<ul data-spread=\"false\">\n<li><strong>Fecha:<\/strong> Junio de 2025 (fecha por confirmar)<\/li>\n<li><strong>Lugar:<\/strong> Madrid<\/li>\n<li><strong>Descripci\u00f3n: <\/strong>Se trata de uno de los mayores eventos sobre ecommerce y marketplaces en Espa\u00f1a.<\/li>\n<\/ul>\n<h3><span class=\"ez-toc-section\" id=\"DSM_Valencia\"><\/span><strong><a href=\"https:\/\/digitalsocialmarketing.es\/\" target=\"_blank\" rel=\"noopener\">DSM Valencia<\/a><\/strong><span class=\"ez-toc-section-end\"><\/span><\/h3>\n<ul data-spread=\"false\">\n<li><strong>Fecha:<\/strong> 28 de junio de 2025<\/li>\n<li><strong>Lugar:<\/strong> Kin\u00e9polis Valencia<\/li>\n<li><strong>Descripci\u00f3n: <\/strong>La Escuela de Marketing and Web de Valencia organiza anualmente eventos y formaciones especializadas en marketing digital, comunicaci\u00f3n y marca personal.<\/li>\n<\/ul>\n<p style=\"padding-left: 40px;\">El DSM Madrid fue el \u00faltimo evento que organiz\u00f3 la Escuela de Miguel Florido el 26 de octubre de 2024.<\/p>\n<p style=\"padding-left: 40px;\">Y, en junio de 2024, el emblem\u00e1tico Oceanogr\u00e0fic de Valencia acogi\u00f3 el DSM Valencia, que reuni\u00f3 a m\u00e1s de 500 profesionales del marketing digital y cont\u00f3 con la participaci\u00f3n de reconocidos expertos del sector.<\/p>\n<p style=\"padding-left: 40px;\">La cuenta atr\u00e1s para uno de los\u00a0<strong>mayores eventos de formaci\u00f3n y networking<\/strong> para negocios y profesionales digitales de Espa\u00f1a ya ha arrancado.<\/p>\n<h3 class=\"wp-block-heading has-medium-font-size\"><span class=\"ez-toc-section\" id=\"SEO_Plus\"><\/span><span id=\"-SEO-Plus-Fecha-pendiente-de-confirmar-Alicante\"><strong><a href=\"https:\/\/seoplus.tv\/\" target=\"_blank\" rel=\"noreferrer noopener\">SEO Plus<\/a>\u00a0<\/strong><\/span><span class=\"ez-toc-section-end\"><\/span><\/h3>\n<ul data-spread=\"false\">\n<li><strong>Fecha:<\/strong> 25 de julio de 2025<\/li>\n<li><strong>Lugar:<\/strong> Alicante<\/li>\n<li><strong>Descripci\u00f3n: <\/strong>sus organizadores lo califican como \u00abel evento de SEO Profesional m\u00e1s grande de Espa\u00f1a\u00bb.<\/li>\n<\/ul>\n<h3 class=\"wp-block-heading has-medium-font-size\"><span class=\"ez-toc-section\" id=\"Raiola_Marketing_Congress\"><\/span><span id=\"-Raiola-Marketing-Congress-27-de-septiembre-A-Coruna\"><strong><a href=\"https:\/\/raiolanetworks.com\/rmcgalicia\/\" target=\"_blank\" rel=\"noreferrer noopener\">Raiola Marketing Congress<\/a><\/strong><\/span><span class=\"ez-toc-section-end\"><\/span><\/h3>\n<ul data-spread=\"false\">\n<li><strong>Fecha:<\/strong> 27 de septiembre de 2025<\/li>\n<li><strong>Lugar:<\/strong> A Coru\u00f1a<\/li>\n<li><strong>Descripci\u00f3n<\/strong>: RMC Galicia es mucho m\u00e1s que un evento de marketing; es el evento donde el equipo de Raiola deja todo su cari\u00f1o para traernos a los mejores del sector hasta Coru\u00f1a.<\/li>\n<\/ul>\n<h3><span class=\"ez-toc-section\" id=\"Congreso_Internacional_de_Transparencia_y_Gobierno_Abierto\"><\/span><a href=\"https:\/\/www.ci-transparencia.com\/?utm_source=chatgpt.com\" target=\"_blank\" rel=\"noopener\"><strong data-start=\"3\" data-end=\"65\">Congreso Internacional de Transparencia y Gobierno Abierto<\/strong><\/a><span class=\"ez-toc-section-end\"><\/span><\/h3>\n<ul data-spread=\"false\">\n<li><strong>Fecha:<\/strong> septiembre de 2025 (fecha sin confirmar)<\/li>\n<li><strong>Lugar:<\/strong> lugar sin confirmar<\/li>\n<li><strong>Descripci\u00f3n<\/strong>: es un evento anual que re\u00fane a acad\u00e9micos, funcionarios, periodistas, activistas y personas interesadas en promover una democracia avanzada, donde la transparencia p\u00fablica es esencial. La IX edici\u00f3n se celebr\u00f3 del 25 al 27 de septiembre de 2024 en la Facultad de Derecho de la Universidad de Le\u00f3n.<\/li>\n<\/ul>\n<p style=\"padding-left: 40px;\" data-start=\"411\" data-end=\"722\">Aunque las fechas para la X edici\u00f3n en 2025 a\u00fan no se han anunciado oficialmente, tradicionalmente este congreso se celebra a finales de septiembre, coincidiendo con el D\u00eda Internacional del Derecho a Saber el 28 de septiembre. Es probable que la pr\u00f3xima edici\u00f3n tenga lugar en fechas similares en 2025.<\/p>\n<p style=\"padding-left: 40px;\" data-start=\"411\" data-end=\"722\">Para obtener informaci\u00f3n actualizada sobre las fechas y el lugar de celebraci\u00f3n del congreso en 2025, te recomiendo visitar peri\u00f3dicamente el <a href=\"https:\/\/www.ci-transparencia.com\/?utm_source=chatgpt.com\">sitio web oficial del Congreso Internacional de Transparencia y Gobierno Abierto.<\/a><\/p>\n<h3><span class=\"ez-toc-section\" id=\"IX_Cumbre_Global_de_la_Alianza_para_el_Gobierno_Abierto\"><\/span><strong><a href=\"https:\/\/transparencia.gob.es\/transparencia\/transparencia_Home\/index\/Gobierno-abierto\/Cumbre-OGP-2025.html?utm_source=chatgpt.com\" target=\"_blank\" rel=\"noopener\">IX Cumbre Global de la Alianza para el Gobierno Abierto<\/a><\/strong><span class=\"ez-toc-section-end\"><\/span><\/h3>\n<ul data-spread=\"false\">\n<li><strong>Fecha:<\/strong> del 7 al 9 de octubre de 2025<\/li>\n<li><strong>Lugar:<\/strong> Vitoria-Gasteiz<\/li>\n<li><strong>Descripci\u00f3n<\/strong>: La capital vasca ser\u00e1 anfitriona de la novena edici\u00f3n de esta cumbre global, que reunir\u00e1 a m\u00e1s de 2.000 expertos y l\u00edderes mundiales en materia de gobierno abierto. El evento servir\u00e1 para compartir experiencias, debatir pol\u00edticas y fortalecer la posici\u00f3n de Espa\u00f1a en transparencia y participaci\u00f3n ciudadana.<\/li>\n<\/ul>\n<h3 class=\"wp-block-heading has-medium-font-size\"><span class=\"ez-toc-section\" id=\"eCommerce_Day\"><\/span><span id=\"-eCommerce-Day-17-18-de-octubre-Pontevedra\"><strong><a href=\"https:\/\/clusterecommercegalego.gal\/\" target=\"_blank\" rel=\"noreferrer noopener\">eCommerce Day<\/a><\/strong><\/span><span class=\"ez-toc-section-end\"><\/span><\/h3>\n<ul data-spread=\"false\">\n<li><strong>Fecha:<\/strong> 17 y 18 de octubre de 2025<\/li>\n<li><strong>Lugar:<\/strong> Pontevedra<\/li>\n<li><strong>Descripci\u00f3n<\/strong>: Ecommerce Day es la jornada de referencia del comercio y marketing digital en el Noroeste de Espa\u00f1a: desde Pontevedra para el mundo. El evento est\u00e1 enfocado para\u00a0directivos y profesionales del sector del eCommerce y el marketing digital.<\/li>\n<\/ul>\n<h3 class=\"wp-block-heading has-medium-font-size\"><span class=\"ez-toc-section\" id=\"Digital_1to1_Winter\"><\/span><span id=\"-Digital-1to1-Winter-23-24-de-octubre-Alicante\"><strong><a href=\"https:\/\/digital1to1.com\/winter-2\/\" target=\"_blank\" rel=\"noreferrer noopener\">Digital 1to1 Winter<\/a><\/strong><\/span><span class=\"ez-toc-section-end\"><\/span><\/h3>\n<ul data-spread=\"false\">\n<li><strong>Fecha:<\/strong> 23 y 24 de octubre de 2025<\/li>\n<li><strong>Lugar:<\/strong> Alicante<\/li>\n<li><strong>Descripci\u00f3n<\/strong>: Digital 1to1 Winter es un formato de evento totalmente diferente. El objetivo de sus organizadores es conectar a los altos ejecutivos de las empresas con proveedores de soluciones digitales, facilitando las relaciones personales entre ambos.<\/li>\n<\/ul>\n<h3><span class=\"ez-toc-section\" id=\"Congreso_NovaGob\"><\/span><strong><a href=\"https:\/\/www.congreso.novagob.org\/\" target=\"_blank\" rel=\"noopener\">Congreso NovaGob<\/a><\/strong><span class=\"ez-toc-section-end\"><\/span><\/h3>\n<ul data-spread=\"false\">\n<li><strong>Fecha:<\/strong> 27 y 28 de octubre de 2025<\/li>\n<li><strong>Lugar:<\/strong> World Trade Center, Barcelona<\/li>\n<li><strong>Descripci\u00f3n:<\/strong> Referente en innovaci\u00f3n p\u00fablica, este congreso alcanza este a\u00f1o su und\u00e9cima edici\u00f3n y reunir\u00e1 a expertos en administraci\u00f3n digital, comunicaci\u00f3n institucional y transformaci\u00f3n en el sector p\u00fablico.<\/li>\n<\/ul>\n<h3><span class=\"ez-toc-section\" id=\"Personal_Branding_Lab_Day\"><\/span><strong><a href=\"https:\/\/personalbrandinglabday.com\/\" target=\"_blank\" rel=\"noopener\">Personal Branding Lab Day<\/a><\/strong><span class=\"ez-toc-section-end\"><\/span><\/h3>\n<ul data-spread=\"false\">\n<li><strong>Fecha:<\/strong> noviembre de 2025 (fecha sin confirmar)<\/li>\n<li><strong>Lugar:<\/strong> Barcelona<\/li>\n<li><strong>Descripci\u00f3n: <\/strong>el Congreso de Personal Branding m\u00e1s influyente del mundo celebr\u00f3 en noviembre de 2024 su 10\u00ba edici\u00f3n con profesionales de renombre en el \u00e1rea de la Marca Personal para compartir conocimientos, tendencias y estrategias que potencian la identidad profesional en el entorno digital y offline.<\/li>\n<\/ul>\n<p style=\"padding-left: 40px;\">Un evento imprescindible si est\u00e1s interesado en la tem\u00e1tica.<\/p>\n<div>\n<hr \/>\n<\/div>\n<h2><span class=\"ez-toc-section\" id=\"Conclusion\"><\/span><strong>Conclusi\u00f3n\u00a0<\/strong><span class=\"ez-toc-section-end\"><\/span><\/h2>\n<p>Como has visto, 2025 viene cargado de eventos muy interesantes para profesionales del marketing digital y la comunicaci\u00f3n.<\/p>\n<p>Tanto si buscas mejorar tus conocimientos, hacer networking con otros expertos del sector, descubrir nuevas herramientas o estar al d\u00eda con las tendencias digitales, estos congresos y jornadas son el lugar ideal para ello.<\/p>\n<p>\u00bfA qu\u00e9 evento te gustar\u00eda asistir? \u00bfHas participado en alguno de estos en ediciones anteriores?<\/p>\n<p><strong>Cu\u00e9ntame tu experiencia en los comentarios y comparte este art\u00edculo con aquellas personas que puedan estar interesadas.<\/strong><\/p>\n","protected":false},"excerpt":{"rendered":"<p>561viewsEn un mundo cada vez m\u00e1s digitalizado y en constante evoluci\u00f3n, mantenerse actualizado con las \u00faltimas tendencias en comunicaci\u00f3n y marketing digital es clave para cualquier profesional o empresa que quiera destacar en su sector. Los eventos y congresos especializados no solo ofrecen la posibilidad de acceder a contenido de valor de la mano de &#8230; <a title=\"Eventos de comunicaci\u00f3n, marketing digital y transparencia [2025]\" class=\"read-more\" href=\"https:\/\/pedroirustamendieta.com\/es\/eventos-comunicacion-marketing-digital-transparencia\/\" aria-label=\"M\u00e1s en Eventos de comunicaci\u00f3n, marketing digital y transparencia [2025]\">Leer m\u00e1s<\/a><\/p>\n","protected":false},"author":2,"featured_media":3048,"comment_status":"open","ping_status":"open","sticky":false,"template":"","format":"standard","meta":{"episode_type":"audio","audio_file":"","podmotor_file_id":"","podmotor_episode_id":"","cover_image":"","cover_image_id":"","duration":"","filesize":"","filesize_raw":"","date_recorded":"","explicit":"","block":"","footnotes":""},"categories":[26],"tags":[40,158,159,42,43],"series":[],"class_list":["post-3036","post","type-post","status-publish","format-standard","has-post-thumbnail","hentry","category-comunicacion","tag-comunicacion","tag-eventos","tag-jornadas","tag-marketing-digital","tag-transparencia","generate-columns","tablet-grid-50","mobile-grid-100","grid-parent","grid-50"],"episode_featured_image":"https:\/\/pedroirustamendieta.com\/wp-content\/uploads\/2025\/02\/EVENTOS-Y-JORNADAS-.jpg","episode_player_image":"https:\/\/pedroirustamendieta.com\/wp-content\/uploads\/2022\/11\/33654374-1667930359655-60bf102db51fd-scaled.jpg","download_link":"","player_link":"","audio_player":false,"episode_data":{"playerMode":"light","subscribeUrls":{"anchor":{"key":"anchor","url":"https:\/\/anchor.fm\/comunicardesdelopublico","label":"Anchor","class":"anchor","icon":"anchor.png"},"apple_podcasts":{"key":"apple_podcasts","url":"https:\/\/podcasts.apple.com\/es\/podcast\/comunicar-desde-lo-p%C3%BAblico\/id1653681642","label":"Apple Podcasts","class":"apple_podcasts","icon":"apple-podcasts.png"},"google_podcasts":{"key":"google_podcasts","url":"https:\/\/podcasts.google.com\/feed\/aHR0cHM6Ly9hbmNob3IuZm0vcy9jOTMxMTY1OC9wb2RjYXN0L3Jzcw","label":"Google Podcasts","class":"google_podcasts","icon":"google-podcasts.png"},"spotify":{"key":"spotify","url":"https:\/\/open.spotify.com\/show\/1X7dc6ZTSESAnUUuHRat7J","label":"Spotify","class":"spotify","icon":"spotify.png"},"spreaker":{"key":"spreaker","url":"https:\/\/www.spreaker.com\/show\/comunicar-desde-lo-publico","label":"Spreaker","class":"spreaker","icon":"spreaker.png"},"stitcher":{"key":"stitcher","url":"","label":"Stitcher","class":"stitcher","icon":"stitcher.png"},"ivoox":{"key":"ivoox","url":"https:\/\/www.ivoox.com\/podcast-comunicar-desde-lo-publico_sq_f11717056_1.html","label":"iVoox","class":"ivoox","icon":"ivoox.png"}},"rssFeedUrl":"https:\/\/pedroirustamendieta.com\/es\/feed\/podcast\/default-podcast","embedCode":"<blockquote class=\"wp-embedded-content\" data-secret=\"TM1jy7W2fl\"><a href=\"https:\/\/pedroirustamendieta.com\/es\/eventos-comunicacion-marketing-digital-transparencia\/\">Eventos de comunicaci\u00f3n, marketing digital y transparencia [2025]<\/a><\/blockquote><iframe sandbox=\"allow-scripts\" security=\"restricted\" src=\"https:\/\/pedroirustamendieta.com\/es\/eventos-comunicacion-marketing-digital-transparencia\/embed\/#?secret=TM1jy7W2fl\" width=\"500\" height=\"350\" title=\"\u00abEventos de comunicaci\u00f3n, marketing digital y transparencia [2025]\u00bb \u2014 Pedro Irusta Mendieta: Comunicaci\u00f3n p\u00fablica\" data-secret=\"TM1jy7W2fl\" frameborder=\"0\" marginwidth=\"0\" marginheight=\"0\" scrolling=\"no\" class=\"wp-embedded-content\"><\/iframe><script>\n\/*! This file is auto-generated *\/\n!function(d,l){\"use strict\";l.querySelector&&d.addEventListener&&\"undefined\"!=typeof URL&&(d.wp=d.wp||{},d.wp.receiveEmbedMessage||(d.wp.receiveEmbedMessage=function(e){var t=e.data;if((t||t.secret||t.message||t.value)&&!\/[^a-zA-Z0-9]\/.test(t.secret)){for(var s,r,n,a=l.querySelectorAll('iframe[data-secret=\"'+t.secret+'\"]'),o=l.querySelectorAll('blockquote[data-secret=\"'+t.secret+'\"]'),c=new RegExp(\"^https?:$\",\"i\"),i=0;i<o.length;i++)o[i].style.display=\"none\";for(i=0;i<a.length;i++)s=a[i],e.source===s.contentWindow&&(s.removeAttribute(\"style\"),\"height\"===t.message?(1e3<(r=parseInt(t.value,10))?r=1e3:~~r<200&&(r=200),s.height=r):\"link\"===t.message&&(r=new URL(s.getAttribute(\"src\")),n=new URL(t.value),c.test(n.protocol))&&n.host===r.host&&l.activeElement===s&&(d.top.location.href=t.value))}},d.addEventListener(\"message\",d.wp.receiveEmbedMessage,!1),l.addEventListener(\"DOMContentLoaded\",function(){for(var e,t,s=l.querySelectorAll(\"iframe.wp-embedded-content\"),r=0;r<s.length;r++)(t=(e=s[r]).getAttribute(\"data-secret\"))||(t=Math.random().toString(36).substring(2,12),e.src+=\"#?secret=\"+t,e.setAttribute(\"data-secret\",t)),e.contentWindow.postMessage({message:\"ready\",secret:t},\"*\")},!1)))}(window,document);\n\/\/# sourceURL=https:\/\/pedroirustamendieta.com\/wp-includes\/js\/wp-embed.min.js\n<\/script>\n"},"yoast_head":"<!-- This site is optimized with the Yoast SEO plugin v27.3 - https:\/\/yoast.com\/product\/yoast-seo-wordpress\/ -->\n<title>Eventos de comunicaci\u00f3n, marketing digital y transparencia [2025] - Pedro Irusta Mendieta: Comunicaci\u00f3n p\u00fablica<\/title>\n<meta name=\"robots\" content=\"index, follow, max-snippet:-1, max-image-preview:large, max-video-preview:-1\" \/>\n<link rel=\"canonical\" href=\"https:\/\/pedroirustamendieta.com\/es\/eventos-comunicacion-marketing-digital-transparencia\/\" \/>\n<meta property=\"og:locale\" content=\"es_ES\" \/>\n<meta property=\"og:type\" content=\"article\" \/>\n<meta property=\"og:title\" content=\"Eventos de comunicaci\u00f3n, marketing digital y transparencia [2025] - Pedro Irusta Mendieta: Comunicaci\u00f3n p\u00fablica\" \/>\n<meta property=\"og:description\" content=\"561viewsEn un mundo cada vez m\u00e1s digitalizado y en constante evoluci\u00f3n, mantenerse actualizado con las \u00faltimas tendencias en comunicaci\u00f3n y marketing digital es clave para cualquier profesional o empresa que quiera destacar en su sector. Los eventos y congresos especializados no solo ofrecen la posibilidad de acceder a contenido de valor de la mano de ... Leer m\u00e1s\" \/>\n<meta property=\"og:url\" content=\"https:\/\/pedroirustamendieta.com\/es\/eventos-comunicacion-marketing-digital-transparencia\/\" \/>\n<meta property=\"og:site_name\" content=\"Pedro Irusta Mendieta: Comunicaci\u00f3n p\u00fablica\" \/>\n<meta property=\"article:published_time\" content=\"2025-02-11T20:07:03+00:00\" \/>\n<meta property=\"article:modified_time\" content=\"2025-02-27T07:50:37+00:00\" \/>\n<meta property=\"og:image\" content=\"https:\/\/pedroirustamendieta.com\/wp-content\/uploads\/2025\/02\/EVENTOS-Y-JORNADAS-.jpg\" \/>\n\t<meta property=\"og:image:width\" content=\"1920\" \/>\n\t<meta property=\"og:image:height\" content=\"1080\" \/>\n\t<meta property=\"og:image:type\" content=\"image\/jpeg\" \/>\n<meta name=\"author\" content=\"Pedro Irusta Mendieta\" \/>\n<meta name=\"twitter:card\" content=\"summary_large_image\" \/>\n<meta name=\"twitter:creator\" content=\"@Pedro__Irusta\" \/>\n<meta name=\"twitter:site\" content=\"@Pedro__Irusta\" \/>\n<meta name=\"twitter:label1\" content=\"Escrito por\" \/>\n\t<meta name=\"twitter:data1\" content=\"Pedro Irusta Mendieta\" \/>\n\t<meta name=\"twitter:label2\" content=\"Tiempo de lectura\" \/>\n\t<meta name=\"twitter:data2\" content=\"10 minutos\" \/>\n<script type=\"application\/ld+json\" class=\"yoast-schema-graph\">{\"@context\":\"https:\\\/\\\/schema.org\",\"@graph\":[{\"@type\":\"Article\",\"@id\":\"https:\\\/\\\/pedroirustamendieta.com\\\/es\\\/eventos-comunicacion-marketing-digital-transparencia\\\/#article\",\"isPartOf\":{\"@id\":\"https:\\\/\\\/pedroirustamendieta.com\\\/es\\\/eventos-comunicacion-marketing-digital-transparencia\\\/\"},\"author\":{\"name\":\"Pedro Irusta Mendieta\",\"@id\":\"https:\\\/\\\/pedroirustamendieta.com\\\/es\\\/#\\\/schema\\\/person\\\/b5123b985a77b0db9e354a1134eb3087\"},\"headline\":\"Eventos de comunicaci\u00f3n, marketing digital y transparencia [2025]\",\"datePublished\":\"2025-02-11T20:07:03+00:00\",\"dateModified\":\"2025-02-27T07:50:37+00:00\",\"mainEntityOfPage\":{\"@id\":\"https:\\\/\\\/pedroirustamendieta.com\\\/es\\\/eventos-comunicacion-marketing-digital-transparencia\\\/\"},\"wordCount\":2235,\"commentCount\":0,\"publisher\":{\"@id\":\"https:\\\/\\\/pedroirustamendieta.com\\\/es\\\/#\\\/schema\\\/person\\\/b5123b985a77b0db9e354a1134eb3087\"},\"image\":{\"@id\":\"https:\\\/\\\/pedroirustamendieta.com\\\/es\\\/eventos-comunicacion-marketing-digital-transparencia\\\/#primaryimage\"},\"thumbnailUrl\":\"https:\\\/\\\/pedroirustamendieta.com\\\/wp-content\\\/uploads\\\/2025\\\/02\\\/EVENTOS-Y-JORNADAS-.jpg\",\"keywords\":[\"comunicaci\u00f3n\",\"eventos\",\"jornadas\",\"marketing digital\",\"transparencia\"],\"articleSection\":[\"Comunicaci\u00f3n\"],\"inLanguage\":\"es\",\"potentialAction\":[{\"@type\":\"CommentAction\",\"name\":\"Comment\",\"target\":[\"https:\\\/\\\/pedroirustamendieta.com\\\/es\\\/eventos-comunicacion-marketing-digital-transparencia\\\/#respond\"]}]},{\"@type\":\"WebPage\",\"@id\":\"https:\\\/\\\/pedroirustamendieta.com\\\/es\\\/eventos-comunicacion-marketing-digital-transparencia\\\/\",\"url\":\"https:\\\/\\\/pedroirustamendieta.com\\\/es\\\/eventos-comunicacion-marketing-digital-transparencia\\\/\",\"name\":\"Eventos de comunicaci\u00f3n, marketing digital y transparencia [2025] - Pedro Irusta Mendieta: Comunicaci\u00f3n p\u00fablica\",\"isPartOf\":{\"@id\":\"https:\\\/\\\/pedroirustamendieta.com\\\/es\\\/#website\"},\"primaryImageOfPage\":{\"@id\":\"https:\\\/\\\/pedroirustamendieta.com\\\/es\\\/eventos-comunicacion-marketing-digital-transparencia\\\/#primaryimage\"},\"image\":{\"@id\":\"https:\\\/\\\/pedroirustamendieta.com\\\/es\\\/eventos-comunicacion-marketing-digital-transparencia\\\/#primaryimage\"},\"thumbnailUrl\":\"https:\\\/\\\/pedroirustamendieta.com\\\/wp-content\\\/uploads\\\/2025\\\/02\\\/EVENTOS-Y-JORNADAS-.jpg\",\"datePublished\":\"2025-02-11T20:07:03+00:00\",\"dateModified\":\"2025-02-27T07:50:37+00:00\",\"breadcrumb\":{\"@id\":\"https:\\\/\\\/pedroirustamendieta.com\\\/es\\\/eventos-comunicacion-marketing-digital-transparencia\\\/#breadcrumb\"},\"inLanguage\":\"es\",\"potentialAction\":[{\"@type\":\"ReadAction\",\"target\":[\"https:\\\/\\\/pedroirustamendieta.com\\\/es\\\/eventos-comunicacion-marketing-digital-transparencia\\\/\"]}]},{\"@type\":\"ImageObject\",\"inLanguage\":\"es\",\"@id\":\"https:\\\/\\\/pedroirustamendieta.com\\\/es\\\/eventos-comunicacion-marketing-digital-transparencia\\\/#primaryimage\",\"url\":\"https:\\\/\\\/pedroirustamendieta.com\\\/wp-content\\\/uploads\\\/2025\\\/02\\\/EVENTOS-Y-JORNADAS-.jpg\",\"contentUrl\":\"https:\\\/\\\/pedroirustamendieta.com\\\/wp-content\\\/uploads\\\/2025\\\/02\\\/EVENTOS-Y-JORNADAS-.jpg\",\"width\":1920,\"height\":1080},{\"@type\":\"BreadcrumbList\",\"@id\":\"https:\\\/\\\/pedroirustamendieta.com\\\/es\\\/eventos-comunicacion-marketing-digital-transparencia\\\/#breadcrumb\",\"itemListElement\":[{\"@type\":\"ListItem\",\"position\":1,\"name\":\"Portada\",\"item\":\"https:\\\/\\\/pedroirustamendieta.com\\\/es\\\/\"},{\"@type\":\"ListItem\",\"position\":2,\"name\":\"Eventos de comunicaci\u00f3n, marketing digital y transparencia [2025]\"}]},{\"@type\":\"WebSite\",\"@id\":\"https:\\\/\\\/pedroirustamendieta.com\\\/es\\\/#website\",\"url\":\"https:\\\/\\\/pedroirustamendieta.com\\\/es\\\/\",\"name\":\"Pedro Irusta Mendieta: Comunicaci\u00f3n y Transparencia en las administraciones p\u00fablicas\",\"description\":\"Blog de Comunicaci\u00f3n y administraciones p\u00fablicas\",\"publisher\":{\"@id\":\"https:\\\/\\\/pedroirustamendieta.com\\\/es\\\/#\\\/schema\\\/person\\\/b5123b985a77b0db9e354a1134eb3087\"},\"potentialAction\":[{\"@type\":\"SearchAction\",\"target\":{\"@type\":\"EntryPoint\",\"urlTemplate\":\"https:\\\/\\\/pedroirustamendieta.com\\\/es\\\/?s={search_term_string}\"},\"query-input\":{\"@type\":\"PropertyValueSpecification\",\"valueRequired\":true,\"valueName\":\"search_term_string\"}}],\"inLanguage\":\"es\"},{\"@type\":[\"Person\",\"Organization\"],\"@id\":\"https:\\\/\\\/pedroirustamendieta.com\\\/es\\\/#\\\/schema\\\/person\\\/b5123b985a77b0db9e354a1134eb3087\",\"name\":\"Pedro Irusta Mendieta\",\"image\":{\"@type\":\"ImageObject\",\"inLanguage\":\"es\",\"@id\":\"https:\\\/\\\/pedroirustamendieta.com\\\/wp-content\\\/uploads\\\/2019\\\/02\\\/pedro-irusta-mendieta.png\",\"url\":\"https:\\\/\\\/pedroirustamendieta.com\\\/wp-content\\\/uploads\\\/2019\\\/02\\\/pedro-irusta-mendieta.png\",\"contentUrl\":\"https:\\\/\\\/pedroirustamendieta.com\\\/wp-content\\\/uploads\\\/2019\\\/02\\\/pedro-irusta-mendieta.png\",\"width\":375,\"height\":53,\"caption\":\"Pedro Irusta Mendieta\"},\"logo\":{\"@id\":\"https:\\\/\\\/pedroirustamendieta.com\\\/wp-content\\\/uploads\\\/2019\\\/02\\\/pedro-irusta-mendieta.png\"},\"description\":\"Periodista y funcionario local, especializado en comunicaci\u00f3n institucional.\",\"sameAs\":[\"https:\\\/\\\/pedroirustamendieta.com\\\/\",\"https:\\\/\\\/www.instagram.com\\\/pedroirustamendieta\",\"https:\\\/\\\/x.com\\\/Pedro__Irusta\"]}]}<\/script>\n<!-- \/ Yoast SEO plugin. -->","yoast_head_json":{"title":"Eventos de comunicaci\u00f3n, marketing digital y transparencia [2025] - Pedro Irusta Mendieta: Comunicaci\u00f3n p\u00fablica","robots":{"index":"index","follow":"follow","max-snippet":"max-snippet:-1","max-image-preview":"max-image-preview:large","max-video-preview":"max-video-preview:-1"},"canonical":"https:\/\/pedroirustamendieta.com\/es\/eventos-comunicacion-marketing-digital-transparencia\/","og_locale":"es_ES","og_type":"article","og_title":"Eventos de comunicaci\u00f3n, marketing digital y transparencia [2025] - Pedro Irusta Mendieta: Comunicaci\u00f3n p\u00fablica","og_description":"561viewsEn un mundo cada vez m\u00e1s digitalizado y en constante evoluci\u00f3n, mantenerse actualizado con las \u00faltimas tendencias en comunicaci\u00f3n y marketing digital es clave para cualquier profesional o empresa que quiera destacar en su sector. Los eventos y congresos especializados no solo ofrecen la posibilidad de acceder a contenido de valor de la mano de ... Leer m\u00e1s","og_url":"https:\/\/pedroirustamendieta.com\/es\/eventos-comunicacion-marketing-digital-transparencia\/","og_site_name":"Pedro Irusta Mendieta: Comunicaci\u00f3n p\u00fablica","article_published_time":"2025-02-11T20:07:03+00:00","article_modified_time":"2025-02-27T07:50:37+00:00","og_image":[{"width":1920,"height":1080,"url":"https:\/\/pedroirustamendieta.com\/wp-content\/uploads\/2025\/02\/EVENTOS-Y-JORNADAS-.jpg","type":"image\/jpeg"}],"author":"Pedro Irusta Mendieta","twitter_card":"summary_large_image","twitter_creator":"@Pedro__Irusta","twitter_site":"@Pedro__Irusta","twitter_misc":{"Escrito por":"Pedro Irusta Mendieta","Tiempo de lectura":"10 minutos"},"schema":{"@context":"https:\/\/schema.org","@graph":[{"@type":"Article","@id":"https:\/\/pedroirustamendieta.com\/es\/eventos-comunicacion-marketing-digital-transparencia\/#article","isPartOf":{"@id":"https:\/\/pedroirustamendieta.com\/es\/eventos-comunicacion-marketing-digital-transparencia\/"},"author":{"name":"Pedro Irusta Mendieta","@id":"https:\/\/pedroirustamendieta.com\/es\/#\/schema\/person\/b5123b985a77b0db9e354a1134eb3087"},"headline":"Eventos de comunicaci\u00f3n, marketing digital y transparencia [2025]","datePublished":"2025-02-11T20:07:03+00:00","dateModified":"2025-02-27T07:50:37+00:00","mainEntityOfPage":{"@id":"https:\/\/pedroirustamendieta.com\/es\/eventos-comunicacion-marketing-digital-transparencia\/"},"wordCount":2235,"commentCount":0,"publisher":{"@id":"https:\/\/pedroirustamendieta.com\/es\/#\/schema\/person\/b5123b985a77b0db9e354a1134eb3087"},"image":{"@id":"https:\/\/pedroirustamendieta.com\/es\/eventos-comunicacion-marketing-digital-transparencia\/#primaryimage"},"thumbnailUrl":"https:\/\/pedroirustamendieta.com\/wp-content\/uploads\/2025\/02\/EVENTOS-Y-JORNADAS-.jpg","keywords":["comunicaci\u00f3n","eventos","jornadas","marketing digital","transparencia"],"articleSection":["Comunicaci\u00f3n"],"inLanguage":"es","potentialAction":[{"@type":"CommentAction","name":"Comment","target":["https:\/\/pedroirustamendieta.com\/es\/eventos-comunicacion-marketing-digital-transparencia\/#respond"]}]},{"@type":"WebPage","@id":"https:\/\/pedroirustamendieta.com\/es\/eventos-comunicacion-marketing-digital-transparencia\/","url":"https:\/\/pedroirustamendieta.com\/es\/eventos-comunicacion-marketing-digital-transparencia\/","name":"Eventos de comunicaci\u00f3n, marketing digital y transparencia [2025] - Pedro Irusta Mendieta: Comunicaci\u00f3n p\u00fablica","isPartOf":{"@id":"https:\/\/pedroirustamendieta.com\/es\/#website"},"primaryImageOfPage":{"@id":"https:\/\/pedroirustamendieta.com\/es\/eventos-comunicacion-marketing-digital-transparencia\/#primaryimage"},"image":{"@id":"https:\/\/pedroirustamendieta.com\/es\/eventos-comunicacion-marketing-digital-transparencia\/#primaryimage"},"thumbnailUrl":"https:\/\/pedroirustamendieta.com\/wp-content\/uploads\/2025\/02\/EVENTOS-Y-JORNADAS-.jpg","datePublished":"2025-02-11T20:07:03+00:00","dateModified":"2025-02-27T07:50:37+00:00","breadcrumb":{"@id":"https:\/\/pedroirustamendieta.com\/es\/eventos-comunicacion-marketing-digital-transparencia\/#breadcrumb"},"inLanguage":"es","potentialAction":[{"@type":"ReadAction","target":["https:\/\/pedroirustamendieta.com\/es\/eventos-comunicacion-marketing-digital-transparencia\/"]}]},{"@type":"ImageObject","inLanguage":"es","@id":"https:\/\/pedroirustamendieta.com\/es\/eventos-comunicacion-marketing-digital-transparencia\/#primaryimage","url":"https:\/\/pedroirustamendieta.com\/wp-content\/uploads\/2025\/02\/EVENTOS-Y-JORNADAS-.jpg","contentUrl":"https:\/\/pedroirustamendieta.com\/wp-content\/uploads\/2025\/02\/EVENTOS-Y-JORNADAS-.jpg","width":1920,"height":1080},{"@type":"BreadcrumbList","@id":"https:\/\/pedroirustamendieta.com\/es\/eventos-comunicacion-marketing-digital-transparencia\/#breadcrumb","itemListElement":[{"@type":"ListItem","position":1,"name":"Portada","item":"https:\/\/pedroirustamendieta.com\/es\/"},{"@type":"ListItem","position":2,"name":"Eventos de comunicaci\u00f3n, marketing digital y transparencia [2025]"}]},{"@type":"WebSite","@id":"https:\/\/pedroirustamendieta.com\/es\/#website","url":"https:\/\/pedroirustamendieta.com\/es\/","name":"Pedro Irusta Mendieta: Comunicaci\u00f3n y Transparencia en las administraciones p\u00fablicas","description":"Blog de Comunicaci\u00f3n y administraciones p\u00fablicas","publisher":{"@id":"https:\/\/pedroirustamendieta.com\/es\/#\/schema\/person\/b5123b985a77b0db9e354a1134eb3087"},"potentialAction":[{"@type":"SearchAction","target":{"@type":"EntryPoint","urlTemplate":"https:\/\/pedroirustamendieta.com\/es\/?s={search_term_string}"},"query-input":{"@type":"PropertyValueSpecification","valueRequired":true,"valueName":"search_term_string"}}],"inLanguage":"es"},{"@type":["Person","Organization"],"@id":"https:\/\/pedroirustamendieta.com\/es\/#\/schema\/person\/b5123b985a77b0db9e354a1134eb3087","name":"Pedro Irusta Mendieta","image":{"@type":"ImageObject","inLanguage":"es","@id":"https:\/\/pedroirustamendieta.com\/wp-content\/uploads\/2019\/02\/pedro-irusta-mendieta.png","url":"https:\/\/pedroirustamendieta.com\/wp-content\/uploads\/2019\/02\/pedro-irusta-mendieta.png","contentUrl":"https:\/\/pedroirustamendieta.com\/wp-content\/uploads\/2019\/02\/pedro-irusta-mendieta.png","width":375,"height":53,"caption":"Pedro Irusta Mendieta"},"logo":{"@id":"https:\/\/pedroirustamendieta.com\/wp-content\/uploads\/2019\/02\/pedro-irusta-mendieta.png"},"description":"Periodista y funcionario local, especializado en comunicaci\u00f3n institucional.","sameAs":["https:\/\/pedroirustamendieta.com\/","https:\/\/www.instagram.com\/pedroirustamendieta","https:\/\/x.com\/Pedro__Irusta"]}]}},"_links":{"self":[{"href":"https:\/\/pedroirustamendieta.com\/es\/wp-json\/wp\/v2\/posts\/3036","targetHints":{"allow":["GET"]}}],"collection":[{"href":"https:\/\/pedroirustamendieta.com\/es\/wp-json\/wp\/v2\/posts"}],"about":[{"href":"https:\/\/pedroirustamendieta.com\/es\/wp-json\/wp\/v2\/types\/post"}],"author":[{"embeddable":true,"href":"https:\/\/pedroirustamendieta.com\/es\/wp-json\/wp\/v2\/users\/2"}],"replies":[{"embeddable":true,"href":"https:\/\/pedroirustamendieta.com\/es\/wp-json\/wp\/v2\/comments?post=3036"}],"version-history":[{"count":10,"href":"https:\/\/pedroirustamendieta.com\/es\/wp-json\/wp\/v2\/posts\/3036\/revisions"}],"predecessor-version":[{"id":3115,"href":"https:\/\/pedroirustamendieta.com\/es\/wp-json\/wp\/v2\/posts\/3036\/revisions\/3115"}],"wp:featuredmedia":[{"embeddable":true,"href":"https:\/\/pedroirustamendieta.com\/es\/wp-json\/wp\/v2\/media\/3048"}],"wp:attachment":[{"href":"https:\/\/pedroirustamendieta.com\/es\/wp-json\/wp\/v2\/media?parent=3036"}],"wp:term":[{"taxonomy":"category","embeddable":true,"href":"https:\/\/pedroirustamendieta.com\/es\/wp-json\/wp\/v2\/categories?post=3036"},{"taxonomy":"post_tag","embeddable":true,"href":"https:\/\/pedroirustamendieta.com\/es\/wp-json\/wp\/v2\/tags?post=3036"},{"taxonomy":"series","embeddable":true,"href":"https:\/\/pedroirustamendieta.com\/es\/wp-json\/wp\/v2\/series?post=3036"}],"curies":[{"name":"wp","href":"https:\/\/api.w.org\/{rel}","templated":true}]}}