{"id":2086,"date":"2021-12-03T23:53:07","date_gmt":"2021-12-03T22:53:07","guid":{"rendered":"https:\/\/pedroirustamendieta.com\/?p=2086"},"modified":"2021-12-14T20:16:45","modified_gmt":"2021-12-14T19:16:45","slug":"jornada-comunicacion-transparencia-administraciones-publicas-video","status":"publish","type":"post","link":"https:\/\/pedroirustamendieta.com\/es\/jornada-comunicacion-transparencia-administraciones-publicas-video\/","title":{"rendered":"Jornada de Comunicaci\u00f3n y Transparencia en las administraciones p\u00fablicas [+ V\u00eddeo del evento]"},"content":{"rendered":"<div class='yzp-views yzp-style2 yzp-level-2 '><span class='yzp-icon yzp-icon-level-2'  title='735'><\/span><span class=\"yzp-icon-view\" title=\"735\">735<\/span><span class=\"yzp-icon-text\" title=\"735\">views<\/span><\/div>\n\n<div class=\"kk-star-ratings kksr-auto kksr-align-left kksr-valign-top\"\n    data-payload='{&quot;align&quot;:&quot;left&quot;,&quot;id&quot;:&quot;2086&quot;,&quot;slug&quot;:&quot;default&quot;,&quot;valign&quot;:&quot;top&quot;,&quot;ignore&quot;:&quot;&quot;,&quot;reference&quot;:&quot;auto&quot;,&quot;class&quot;:&quot;&quot;,&quot;count&quot;:&quot;0&quot;,&quot;legendonly&quot;:&quot;&quot;,&quot;readonly&quot;:&quot;&quot;,&quot;score&quot;:&quot;0&quot;,&quot;starsonly&quot;:&quot;&quot;,&quot;best&quot;:&quot;5&quot;,&quot;gap&quot;:&quot;5&quot;,&quot;greet&quot;:&quot;Rate this post&quot;,&quot;legend&quot;:&quot;0\\\/5 - (0 votos)&quot;,&quot;size&quot;:&quot;24&quot;,&quot;title&quot;:&quot;Jornada de Comunicaci\u00f3n y Transparencia en las administraciones p\u00fablicas [+ V\u00eddeo del evento]&quot;,&quot;width&quot;:&quot;0&quot;,&quot;_legend&quot;:&quot;{score}\\\/{best} - ({count} {votes})&quot;,&quot;font_factor&quot;:&quot;1.25&quot;}'>\n            \n<div class=\"kksr-stars\">\n    \n<div class=\"kksr-stars-inactive\">\n            <div class=\"kksr-star\" data-star=\"1\" style=\"padding-right: 5px\">\n            \n\n<div class=\"kksr-icon\" style=\"width: 24px; height: 24px;\"><\/div>\n        <\/div>\n            <div class=\"kksr-star\" data-star=\"2\" style=\"padding-right: 5px\">\n            \n\n<div class=\"kksr-icon\" style=\"width: 24px; height: 24px;\"><\/div>\n        <\/div>\n            <div class=\"kksr-star\" data-star=\"3\" style=\"padding-right: 5px\">\n            \n\n<div class=\"kksr-icon\" style=\"width: 24px; height: 24px;\"><\/div>\n        <\/div>\n            <div class=\"kksr-star\" data-star=\"4\" style=\"padding-right: 5px\">\n            \n\n<div class=\"kksr-icon\" style=\"width: 24px; height: 24px;\"><\/div>\n        <\/div>\n            <div class=\"kksr-star\" data-star=\"5\" style=\"padding-right: 5px\">\n            \n\n<div class=\"kksr-icon\" style=\"width: 24px; height: 24px;\"><\/div>\n        <\/div>\n    <\/div>\n    \n<div class=\"kksr-stars-active\" style=\"width: 0px;\">\n            <div class=\"kksr-star\" style=\"padding-right: 5px\">\n            \n\n<div class=\"kksr-icon\" style=\"width: 24px; height: 24px;\"><\/div>\n        <\/div>\n            <div class=\"kksr-star\" style=\"padding-right: 5px\">\n            \n\n<div class=\"kksr-icon\" style=\"width: 24px; height: 24px;\"><\/div>\n        <\/div>\n            <div class=\"kksr-star\" style=\"padding-right: 5px\">\n            \n\n<div class=\"kksr-icon\" style=\"width: 24px; height: 24px;\"><\/div>\n        <\/div>\n            <div class=\"kksr-star\" style=\"padding-right: 5px\">\n            \n\n<div class=\"kksr-icon\" style=\"width: 24px; height: 24px;\"><\/div>\n        <\/div>\n            <div class=\"kksr-star\" style=\"padding-right: 5px\">\n            \n\n<div class=\"kksr-icon\" style=\"width: 24px; height: 24px;\"><\/div>\n        <\/div>\n    <\/div>\n<\/div>\n                \n\n<div class=\"kksr-legend\" style=\"font-size: 19.2px;\">\n            <span class=\"kksr-muted\">Rate this post<\/span>\n    <\/div>\n    <\/div>\n<p>El Teatro Coliseo de Eibar acogi\u00f3 el 2 de diciembre de 2021 la <strong>\u201c<\/strong><a href=\"https:\/\/www.eibar.eus\/es\/ayuntamiento\/jornada-de-comunicacion-y-transparencia-en-las-administraciones-publicas\" target=\"_blank\" rel=\"noopener\"><strong>Jornada de Comunicaci\u00f3n y Transparencia en las administraciones p\u00fablicas<\/strong><\/a><strong>\u201d, <\/strong>organizada por el Ayuntamiento de Eibar (Gipuzkoa).<\/p>\n<p>Un evento pionero en la esfera p\u00fablica vasca, que congreg\u00f3 a numerosas personas y no dej\u00f3 indiferente a nadie, debido a la gran calidad de sus ponencias y cuestiones abordadas durante todo el d\u00eda.<\/p>\n<p>La Jornada estuvo dirigida a profesionales de la comunicaci\u00f3n del sector p\u00fablico y personal de las administraciones p\u00fablicas, en general, as\u00ed como a expertos\/as y profesores\/as en comunicaci\u00f3n institucional, alumnos\/as de grados de comunicaci\u00f3n o periodismo, e incluso a medios de comunicaci\u00f3n interesados en la materia.<\/p>\n<p>El <strong>evento<\/strong>, que se emiti\u00f3 <a href=\"https:\/\/www.youtube.com\/watch?v=sc3VzPoV_60\" target=\"_blank\" rel=\"noopener\"><strong>v\u00eda streaming en el canal de YouTube del Ayuntamiento de Eibar<\/strong> <\/a>y logr\u00f3 ser tendencia en Twitter, bajo el hashtag <strong>#EibarKomunika<\/strong>, pretendi\u00f3 visibilizar y dar a conocer la labor de las administraciones p\u00fablicas en materia de comunicaci\u00f3n y transparencia, y aportar soluciones de mejora para todo tipo de organizaciones p\u00fablicas.<\/p>\n<p>En total, se impartieron siete conferencias, en horario de ma\u00f1ana (09:30-13:30), y se realizaron dos mesas redondas, por la tarde (16:00-17:30),\u00a0sobre cuestiones de comunicaci\u00f3n institucional y transparencia municipal, de la mano de distintos\/as expertos\/as en la materia.<\/p>\n<p>Los temas tratados en la jornada fueron la\u00a0<strong>comunicaci\u00f3n interna y externa, la comunicaci\u00f3n pol\u00edtica e institucional, las redes sociales, los datos abiertos, el lenguaje administrativo claro y la transparencia municipal<\/strong>.<\/p>\n<hr \/>\n<p><strong>Tambi\u00e9n te puede interesar:<\/strong><\/p>\n<p><a href=\"https:\/\/pedroirustamendieta.com\/es\/plan-de-comunicacion-que-es-y-como-elaborarlo-en-10-pasos\/\">Plan de comunicaci\u00f3n: qu\u00e9 es y c\u00f3mo elaborarlo en 10 pasos<\/a><\/p>\n<p><a href=\"https:\/\/pedroirustamendieta.com\/es\/transparencia-administraciones-publicas\/\">La transparencia en las administraciones p\u00fablicas: qu\u00e9 es y c\u00f3mo crear y gestionar un Portal de Transparencia [+ Casos de \u00e9xito y Consejos]<\/a><\/p>\n<hr \/>\n<div id=\"ez-toc-container\" class=\"ez-toc-v2_0_82_2 counter-hierarchy ez-toc-counter ez-toc-white ez-toc-container-direction\">\n<p class=\"ez-toc-title\" style=\"cursor:inherit\">Tabla de contenidos<\/p>\n<label for=\"ez-toc-cssicon-toggle-item-69f1c238a618b\" class=\"ez-toc-cssicon-toggle-label\"><span class=\"\"><span class=\"eztoc-hide\" style=\"display:none;\">Toggle<\/span><span class=\"ez-toc-icon-toggle-span\"><svg style=\"fill: #999;color:#999\" xmlns=\"http:\/\/www.w3.org\/2000\/svg\" class=\"list-377408\" width=\"20px\" height=\"20px\" viewBox=\"0 0 24 24\" fill=\"none\"><path d=\"M6 6H4v2h2V6zm14 0H8v2h12V6zM4 11h2v2H4v-2zm16 0H8v2h12v-2zM4 16h2v2H4v-2zm16 0H8v2h12v-2z\" fill=\"currentColor\"><\/path><\/svg><svg style=\"fill: #999;color:#999\" class=\"arrow-unsorted-368013\" xmlns=\"http:\/\/www.w3.org\/2000\/svg\" width=\"10px\" height=\"10px\" viewBox=\"0 0 24 24\" version=\"1.2\" baseProfile=\"tiny\"><path d=\"M18.2 9.3l-6.2-6.3-6.2 6.3c-.2.2-.3.4-.3.7s.1.5.3.7c.2.2.4.3.7.3h11c.3 0 .5-.1.7-.3.2-.2.3-.5.3-.7s-.1-.5-.3-.7zM5.8 14.7l6.2 6.3 6.2-6.3c.2-.2.3-.5.3-.7s-.1-.5-.3-.7c-.2-.2-.4-.3-.7-.3h-11c-.3 0-.5.1-.7.3-.2.2-.3.5-.3.7s.1.5.3.7z\"\/><\/svg><\/span><\/span><\/label><input type=\"checkbox\"  id=\"ez-toc-cssicon-toggle-item-69f1c238a618b\"  aria-label=\"Alternar\" \/><nav><ul class='ez-toc-list ez-toc-list-level-1 ' ><li class='ez-toc-page-1 ez-toc-heading-level-2'><a class=\"ez-toc-link ez-toc-heading-1\" href=\"https:\/\/pedroirustamendieta.com\/es\/jornada-comunicacion-transparencia-administraciones-publicas-video\/#7_ponencias_de_la_mano_de_distintos_expertosas\" >7 ponencias, de la mano de distintos expertos\/as<\/a><\/li><li class='ez-toc-page-1 ez-toc-heading-level-2'><a class=\"ez-toc-link ez-toc-heading-2\" href=\"https:\/\/pedroirustamendieta.com\/es\/jornada-comunicacion-transparencia-administraciones-publicas-video\/#Dos_mesas_redondas\" >Dos mesas redondas<\/a><\/li><li class='ez-toc-page-1 ez-toc-heading-level-2'><a class=\"ez-toc-link ez-toc-heading-3\" href=\"https:\/\/pedroirustamendieta.com\/es\/jornada-comunicacion-transparencia-administraciones-publicas-video\/#Video_del_evento\" >V\u00eddeo del evento<\/a><\/li><\/ul><\/nav><\/div>\n<h2><span class=\"ez-toc-section\" id=\"7_ponencias_de_la_mano_de_distintos_expertosas\"><\/span><strong>7 ponencias, de la mano de distintos expertos\/as<\/strong><span class=\"ez-toc-section-end\"><\/span><\/h2>\n<p>Por el escenario del Coliseo desfilaron, en horario de ma\u00f1ana, profesionales de la talla de <strong>Cristina Juesas, Nagore Garc\u00eda, Nagore de los R\u00edos, Xabier Amatria, Amalia L\u00f3pez, Rafael Camacho y Alberto Ort\u00edz de Z\u00e1rate<\/strong>.<\/p>\n<p>Todos\/as ellos\/as lograron aportar gran valor y mostrar las \u00faltimas tendencias del \u00e1mbito de la comunicaci\u00f3n y la transparencia, por medio de charlas te\u00f3rico-pr\u00e1cticas que despertaron el inter\u00e9s de las personas asistentes.<\/p>\n<p>Inauguraba la Jornada <strong>Cristina Juesas<\/strong> resaltando la <strong>falta de confianza entre ciudadanos\/as e instituciones<\/strong>, y haciendo especial hincapi\u00e9 en la necesidad de generar \u201cm\u00e1s empat\u00eda, m\u00e1s di\u00e1logo de verdad, m\u00e1s llamar a las cosas por su nombre, sin eufemismos, y m\u00e1s visiones de futuro compartidas desde la transparencia\u201d.<\/p>\n<p>En relaci\u00f3n a la <strong>comunicaci\u00f3n interna<\/strong>, <strong>Nagore Garc\u00eda<\/strong> apuntaba que \u00e9sta \u201cno es solamente una tarea que ata\u00f1e a las personas que trabajan en comunicaci\u00f3n, sino que engloba a todos\/as los\/as miembros\/as que componen una determinada organizaci\u00f3n.\u201d.<\/p>\n<p>Asimismo, Garc\u00eda aseguraba que el principal problema no est\u00e1 relacionado tanto con los recursos de los que se puedan disponer, sino m\u00e1s bien con la \u201cmentalidad de los\/as miembros\u201d de cualquier administraci\u00f3n.<\/p>\n<p>La consultora de comunicaci\u00f3n y estrategia digital indicaba, finalmente, que \u201cel principal reto es poner a las personas en el centro de la estrategia\u201d.<\/p>\n<p><strong>En clave de comunicaci\u00f3n externa, Nagore de los R\u00edos<\/strong> aportaba diversas ideas para mejorar las estrategias a poner en marcha desde una administraci\u00f3n, y destacaba, entre otras cuestiones, \u00abla necesidad de mostrarse ante la ciudadan\u00eda con naturalidad\u00bb en cualquier comparecencia p\u00fablica.<\/p>\n<p>Mensaje este \u00faltimo que iba ligado, principalmente, a los\/as mandatarios p\u00fablicos\/as, de todo tipo de organizaciones p\u00fablicas.<\/p>\n<p>Por su parte, el experto <strong>Xabier Amatria<\/strong> lanz\u00f3 numerosas recomendaciones para utilizar un <strong>lenguaje administrativo claro<\/strong> desde las instituciones, con el fin de que pueda resultar sencillo y comprensible para toda la ciudadan\u00eda.<\/p>\n<p>La especialista en comunicaci\u00f3n digital en las administraciones p\u00fablicas, <strong>Amalia L\u00f3pez<\/strong>, aport\u00f3 numerosas <strong>claves para gestionar las redes sociales con profesionalidad y eficacia<\/strong>, y resalt\u00f3 tres aspectos para su consecuci\u00f3n: la creaci\u00f3n de departamentos de comunicaci\u00f3n, la gesti\u00f3n de redes sociales por profesionales en la materia y el dise\u00f1o de planes y estrategias de comunicaci\u00f3n efectivas.<\/p>\n<p>L\u00f3pez Acera conclu\u00eda su ponencia apuntando que \u201clas administraciones p\u00fablicas deben estar donde est\u00e9n los\/as ciudadanos\/as\u201d.<\/p>\n<p>La pen\u00faltima de las charlas corr\u00eda a cargo de <strong>Rafael Camacho,<\/strong> experto en Transparencia y Buen Gobierno, para deleitarnos con los principales r<strong>etos de las administraciones p\u00fablicas para comunicar de manera m\u00e1s transparente<\/strong>.<\/p>\n<p>El programa de la ma\u00f1ana finalizaba con la conferencia de <strong>Alberto Ortiz de Z\u00e1rate<\/strong> para adentrarnos en el apasionante mundo de los <strong>datos abiertos, su evoluci\u00f3n y l\u00edneas de futuro.<\/strong><\/p>\n<h2><span class=\"ez-toc-section\" id=\"Dos_mesas_redondas\"><\/span><strong>Dos mesas redondas<\/strong><span class=\"ez-toc-section-end\"><\/span><\/h2>\n<p>En horario tarde, tuvimos la oportunidad de ahondar entre las <strong>principales diferencias entre la comunicaci\u00f3n de servicio p\u00fablico o comunicaci\u00f3n institucional y la comunicaci\u00f3n de car\u00e1cter pol\u00edtico<\/strong>.<\/p>\n<p>Adem\u00e1s, pudimos conocer <strong>dos ejemplos de buenas pr\u00e1cticas en materia de transparencia municipal<\/strong>, de la mano de los responsables t\u00e9cnicos de los ayuntamientos de Ir\u00fan y Getxo, Javier Arranz y Pedro Goikolea, respectivamente.<\/p>\n<p>Por su parte, la directora de evaluaciones de la plataforma Dyntra IVZW, Ana Gloria G\u00f3mez, aport\u00f3 datos interesantes sobre los principales rankings elaborados por su organizaci\u00f3n en relaci\u00f3n a las administraciones p\u00fablicas vascas, y explic\u00f3 el m\u00e9todo que utilizan para la evaluaci\u00f3n de entidades con respecto al buen gobierno y la transparencia.<\/p>\n<p>Personalmente, fue todo un honor moderar la primera de las mesas redondas, relacionada con la comunicaci\u00f3n institucional y pol\u00edtica, y estar acompa\u00f1ado de dos expertas en la materia como Amalia L\u00f3pez y Nagore de los R\u00edos, y la delegada de Gobierno Abierto en el Ayuntamiento de Eibar, Ana Telleria.<\/p>\n<h2><span class=\"ez-toc-section\" id=\"Video_del_evento\"><\/span><strong>V\u00eddeo del evento<\/strong><span class=\"ez-toc-section-end\"><\/span><\/h2>\n<p>El <a href=\"https:\/\/www.youtube.com\/watch?v=sc3VzPoV_60\" target=\"_blank\" rel=\"noopener\"><strong>v\u00eddeo del evento<\/strong><\/a> est\u00e1 disponible en el canal de YouTube del Ayuntamiento de Eibar, a trav\u00e9s de dos enlaces (versi\u00f3n original y versi\u00f3n doblada), y, hasta la fecha, ha obtenido m\u00e1s de 500 visualizaciones en su versi\u00f3n original, y m\u00e1s de 200 en la versi\u00f3n doblada.<\/p>\n<p>Las personas que no pudieron asistir presencialmente o que deseen volver a ver la Jornada al completo, tienen a su disposici\u00f3n el v\u00eddeo sobre la misma en los siguientes dos enlaces:<\/p>\n<ul>\n<li><strong>Versi\u00f3n original <\/strong>(en castellano, exceptuando las dos ponencias impartidas en euskera, cuya traducci\u00f3n en castellano se podr\u00e1 seguir en el segundo de los enlaces que se adjunta m\u00e1s abajo, bajo el nombre \u201cVersi\u00f3n doblada\u201d)<\/li>\n<\/ul>\n<p><iframe title=\"YouTube video player\" src=\"https:\/\/www.youtube.com\/embed\/sc3VzPoV_60\" width=\"950\" height=\"534\" frameborder=\"0\" allowfullscreen=\"allowfullscreen\"><\/iframe><\/p>\n<ul>\n<li><strong>Versi\u00f3n doblada <\/strong>(mayoritariamente, en euskera, exceptuando las dos ponencias impartidas originariamente en euskera, que se podr\u00e1n seguir en castellano).<\/li>\n<\/ul>\n<p><iframe title=\"YouTube video player\" src=\"https:\/\/www.youtube.com\/embed\/UDCJ1lVECZY\" width=\"950\" height=\"534\" frameborder=\"0\" allowfullscreen=\"allowfullscreen\"><\/iframe><br \/>\nPersonalmente, como parte organizadora de la Jornada, aprovecho estas l\u00edneas para mostrar mi m\u00e1s sincero agradecimiento a todas las personas que asistieron hasta el Teatro Coliseo de Eibar, as\u00ed como a todas aquellas que nos siguieron v\u00eda online durante todo el d\u00eda.<\/p>\n<p>Esperemos que esta primera edici\u00f3n marque un antes y un despu\u00e9s, y sea el inicio de muchas otras que puedan llegar en un futuro.<\/p>\n<p><strong>Si tuviste la oportunidad de seguir dicha Jornada, me gustar\u00eda recabar tu opini\u00f3n sobre la misma.<\/strong><\/p>\n<p><strong>An\u00edmate y escribe tu comentario.<\/strong><\/p>\n<p><a href=\"https:\/\/pedroirustamendieta.com\/wp-content\/uploads\/2021\/12\/Jornada-Comunicacio\u0301n-Eibar_web-scaled.jpg\"><img fetchpriority=\"high\" decoding=\"async\" class=\"alignleft size-full wp-image-2092\" src=\"https:\/\/pedroirustamendieta.com\/wp-content\/uploads\/2021\/12\/Jornada-Comunicacio\u0301n-Eibar_web-scaled.jpg\" alt=\"Jornada Comunicacio\u0301n Eibar_web\" width=\"2560\" height=\"1624\" srcset=\"https:\/\/pedroirustamendieta.com\/wp-content\/uploads\/2021\/12\/Jornada-Comunicacio\u0301n-Eibar_web-scaled.jpg 2560w, https:\/\/pedroirustamendieta.com\/wp-content\/uploads\/2021\/12\/Jornada-Comunicacio\u0301n-Eibar_web-300x190.jpg 300w, https:\/\/pedroirustamendieta.com\/wp-content\/uploads\/2021\/12\/Jornada-Comunicacio\u0301n-Eibar_web-1024x650.jpg 1024w, https:\/\/pedroirustamendieta.com\/wp-content\/uploads\/2021\/12\/Jornada-Comunicacio\u0301n-Eibar_web-768x487.jpg 768w, https:\/\/pedroirustamendieta.com\/wp-content\/uploads\/2021\/12\/Jornada-Comunicacio\u0301n-Eibar_web-1536x974.jpg 1536w, https:\/\/pedroirustamendieta.com\/wp-content\/uploads\/2021\/12\/Jornada-Comunicacio\u0301n-Eibar_web-2048x1299.jpg 2048w, https:\/\/pedroirustamendieta.com\/wp-content\/uploads\/2021\/12\/Jornada-Comunicacio\u0301n-Eibar_web-610x387.jpg 610w\" sizes=\"(max-width: 2560px) 100vw, 2560px\" \/><\/a><\/p>\n","protected":false},"excerpt":{"rendered":"<p>735viewsEl Teatro Coliseo de Eibar acogi\u00f3 el 2 de diciembre de 2021 la \u201cJornada de Comunicaci\u00f3n y Transparencia en las administraciones p\u00fablicas\u201d, organizada por el Ayuntamiento de Eibar (Gipuzkoa). Un evento pionero en la esfera p\u00fablica vasca, que congreg\u00f3 a numerosas personas y no dej\u00f3 indiferente a nadie, debido a la gran calidad de sus &#8230; <a title=\"Jornada de Comunicaci\u00f3n y Transparencia en las administraciones p\u00fablicas [+ V\u00eddeo del evento]\" class=\"read-more\" href=\"https:\/\/pedroirustamendieta.com\/es\/jornada-comunicacion-transparencia-administraciones-publicas-video\/\" aria-label=\"M\u00e1s en Jornada de Comunicaci\u00f3n y Transparencia en las administraciones p\u00fablicas [+ V\u00eddeo del evento]\">Leer m\u00e1s<\/a><\/p>\n","protected":false},"author":2,"featured_media":2094,"comment_status":"open","ping_status":"open","sticky":false,"template":"","format":"standard","meta":{"episode_type":"","audio_file":"","podmotor_file_id":"","podmotor_episode_id":"","cover_image":"","cover_image_id":"","duration":"","filesize":"","filesize_raw":"","date_recorded":"","explicit":"","block":"","footnotes":""},"categories":[26],"tags":[40,117,120,43],"series":[],"class_list":["post-2086","post","type-post","status-publish","format-standard","has-post-thumbnail","hentry","category-comunicacion","tag-comunicacion","tag-eibar","tag-jornada-de-comunicacion-y-transparencia-en-las-administraciones-publicas","tag-transparencia","generate-columns","tablet-grid-50","mobile-grid-100","grid-parent","grid-50"],"episode_featured_image":"https:\/\/pedroirustamendieta.com\/wp-content\/uploads\/2021\/12\/Jornada-Comunicacio\u0301n-y-Transparencia_Eibar-1.jpg","episode_player_image":"https:\/\/pedroirustamendieta.com\/wp-content\/uploads\/2022\/11\/33654374-1667930359655-60bf102db51fd-scaled.jpg","download_link":"","player_link":"","audio_player":false,"episode_data":{"playerMode":"light","subscribeUrls":{"anchor":{"key":"anchor","url":"https:\/\/anchor.fm\/comunicardesdelopublico","label":"Anchor","class":"anchor","icon":"anchor.png"},"apple_podcasts":{"key":"apple_podcasts","url":"https:\/\/podcasts.apple.com\/es\/podcast\/comunicar-desde-lo-p%C3%BAblico\/id1653681642","label":"Apple Podcasts","class":"apple_podcasts","icon":"apple-podcasts.png"},"google_podcasts":{"key":"google_podcasts","url":"https:\/\/podcasts.google.com\/feed\/aHR0cHM6Ly9hbmNob3IuZm0vcy9jOTMxMTY1OC9wb2RjYXN0L3Jzcw","label":"Google Podcasts","class":"google_podcasts","icon":"google-podcasts.png"},"spotify":{"key":"spotify","url":"https:\/\/open.spotify.com\/show\/1X7dc6ZTSESAnUUuHRat7J","label":"Spotify","class":"spotify","icon":"spotify.png"},"spreaker":{"key":"spreaker","url":"https:\/\/www.spreaker.com\/show\/comunicar-desde-lo-publico","label":"Spreaker","class":"spreaker","icon":"spreaker.png"},"stitcher":{"key":"stitcher","url":"","label":"Stitcher","class":"stitcher","icon":"stitcher.png"},"ivoox":{"key":"ivoox","url":"https:\/\/www.ivoox.com\/podcast-comunicar-desde-lo-publico_sq_f11717056_1.html","label":"iVoox","class":"ivoox","icon":"ivoox.png"}},"rssFeedUrl":"https:\/\/pedroirustamendieta.com\/es\/feed\/podcast\/default-podcast","embedCode":"<blockquote class=\"wp-embedded-content\" data-secret=\"CzdOFNmmEy\"><a href=\"https:\/\/pedroirustamendieta.com\/es\/jornada-comunicacion-transparencia-administraciones-publicas-video\/\">Jornada de Comunicaci\u00f3n y Transparencia en las administraciones p\u00fablicas [+ V\u00eddeo del evento]<\/a><\/blockquote><iframe sandbox=\"allow-scripts\" security=\"restricted\" src=\"https:\/\/pedroirustamendieta.com\/es\/jornada-comunicacion-transparencia-administraciones-publicas-video\/embed\/#?secret=CzdOFNmmEy\" width=\"500\" height=\"350\" title=\"\u00abJornada de Comunicaci\u00f3n y Transparencia en las administraciones p\u00fablicas [+ V\u00eddeo del evento]\u00bb \u2014 Pedro Irusta Mendieta: Comunicaci\u00f3n p\u00fablica\" data-secret=\"CzdOFNmmEy\" frameborder=\"0\" marginwidth=\"0\" marginheight=\"0\" scrolling=\"no\" class=\"wp-embedded-content\"><\/iframe><script>\n\/*! This file is auto-generated *\/\n!function(d,l){\"use strict\";l.querySelector&&d.addEventListener&&\"undefined\"!=typeof URL&&(d.wp=d.wp||{},d.wp.receiveEmbedMessage||(d.wp.receiveEmbedMessage=function(e){var t=e.data;if((t||t.secret||t.message||t.value)&&!\/[^a-zA-Z0-9]\/.test(t.secret)){for(var s,r,n,a=l.querySelectorAll('iframe[data-secret=\"'+t.secret+'\"]'),o=l.querySelectorAll('blockquote[data-secret=\"'+t.secret+'\"]'),c=new RegExp(\"^https?:$\",\"i\"),i=0;i<o.length;i++)o[i].style.display=\"none\";for(i=0;i<a.length;i++)s=a[i],e.source===s.contentWindow&&(s.removeAttribute(\"style\"),\"height\"===t.message?(1e3<(r=parseInt(t.value,10))?r=1e3:~~r<200&&(r=200),s.height=r):\"link\"===t.message&&(r=new URL(s.getAttribute(\"src\")),n=new URL(t.value),c.test(n.protocol))&&n.host===r.host&&l.activeElement===s&&(d.top.location.href=t.value))}},d.addEventListener(\"message\",d.wp.receiveEmbedMessage,!1),l.addEventListener(\"DOMContentLoaded\",function(){for(var e,t,s=l.querySelectorAll(\"iframe.wp-embedded-content\"),r=0;r<s.length;r++)(t=(e=s[r]).getAttribute(\"data-secret\"))||(t=Math.random().toString(36).substring(2,12),e.src+=\"#?secret=\"+t,e.setAttribute(\"data-secret\",t)),e.contentWindow.postMessage({message:\"ready\",secret:t},\"*\")},!1)))}(window,document);\n\/\/# sourceURL=https:\/\/pedroirustamendieta.com\/wp-includes\/js\/wp-embed.min.js\n<\/script>\n"},"yoast_head":"<!-- This site is optimized with the Yoast SEO plugin v27.3 - https:\/\/yoast.com\/product\/yoast-seo-wordpress\/ -->\n<title>Jornada de Comunicaci\u00f3n y Transparencia #EibarKomunika [V\u00cdDEO]<\/title>\n<meta name=\"description\" content=\"Ya est\u00e1 disponible el v\u00eddeo sobre la Jornada en el canal de YouTube del Ayuntamiento de Eibar. \u00a1No te lo pierdas!\" \/>\n<meta name=\"robots\" content=\"index, follow, max-snippet:-1, max-image-preview:large, max-video-preview:-1\" \/>\n<link rel=\"canonical\" href=\"https:\/\/pedroirustamendieta.com\/es\/jornada-comunicacion-transparencia-administraciones-publicas-video\/\" \/>\n<meta property=\"og:locale\" content=\"es_ES\" \/>\n<meta property=\"og:type\" content=\"article\" \/>\n<meta property=\"og:title\" content=\"Jornada de Comunicaci\u00f3n y Transparencia #EibarKomunika [V\u00cdDEO]\" \/>\n<meta property=\"og:description\" content=\"Ya est\u00e1 disponible el v\u00eddeo sobre la Jornada en el canal de YouTube del Ayuntamiento de Eibar. \u00a1No te lo pierdas!\" \/>\n<meta property=\"og:url\" content=\"https:\/\/pedroirustamendieta.com\/es\/jornada-comunicacion-transparencia-administraciones-publicas-video\/\" \/>\n<meta property=\"og:site_name\" content=\"Pedro Irusta Mendieta: Comunicaci\u00f3n p\u00fablica\" \/>\n<meta property=\"article:published_time\" content=\"2021-12-03T22:53:07+00:00\" \/>\n<meta property=\"article:modified_time\" content=\"2021-12-14T19:16:45+00:00\" \/>\n<meta property=\"og:image\" content=\"https:\/\/pedroirustamendieta.com\/wp-content\/uploads\/2021\/12\/Jornada-Comunicacio\u0301n-y-Transparencia_Eibar-1.jpg\" \/>\n\t<meta property=\"og:image:width\" content=\"1920\" \/>\n\t<meta property=\"og:image:height\" content=\"1080\" \/>\n\t<meta property=\"og:image:type\" content=\"image\/jpeg\" \/>\n<meta name=\"author\" content=\"Pedro Irusta Mendieta\" \/>\n<meta name=\"twitter:card\" content=\"summary_large_image\" \/>\n<meta name=\"twitter:creator\" content=\"@Pedro__Irusta\" \/>\n<meta name=\"twitter:site\" content=\"@Pedro__Irusta\" \/>\n<meta name=\"twitter:label1\" content=\"Escrito por\" \/>\n\t<meta name=\"twitter:data1\" content=\"Pedro Irusta Mendieta\" \/>\n\t<meta name=\"twitter:label2\" content=\"Tiempo de lectura\" \/>\n\t<meta name=\"twitter:data2\" content=\"6 minutos\" \/>\n<script type=\"application\/ld+json\" class=\"yoast-schema-graph\">{\"@context\":\"https:\\\/\\\/schema.org\",\"@graph\":[{\"@type\":\"Article\",\"@id\":\"https:\\\/\\\/pedroirustamendieta.com\\\/es\\\/jornada-comunicacion-transparencia-administraciones-publicas-video\\\/#article\",\"isPartOf\":{\"@id\":\"https:\\\/\\\/pedroirustamendieta.com\\\/es\\\/jornada-comunicacion-transparencia-administraciones-publicas-video\\\/\"},\"author\":{\"name\":\"Pedro Irusta Mendieta\",\"@id\":\"https:\\\/\\\/pedroirustamendieta.com\\\/es\\\/#\\\/schema\\\/person\\\/b5123b985a77b0db9e354a1134eb3087\"},\"headline\":\"Jornada de Comunicaci\u00f3n y Transparencia en las administraciones p\u00fablicas [+ V\u00eddeo del evento]\",\"datePublished\":\"2021-12-03T22:53:07+00:00\",\"dateModified\":\"2021-12-14T19:16:45+00:00\",\"mainEntityOfPage\":{\"@id\":\"https:\\\/\\\/pedroirustamendieta.com\\\/es\\\/jornada-comunicacion-transparencia-administraciones-publicas-video\\\/\"},\"wordCount\":1248,\"commentCount\":0,\"publisher\":{\"@id\":\"https:\\\/\\\/pedroirustamendieta.com\\\/es\\\/#\\\/schema\\\/person\\\/b5123b985a77b0db9e354a1134eb3087\"},\"image\":{\"@id\":\"https:\\\/\\\/pedroirustamendieta.com\\\/es\\\/jornada-comunicacion-transparencia-administraciones-publicas-video\\\/#primaryimage\"},\"thumbnailUrl\":\"https:\\\/\\\/pedroirustamendieta.com\\\/wp-content\\\/uploads\\\/2021\\\/12\\\/Jornada-Comunicacio\u0301n-y-Transparencia_Eibar-1.jpg\",\"keywords\":[\"comunicaci\u00f3n\",\"Eibar\",\"Jornada de Comunicaci\u00f3n y Transparencia en las administraciones p\u00fablicas\",\"transparencia\"],\"articleSection\":[\"Comunicaci\u00f3n\"],\"inLanguage\":\"es\",\"potentialAction\":[{\"@type\":\"CommentAction\",\"name\":\"Comment\",\"target\":[\"https:\\\/\\\/pedroirustamendieta.com\\\/es\\\/jornada-comunicacion-transparencia-administraciones-publicas-video\\\/#respond\"]}]},{\"@type\":\"WebPage\",\"@id\":\"https:\\\/\\\/pedroirustamendieta.com\\\/es\\\/jornada-comunicacion-transparencia-administraciones-publicas-video\\\/\",\"url\":\"https:\\\/\\\/pedroirustamendieta.com\\\/es\\\/jornada-comunicacion-transparencia-administraciones-publicas-video\\\/\",\"name\":\"Jornada de Comunicaci\u00f3n y Transparencia #EibarKomunika [V\u00cdDEO]\",\"isPartOf\":{\"@id\":\"https:\\\/\\\/pedroirustamendieta.com\\\/es\\\/#website\"},\"primaryImageOfPage\":{\"@id\":\"https:\\\/\\\/pedroirustamendieta.com\\\/es\\\/jornada-comunicacion-transparencia-administraciones-publicas-video\\\/#primaryimage\"},\"image\":{\"@id\":\"https:\\\/\\\/pedroirustamendieta.com\\\/es\\\/jornada-comunicacion-transparencia-administraciones-publicas-video\\\/#primaryimage\"},\"thumbnailUrl\":\"https:\\\/\\\/pedroirustamendieta.com\\\/wp-content\\\/uploads\\\/2021\\\/12\\\/Jornada-Comunicacio\u0301n-y-Transparencia_Eibar-1.jpg\",\"datePublished\":\"2021-12-03T22:53:07+00:00\",\"dateModified\":\"2021-12-14T19:16:45+00:00\",\"description\":\"Ya est\u00e1 disponible el v\u00eddeo sobre la Jornada en el canal de YouTube del Ayuntamiento de Eibar. \u00a1No te lo pierdas!\",\"breadcrumb\":{\"@id\":\"https:\\\/\\\/pedroirustamendieta.com\\\/es\\\/jornada-comunicacion-transparencia-administraciones-publicas-video\\\/#breadcrumb\"},\"inLanguage\":\"es\",\"potentialAction\":[{\"@type\":\"ReadAction\",\"target\":[\"https:\\\/\\\/pedroirustamendieta.com\\\/es\\\/jornada-comunicacion-transparencia-administraciones-publicas-video\\\/\"]}]},{\"@type\":\"ImageObject\",\"inLanguage\":\"es\",\"@id\":\"https:\\\/\\\/pedroirustamendieta.com\\\/es\\\/jornada-comunicacion-transparencia-administraciones-publicas-video\\\/#primaryimage\",\"url\":\"https:\\\/\\\/pedroirustamendieta.com\\\/wp-content\\\/uploads\\\/2021\\\/12\\\/Jornada-Comunicacio\u0301n-y-Transparencia_Eibar-1.jpg\",\"contentUrl\":\"https:\\\/\\\/pedroirustamendieta.com\\\/wp-content\\\/uploads\\\/2021\\\/12\\\/Jornada-Comunicacio\u0301n-y-Transparencia_Eibar-1.jpg\",\"width\":1920,\"height\":1080,\"caption\":\"Jornada Comunicacio\u0301n y Transparencia_Eibar\"},{\"@type\":\"BreadcrumbList\",\"@id\":\"https:\\\/\\\/pedroirustamendieta.com\\\/es\\\/jornada-comunicacion-transparencia-administraciones-publicas-video\\\/#breadcrumb\",\"itemListElement\":[{\"@type\":\"ListItem\",\"position\":1,\"name\":\"Portada\",\"item\":\"https:\\\/\\\/pedroirustamendieta.com\\\/es\\\/\"},{\"@type\":\"ListItem\",\"position\":2,\"name\":\"Jornada de Comunicaci\u00f3n y Transparencia en las administraciones p\u00fablicas [+ V\u00eddeo del evento]\"}]},{\"@type\":\"WebSite\",\"@id\":\"https:\\\/\\\/pedroirustamendieta.com\\\/es\\\/#website\",\"url\":\"https:\\\/\\\/pedroirustamendieta.com\\\/es\\\/\",\"name\":\"Pedro Irusta Mendieta: Comunicaci\u00f3n y Transparencia en las administraciones p\u00fablicas\",\"description\":\"Blog de Comunicaci\u00f3n y administraciones p\u00fablicas\",\"publisher\":{\"@id\":\"https:\\\/\\\/pedroirustamendieta.com\\\/es\\\/#\\\/schema\\\/person\\\/b5123b985a77b0db9e354a1134eb3087\"},\"potentialAction\":[{\"@type\":\"SearchAction\",\"target\":{\"@type\":\"EntryPoint\",\"urlTemplate\":\"https:\\\/\\\/pedroirustamendieta.com\\\/es\\\/?s={search_term_string}\"},\"query-input\":{\"@type\":\"PropertyValueSpecification\",\"valueRequired\":true,\"valueName\":\"search_term_string\"}}],\"inLanguage\":\"es\"},{\"@type\":[\"Person\",\"Organization\"],\"@id\":\"https:\\\/\\\/pedroirustamendieta.com\\\/es\\\/#\\\/schema\\\/person\\\/b5123b985a77b0db9e354a1134eb3087\",\"name\":\"Pedro Irusta Mendieta\",\"image\":{\"@type\":\"ImageObject\",\"inLanguage\":\"es\",\"@id\":\"https:\\\/\\\/pedroirustamendieta.com\\\/wp-content\\\/uploads\\\/2019\\\/02\\\/pedro-irusta-mendieta.png\",\"url\":\"https:\\\/\\\/pedroirustamendieta.com\\\/wp-content\\\/uploads\\\/2019\\\/02\\\/pedro-irusta-mendieta.png\",\"contentUrl\":\"https:\\\/\\\/pedroirustamendieta.com\\\/wp-content\\\/uploads\\\/2019\\\/02\\\/pedro-irusta-mendieta.png\",\"width\":375,\"height\":53,\"caption\":\"Pedro Irusta Mendieta\"},\"logo\":{\"@id\":\"https:\\\/\\\/pedroirustamendieta.com\\\/wp-content\\\/uploads\\\/2019\\\/02\\\/pedro-irusta-mendieta.png\"},\"description\":\"Periodista y funcionario local, especializado en comunicaci\u00f3n institucional.\",\"sameAs\":[\"https:\\\/\\\/pedroirustamendieta.com\\\/\",\"https:\\\/\\\/www.instagram.com\\\/pedroirustamendieta\",\"https:\\\/\\\/x.com\\\/Pedro__Irusta\"]}]}<\/script>\n<!-- \/ Yoast SEO plugin. -->","yoast_head_json":{"title":"Jornada de Comunicaci\u00f3n y Transparencia #EibarKomunika [V\u00cdDEO]","description":"Ya est\u00e1 disponible el v\u00eddeo sobre la Jornada en el canal de YouTube del Ayuntamiento de Eibar. \u00a1No te lo pierdas!","robots":{"index":"index","follow":"follow","max-snippet":"max-snippet:-1","max-image-preview":"max-image-preview:large","max-video-preview":"max-video-preview:-1"},"canonical":"https:\/\/pedroirustamendieta.com\/es\/jornada-comunicacion-transparencia-administraciones-publicas-video\/","og_locale":"es_ES","og_type":"article","og_title":"Jornada de Comunicaci\u00f3n y Transparencia #EibarKomunika [V\u00cdDEO]","og_description":"Ya est\u00e1 disponible el v\u00eddeo sobre la Jornada en el canal de YouTube del Ayuntamiento de Eibar. \u00a1No te lo pierdas!","og_url":"https:\/\/pedroirustamendieta.com\/es\/jornada-comunicacion-transparencia-administraciones-publicas-video\/","og_site_name":"Pedro Irusta Mendieta: Comunicaci\u00f3n p\u00fablica","article_published_time":"2021-12-03T22:53:07+00:00","article_modified_time":"2021-12-14T19:16:45+00:00","og_image":[{"width":1920,"height":1080,"url":"https:\/\/pedroirustamendieta.com\/wp-content\/uploads\/2021\/12\/Jornada-Comunicacio\u0301n-y-Transparencia_Eibar-1.jpg","type":"image\/jpeg"}],"author":"Pedro Irusta Mendieta","twitter_card":"summary_large_image","twitter_creator":"@Pedro__Irusta","twitter_site":"@Pedro__Irusta","twitter_misc":{"Escrito por":"Pedro Irusta Mendieta","Tiempo de lectura":"6 minutos"},"schema":{"@context":"https:\/\/schema.org","@graph":[{"@type":"Article","@id":"https:\/\/pedroirustamendieta.com\/es\/jornada-comunicacion-transparencia-administraciones-publicas-video\/#article","isPartOf":{"@id":"https:\/\/pedroirustamendieta.com\/es\/jornada-comunicacion-transparencia-administraciones-publicas-video\/"},"author":{"name":"Pedro Irusta Mendieta","@id":"https:\/\/pedroirustamendieta.com\/es\/#\/schema\/person\/b5123b985a77b0db9e354a1134eb3087"},"headline":"Jornada de Comunicaci\u00f3n y Transparencia en las administraciones p\u00fablicas [+ V\u00eddeo del evento]","datePublished":"2021-12-03T22:53:07+00:00","dateModified":"2021-12-14T19:16:45+00:00","mainEntityOfPage":{"@id":"https:\/\/pedroirustamendieta.com\/es\/jornada-comunicacion-transparencia-administraciones-publicas-video\/"},"wordCount":1248,"commentCount":0,"publisher":{"@id":"https:\/\/pedroirustamendieta.com\/es\/#\/schema\/person\/b5123b985a77b0db9e354a1134eb3087"},"image":{"@id":"https:\/\/pedroirustamendieta.com\/es\/jornada-comunicacion-transparencia-administraciones-publicas-video\/#primaryimage"},"thumbnailUrl":"https:\/\/pedroirustamendieta.com\/wp-content\/uploads\/2021\/12\/Jornada-Comunicacio\u0301n-y-Transparencia_Eibar-1.jpg","keywords":["comunicaci\u00f3n","Eibar","Jornada de Comunicaci\u00f3n y Transparencia en las administraciones p\u00fablicas","transparencia"],"articleSection":["Comunicaci\u00f3n"],"inLanguage":"es","potentialAction":[{"@type":"CommentAction","name":"Comment","target":["https:\/\/pedroirustamendieta.com\/es\/jornada-comunicacion-transparencia-administraciones-publicas-video\/#respond"]}]},{"@type":"WebPage","@id":"https:\/\/pedroirustamendieta.com\/es\/jornada-comunicacion-transparencia-administraciones-publicas-video\/","url":"https:\/\/pedroirustamendieta.com\/es\/jornada-comunicacion-transparencia-administraciones-publicas-video\/","name":"Jornada de Comunicaci\u00f3n y Transparencia #EibarKomunika [V\u00cdDEO]","isPartOf":{"@id":"https:\/\/pedroirustamendieta.com\/es\/#website"},"primaryImageOfPage":{"@id":"https:\/\/pedroirustamendieta.com\/es\/jornada-comunicacion-transparencia-administraciones-publicas-video\/#primaryimage"},"image":{"@id":"https:\/\/pedroirustamendieta.com\/es\/jornada-comunicacion-transparencia-administraciones-publicas-video\/#primaryimage"},"thumbnailUrl":"https:\/\/pedroirustamendieta.com\/wp-content\/uploads\/2021\/12\/Jornada-Comunicacio\u0301n-y-Transparencia_Eibar-1.jpg","datePublished":"2021-12-03T22:53:07+00:00","dateModified":"2021-12-14T19:16:45+00:00","description":"Ya est\u00e1 disponible el v\u00eddeo sobre la Jornada en el canal de YouTube del Ayuntamiento de Eibar. \u00a1No te lo pierdas!","breadcrumb":{"@id":"https:\/\/pedroirustamendieta.com\/es\/jornada-comunicacion-transparencia-administraciones-publicas-video\/#breadcrumb"},"inLanguage":"es","potentialAction":[{"@type":"ReadAction","target":["https:\/\/pedroirustamendieta.com\/es\/jornada-comunicacion-transparencia-administraciones-publicas-video\/"]}]},{"@type":"ImageObject","inLanguage":"es","@id":"https:\/\/pedroirustamendieta.com\/es\/jornada-comunicacion-transparencia-administraciones-publicas-video\/#primaryimage","url":"https:\/\/pedroirustamendieta.com\/wp-content\/uploads\/2021\/12\/Jornada-Comunicacio\u0301n-y-Transparencia_Eibar-1.jpg","contentUrl":"https:\/\/pedroirustamendieta.com\/wp-content\/uploads\/2021\/12\/Jornada-Comunicacio\u0301n-y-Transparencia_Eibar-1.jpg","width":1920,"height":1080,"caption":"Jornada Comunicacio\u0301n y Transparencia_Eibar"},{"@type":"BreadcrumbList","@id":"https:\/\/pedroirustamendieta.com\/es\/jornada-comunicacion-transparencia-administraciones-publicas-video\/#breadcrumb","itemListElement":[{"@type":"ListItem","position":1,"name":"Portada","item":"https:\/\/pedroirustamendieta.com\/es\/"},{"@type":"ListItem","position":2,"name":"Jornada de Comunicaci\u00f3n y Transparencia en las administraciones p\u00fablicas [+ V\u00eddeo del evento]"}]},{"@type":"WebSite","@id":"https:\/\/pedroirustamendieta.com\/es\/#website","url":"https:\/\/pedroirustamendieta.com\/es\/","name":"Pedro Irusta Mendieta: Comunicaci\u00f3n y Transparencia en las administraciones p\u00fablicas","description":"Blog de Comunicaci\u00f3n y administraciones p\u00fablicas","publisher":{"@id":"https:\/\/pedroirustamendieta.com\/es\/#\/schema\/person\/b5123b985a77b0db9e354a1134eb3087"},"potentialAction":[{"@type":"SearchAction","target":{"@type":"EntryPoint","urlTemplate":"https:\/\/pedroirustamendieta.com\/es\/?s={search_term_string}"},"query-input":{"@type":"PropertyValueSpecification","valueRequired":true,"valueName":"search_term_string"}}],"inLanguage":"es"},{"@type":["Person","Organization"],"@id":"https:\/\/pedroirustamendieta.com\/es\/#\/schema\/person\/b5123b985a77b0db9e354a1134eb3087","name":"Pedro Irusta Mendieta","image":{"@type":"ImageObject","inLanguage":"es","@id":"https:\/\/pedroirustamendieta.com\/wp-content\/uploads\/2019\/02\/pedro-irusta-mendieta.png","url":"https:\/\/pedroirustamendieta.com\/wp-content\/uploads\/2019\/02\/pedro-irusta-mendieta.png","contentUrl":"https:\/\/pedroirustamendieta.com\/wp-content\/uploads\/2019\/02\/pedro-irusta-mendieta.png","width":375,"height":53,"caption":"Pedro Irusta Mendieta"},"logo":{"@id":"https:\/\/pedroirustamendieta.com\/wp-content\/uploads\/2019\/02\/pedro-irusta-mendieta.png"},"description":"Periodista y funcionario local, especializado en comunicaci\u00f3n institucional.","sameAs":["https:\/\/pedroirustamendieta.com\/","https:\/\/www.instagram.com\/pedroirustamendieta","https:\/\/x.com\/Pedro__Irusta"]}]}},"_links":{"self":[{"href":"https:\/\/pedroirustamendieta.com\/es\/wp-json\/wp\/v2\/posts\/2086","targetHints":{"allow":["GET"]}}],"collection":[{"href":"https:\/\/pedroirustamendieta.com\/es\/wp-json\/wp\/v2\/posts"}],"about":[{"href":"https:\/\/pedroirustamendieta.com\/es\/wp-json\/wp\/v2\/types\/post"}],"author":[{"embeddable":true,"href":"https:\/\/pedroirustamendieta.com\/es\/wp-json\/wp\/v2\/users\/2"}],"replies":[{"embeddable":true,"href":"https:\/\/pedroirustamendieta.com\/es\/wp-json\/wp\/v2\/comments?post=2086"}],"version-history":[{"count":10,"href":"https:\/\/pedroirustamendieta.com\/es\/wp-json\/wp\/v2\/posts\/2086\/revisions"}],"predecessor-version":[{"id":2102,"href":"https:\/\/pedroirustamendieta.com\/es\/wp-json\/wp\/v2\/posts\/2086\/revisions\/2102"}],"wp:featuredmedia":[{"embeddable":true,"href":"https:\/\/pedroirustamendieta.com\/es\/wp-json\/wp\/v2\/media\/2094"}],"wp:attachment":[{"href":"https:\/\/pedroirustamendieta.com\/es\/wp-json\/wp\/v2\/media?parent=2086"}],"wp:term":[{"taxonomy":"category","embeddable":true,"href":"https:\/\/pedroirustamendieta.com\/es\/wp-json\/wp\/v2\/categories?post=2086"},{"taxonomy":"post_tag","embeddable":true,"href":"https:\/\/pedroirustamendieta.com\/es\/wp-json\/wp\/v2\/tags?post=2086"},{"taxonomy":"series","embeddable":true,"href":"https:\/\/pedroirustamendieta.com\/es\/wp-json\/wp\/v2\/series?post=2086"}],"curies":[{"name":"wp","href":"https:\/\/api.w.org\/{rel}","templated":true}]}}