{"id":1906,"date":"2021-02-08T09:30:45","date_gmt":"2021-02-08T08:30:45","guid":{"rendered":"https:\/\/pedroirustamendieta.com\/?p=1906"},"modified":"2021-02-08T09:36:48","modified_gmt":"2021-02-08T08:36:48","slug":"podcast-estrategia-comunicacion-marketing-administraciones-publicas","status":"publish","type":"post","link":"https:\/\/pedroirustamendieta.com\/es\/podcast-estrategia-comunicacion-marketing-administraciones-publicas\/","title":{"rendered":"El Podcast como parte de la estrategia de comunicaci\u00f3n y marketing en las administraciones p\u00fablicas"},"content":{"rendered":"<div class='yzp-views yzp-style2 yzp-level-3 '><span class='yzp-icon yzp-icon-level-3'  title='1357'><\/span><span class=\"yzp-icon-view\" title=\"1357\">1.4k<\/span><span class=\"yzp-icon-text\" title=\"1357\">views<\/span><\/div>\n\n<div class=\"kk-star-ratings kksr-auto kksr-align-left kksr-valign-top\"\n    data-payload='{&quot;align&quot;:&quot;left&quot;,&quot;id&quot;:&quot;1906&quot;,&quot;slug&quot;:&quot;default&quot;,&quot;valign&quot;:&quot;top&quot;,&quot;ignore&quot;:&quot;&quot;,&quot;reference&quot;:&quot;auto&quot;,&quot;class&quot;:&quot;&quot;,&quot;count&quot;:&quot;2&quot;,&quot;legendonly&quot;:&quot;&quot;,&quot;readonly&quot;:&quot;&quot;,&quot;score&quot;:&quot;4.5&quot;,&quot;starsonly&quot;:&quot;&quot;,&quot;best&quot;:&quot;5&quot;,&quot;gap&quot;:&quot;5&quot;,&quot;greet&quot;:&quot;Rate this post&quot;,&quot;legend&quot;:&quot;4.5\\\/5 - (2 votos)&quot;,&quot;size&quot;:&quot;24&quot;,&quot;title&quot;:&quot;El Podcast como parte de la estrategia de comunicaci\u00f3n y marketing en las administraciones p\u00fablicas&quot;,&quot;width&quot;:&quot;128&quot;,&quot;_legend&quot;:&quot;{score}\\\/{best} - ({count} {votes})&quot;,&quot;font_factor&quot;:&quot;1.25&quot;}'>\n            \n<div class=\"kksr-stars\">\n    \n<div class=\"kksr-stars-inactive\">\n            <div class=\"kksr-star\" data-star=\"1\" style=\"padding-right: 5px\">\n            \n\n<div class=\"kksr-icon\" style=\"width: 24px; height: 24px;\"><\/div>\n        <\/div>\n            <div class=\"kksr-star\" data-star=\"2\" style=\"padding-right: 5px\">\n            \n\n<div class=\"kksr-icon\" style=\"width: 24px; height: 24px;\"><\/div>\n        <\/div>\n            <div class=\"kksr-star\" data-star=\"3\" style=\"padding-right: 5px\">\n            \n\n<div class=\"kksr-icon\" style=\"width: 24px; height: 24px;\"><\/div>\n        <\/div>\n            <div class=\"kksr-star\" data-star=\"4\" style=\"padding-right: 5px\">\n            \n\n<div class=\"kksr-icon\" style=\"width: 24px; height: 24px;\"><\/div>\n        <\/div>\n            <div class=\"kksr-star\" data-star=\"5\" style=\"padding-right: 5px\">\n            \n\n<div class=\"kksr-icon\" style=\"width: 24px; height: 24px;\"><\/div>\n        <\/div>\n    <\/div>\n    \n<div class=\"kksr-stars-active\" style=\"width: 128px;\">\n            <div class=\"kksr-star\" style=\"padding-right: 5px\">\n            \n\n<div class=\"kksr-icon\" style=\"width: 24px; height: 24px;\"><\/div>\n        <\/div>\n            <div class=\"kksr-star\" style=\"padding-right: 5px\">\n            \n\n<div class=\"kksr-icon\" style=\"width: 24px; height: 24px;\"><\/div>\n        <\/div>\n            <div class=\"kksr-star\" style=\"padding-right: 5px\">\n            \n\n<div class=\"kksr-icon\" style=\"width: 24px; height: 24px;\"><\/div>\n        <\/div>\n            <div class=\"kksr-star\" style=\"padding-right: 5px\">\n            \n\n<div class=\"kksr-icon\" style=\"width: 24px; height: 24px;\"><\/div>\n        <\/div>\n            <div class=\"kksr-star\" style=\"padding-right: 5px\">\n            \n\n<div class=\"kksr-icon\" style=\"width: 24px; height: 24px;\"><\/div>\n        <\/div>\n    <\/div>\n<\/div>\n                \n\n<div class=\"kksr-legend\" style=\"font-size: 19.2px;\">\n            4.5\/5 - (2 votos)    <\/div>\n    <\/div>\n<p>El <strong>Podcasting<\/strong> se ha convertido, en los \u00faltimos tiempos, en <strong>una de las t\u00e9cnicas m\u00e1s utilizadas<\/strong> por numerosas marcas, negocios y entidades <strong>para completar<\/strong> sus <strong>estrategias de comunicaci\u00f3n y marketing<\/strong>.<\/p>\n<p>Pero, <strong>\u00bfqu\u00e9 es lo que ocurre en el caso de las instituciones p\u00fablicas?<\/strong> <strong>\u00bfSon conscientes del gran potencial del podcast para dar cuenta de sus actividades y servicios a la ciudadan\u00eda?<\/strong><\/p>\n<p>Para responder a estas y otras cuestiones, as\u00ed como para exponer los beneficios de aplicar el <strong>podcasting como parte de la <a href=\"https:\/\/pedroirustamendieta.com\/es\/plan-de-comunicacion-que-es-y-como-elaborarlo-en-10-pasos\/\" target=\"_blank\" rel=\"noopener\">estrategia de comunicaci\u00f3n y marketing en las administraciones p\u00fablicas<\/a><\/strong>, tengo el placer de contar en mi blog con una <strong>invitada de lujo<\/strong>.<\/p>\n<p>Su nombre es <strong>Ana In\u00e9s Rodr\u00edguez Giles, una joven emprendedora digital<\/strong> y, en la actualidad, <strong>manager de contenidos en <\/strong><a href=\"https:\/\/www.podcastyradio.es\/\" target=\"_blank\" rel=\"noopener\"><strong>Podcast y Radio<\/strong><\/a>.<\/p>\n<p>Sin m\u00e1s dilaci\u00f3n, te dejo con el gran conocimiento que posee esta joven promesa del marketing digital, y con su post sobre el <strong>Podcasting en las administraciones p\u00fablicas<\/strong>.<\/p>\n<hr \/>\n<p><strong>Tambi\u00e9n te puede interesar:<\/strong><\/p>\n<p><a href=\"https:\/\/pedroirustamendieta.com\/es\/estrategias-marketing-digital-administraciones-publicas\/\">10 estrategias de Marketing Digital, aplicadas a las administraciones p\u00fablicas [+ Ejemplos de buenas pr\u00e1cticas]<\/a><\/p>\n<p><a href=\"https:\/\/pedroirustamendieta.com\/es\/instagram-administraciones-publicas\/\">Instagram para administraciones p\u00fablicas: c\u00f3mo crear y gestionar una cuenta [+ 5 motivos para estar presentes y Consejos de expertos\/as]<\/a><\/p>\n<hr \/>\n<p>Las <strong>nuevas tecnolog\u00edas<\/strong>, no s\u00f3lo en la administraci\u00f3n p\u00fablica, sino tambi\u00e9n en otras \u00e1reas son <strong>herramientas indispensables<\/strong> y muy \u00fatiles a tener en cuenta<strong> para llegar de una manera m\u00e1s f\u00e1cil y r\u00e1pida a los usuarios<\/strong>, que en este caso son los ciudadanos.<\/p>\n<p>Debido a su amplio alcance, las nuevas tecnolog\u00edas cada d\u00eda son m\u00e1s utilizadas por instituciones gubernamentales, entre las que se encuentran las herramientas inform\u00e1ticas y de la web 2.0, y entre ellos encontramos el podcast.<\/p>\n<p>En el siguiente art\u00edculo, se establecer\u00e1n los conceptos que hay que manejar a la hora de utilizar el <strong>podcasting como parte de una <a href=\"https:\/\/pedroirustamendieta.com\/es\/estrategias-marketing-digital-administraciones-publicas\/\" target=\"_blank\" rel=\"noopener\">estrategia de marketing en las administraciones p\u00fablicas<\/a>.<\/strong><\/p>\n<div id=\"ez-toc-container\" class=\"ez-toc-v2_0_82_2 counter-hierarchy ez-toc-counter ez-toc-white ez-toc-container-direction\">\n<p class=\"ez-toc-title\" style=\"cursor:inherit\">Tabla de contenidos<\/p>\n<label for=\"ez-toc-cssicon-toggle-item-69f1ec81485a9\" class=\"ez-toc-cssicon-toggle-label\"><span class=\"\"><span class=\"eztoc-hide\" style=\"display:none;\">Toggle<\/span><span class=\"ez-toc-icon-toggle-span\"><svg style=\"fill: #999;color:#999\" xmlns=\"http:\/\/www.w3.org\/2000\/svg\" class=\"list-377408\" width=\"20px\" height=\"20px\" viewBox=\"0 0 24 24\" fill=\"none\"><path d=\"M6 6H4v2h2V6zm14 0H8v2h12V6zM4 11h2v2H4v-2zm16 0H8v2h12v-2zM4 16h2v2H4v-2zm16 0H8v2h12v-2z\" fill=\"currentColor\"><\/path><\/svg><svg style=\"fill: #999;color:#999\" class=\"arrow-unsorted-368013\" xmlns=\"http:\/\/www.w3.org\/2000\/svg\" width=\"10px\" height=\"10px\" viewBox=\"0 0 24 24\" version=\"1.2\" baseProfile=\"tiny\"><path d=\"M18.2 9.3l-6.2-6.3-6.2 6.3c-.2.2-.3.4-.3.7s.1.5.3.7c.2.2.4.3.7.3h11c.3 0 .5-.1.7-.3.2-.2.3-.5.3-.7s-.1-.5-.3-.7zM5.8 14.7l6.2 6.3 6.2-6.3c.2-.2.3-.5.3-.7s-.1-.5-.3-.7c-.2-.2-.4-.3-.7-.3h-11c-.3 0-.5.1-.7.3-.2.2-.3.5-.3.7s.1.5.3.7z\"\/><\/svg><\/span><\/span><\/label><input type=\"checkbox\"  id=\"ez-toc-cssicon-toggle-item-69f1ec81485a9\"  aria-label=\"Alternar\" \/><nav><ul class='ez-toc-list ez-toc-list-level-1 ' ><li class='ez-toc-page-1 ez-toc-heading-level-2'><a class=\"ez-toc-link ez-toc-heading-1\" href=\"https:\/\/pedroirustamendieta.com\/es\/podcast-estrategia-comunicacion-marketing-administraciones-publicas\/#%C2%BFQue_es_un_podcast_y_cuales_son_sus_posibilidades\" >\u00bfQu\u00e9 es un podcast y cu\u00e1les son sus posibilidades?<\/a><\/li><li class='ez-toc-page-1 ez-toc-heading-level-2'><a class=\"ez-toc-link ez-toc-heading-2\" href=\"https:\/\/pedroirustamendieta.com\/es\/podcast-estrategia-comunicacion-marketing-administraciones-publicas\/#Estrategias_de_comunicacion_y_marketing_en_las_administraciones_publicas\" >Estrategias de comunicaci\u00f3n y marketing en las administraciones p\u00fablicas<\/a><\/li><li class='ez-toc-page-1 ez-toc-heading-level-2'><a class=\"ez-toc-link ez-toc-heading-3\" href=\"https:\/\/pedroirustamendieta.com\/es\/podcast-estrategia-comunicacion-marketing-administraciones-publicas\/#Ventajas_del_podcasting_en_las_administraciones_publicas\" >Ventajas del podcasting en las administraciones p\u00fablicas<\/a><\/li><li class='ez-toc-page-1 ez-toc-heading-level-2'><a class=\"ez-toc-link ez-toc-heading-4\" href=\"https:\/\/pedroirustamendieta.com\/es\/podcast-estrategia-comunicacion-marketing-administraciones-publicas\/#Podcasts_de_diferentes_tematicas\" >Podcasts de diferentes tem\u00e1ticas<\/a><ul class='ez-toc-list-level-3' ><li class='ez-toc-heading-level-3'><a class=\"ez-toc-link ez-toc-heading-5\" href=\"https:\/\/pedroirustamendieta.com\/es\/podcast-estrategia-comunicacion-marketing-administraciones-publicas\/#%E2%9E%A1%EF%B8%8F_Podcasts_de_sociedad_y_cultura\" >\u27a1\ufe0f Podcasts de sociedad y cultura<\/a><\/li><li class='ez-toc-page-1 ez-toc-heading-level-3'><a class=\"ez-toc-link ez-toc-heading-6\" href=\"https:\/\/pedroirustamendieta.com\/es\/podcast-estrategia-comunicacion-marketing-administraciones-publicas\/#%E2%9E%A1%EF%B8%8F_Podcasts_de_noticias\" >\u27a1\ufe0f Podcasts de noticias<\/a><\/li><li class='ez-toc-page-1 ez-toc-heading-level-3'><a class=\"ez-toc-link ez-toc-heading-7\" href=\"https:\/\/pedroirustamendieta.com\/es\/podcast-estrategia-comunicacion-marketing-administraciones-publicas\/#%E2%9E%A1%EF%B8%8F_Podcasts_de_educacion\" >\u27a1\ufe0f Podcasts de educaci\u00f3n<\/a><\/li><li class='ez-toc-page-1 ez-toc-heading-level-3'><a class=\"ez-toc-link ez-toc-heading-8\" href=\"https:\/\/pedroirustamendieta.com\/es\/podcast-estrategia-comunicacion-marketing-administraciones-publicas\/#%E2%9E%A1%EF%B8%8F_Podcasts_de_ciencia_y_salud\" >\u27a1\ufe0f Podcasts de ciencia y salud<\/a><\/li><\/ul><\/li><li class='ez-toc-page-1 ez-toc-heading-level-2'><a class=\"ez-toc-link ez-toc-heading-9\" href=\"https:\/\/pedroirustamendieta.com\/es\/podcast-estrategia-comunicacion-marketing-administraciones-publicas\/#Podcast_para_el_servicio_publico\" >Podcast para el servicio p\u00fablico<\/a><\/li><li class='ez-toc-page-1 ez-toc-heading-level-2'><a class=\"ez-toc-link ez-toc-heading-10\" href=\"https:\/\/pedroirustamendieta.com\/es\/podcast-estrategia-comunicacion-marketing-administraciones-publicas\/#Podcast_para_cada_tipo_de_administracion_publica\" >Podcast para cada tipo de administraci\u00f3n p\u00fablica<\/a><ul class='ez-toc-list-level-3' ><li class='ez-toc-heading-level-3'><a class=\"ez-toc-link ez-toc-heading-11\" href=\"https:\/\/pedroirustamendieta.com\/es\/podcast-estrategia-comunicacion-marketing-administraciones-publicas\/#%E2%9E%A1%EF%B8%8F_Instituciones_educativas\" >\u27a1\ufe0f Instituciones educativas<\/a><\/li><li class='ez-toc-page-1 ez-toc-heading-level-3'><a class=\"ez-toc-link ez-toc-heading-12\" href=\"https:\/\/pedroirustamendieta.com\/es\/podcast-estrategia-comunicacion-marketing-administraciones-publicas\/#%E2%9E%A1%EF%B8%8F_Instituciones_de_salud\" >\u27a1\ufe0f Instituciones de salud<\/a><\/li><li class='ez-toc-page-1 ez-toc-heading-level-3'><a class=\"ez-toc-link ez-toc-heading-13\" href=\"https:\/\/pedroirustamendieta.com\/es\/podcast-estrategia-comunicacion-marketing-administraciones-publicas\/#%E2%9E%A1%EF%B8%8F_Prensa\" >\u27a1\ufe0f Prensa<\/a><\/li><li class='ez-toc-page-1 ez-toc-heading-level-3'><a class=\"ez-toc-link ez-toc-heading-14\" href=\"https:\/\/pedroirustamendieta.com\/es\/podcast-estrategia-comunicacion-marketing-administraciones-publicas\/#%E2%9E%A1%EF%B8%8F_Instituciones_culturales\" >\u27a1\ufe0f Instituciones culturales<\/a><\/li><\/ul><\/li><li class='ez-toc-page-1 ez-toc-heading-level-2'><a class=\"ez-toc-link ez-toc-heading-15\" href=\"https:\/\/pedroirustamendieta.com\/es\/podcast-estrategia-comunicacion-marketing-administraciones-publicas\/#%C2%BFDonde_alojar_el_podcast\" >\u00bfD\u00f3nde alojar el podcast?<\/a><\/li><\/ul><\/nav><\/div>\n<h2><span class=\"ez-toc-section\" id=\"%C2%BFQue_es_un_podcast_y_cuales_son_sus_posibilidades\"><\/span><a href=\"https:\/\/pedroirustamendieta.com\/wp-content\/uploads\/2021\/02\/microfono-e1612650085930.png\"><img decoding=\"async\" class=\"alignleft size-full wp-image-1912\" src=\"https:\/\/pedroirustamendieta.com\/wp-content\/uploads\/2021\/02\/microfono-e1612650085930.png\" alt=\"\" width=\"100\" height=\"100\" \/><\/a><strong>\u00bfQu\u00e9 es un podcast y cu\u00e1les son sus posibilidades?<\/strong><span class=\"ez-toc-section-end\"><\/span><\/h2>\n<p>Un <strong>podcast<\/strong> se refiere a <strong>contenidos multimedia por episodios de audio<\/strong>, que se publican con cierta periodicidad y se alojan en RSS, con la <strong>posibilidad de o\u00edrse en vivo<\/strong>, pero <strong>tambi\u00e9n de descargarse para escucharse cuando se desee<\/strong>.<\/p>\n<p>Tiene <strong>capacidad de ofrecer subscripci\u00f3n<\/strong>, por lo que cada vez que salga un episodio nuevo, ser\u00e1 notificado al subscriptor de manera que este pueda escucharlo inmediatamente.<\/p>\n<p>El podcasting, aunque existe desde hace m\u00e1s de dos d\u00e9cadas, ha tenido especial auge en la \u00faltima. Los oyentes y los podcasters han descubierto en esta herramienta una <strong>forma \u2018\u00edntima\u2019 de comunicarse<\/strong> unos con otros.<\/p>\n<p>Lo que por otro lado lo hace valioso a la hora de usarlo en las estrategias de marketing, generando confianza y cercan\u00eda entre una empresa o instituci\u00f3n y sus usuarios.<\/p>\n<p>Hacer un<strong> podcast supone abrir una ventana a nuevas posibilidades como instituci\u00f3n y como empresa<\/strong>, adem\u00e1s de ser muy f\u00e1cil, as\u00ed que <strong>no deber\u00eda descartarse en estrategias de comunicaci\u00f3n y marketing<\/strong>.<\/p>\n<p>El podcast tiene muchas posibilidades y se adapta a diferentes tipos de situaciones y objetivos, y en la \u00faltima d\u00e9cada hemos evidenciado su gran potencial.<\/p>\n<h2><span class=\"ez-toc-section\" id=\"Estrategias_de_comunicacion_y_marketing_en_las_administraciones_publicas\"><\/span><a href=\"https:\/\/pedroirustamendieta.com\/wp-content\/uploads\/2021\/02\/estrategia-de-mercadeo.png\"><img decoding=\"async\" class=\"alignleft wp-image-1914\" src=\"https:\/\/pedroirustamendieta.com\/wp-content\/uploads\/2021\/02\/estrategia-de-mercadeo.png\" alt=\"estrategia-comunicaci\u00f3n\" width=\"100\" height=\"100\" srcset=\"https:\/\/pedroirustamendieta.com\/wp-content\/uploads\/2021\/02\/estrategia-de-mercadeo.png 512w, https:\/\/pedroirustamendieta.com\/wp-content\/uploads\/2021\/02\/estrategia-de-mercadeo-300x300.png 300w, https:\/\/pedroirustamendieta.com\/wp-content\/uploads\/2021\/02\/estrategia-de-mercadeo-150x150.png 150w\" sizes=\"(max-width: 100px) 100vw, 100px\" \/><\/a><strong>Estrategias de comunicaci\u00f3n y marketing en las administraciones p\u00fablicas<\/strong><span class=\"ez-toc-section-end\"><\/span><\/h2>\n<p>Las instituciones y organizaciones p\u00fablicas tambi\u00e9n necesitan estrategias de marketing y comunicaci\u00f3n para operar.<\/p>\n<p>El <strong>marketing<\/strong> no s\u00f3lo se trata de vender, y el <strong>objetivo principal tambi\u00e9n es el de satisfacer las necesidades de un usuario<\/strong>, que en este caso son los ciudadanos.<\/p>\n<p>Antes de implementar un podcast como estrategia de comunicaci\u00f3n en las administraciones p\u00fablicas se deben tener en cuenta la mayor\u00eda de estos <strong>elementos<\/strong>:<\/p>\n<ul>\n<li>Conocimiento del mercado, a trav\u00e9s de investigaciones o encuestas de opini\u00f3n, entre otras herramientas.<\/li>\n<li>Desarrollo y mejora de productos y servicios p\u00fablicos mediante la identificaci\u00f3n de las audiencias.<\/li>\n<li>Comunicaci\u00f3n eficaz con los distintos p\u00fablicos clave.<\/li>\n<li>Lograr la satisfacci\u00f3n del usuario, dando respuestas y soluciones, y haciendo seguimiento de los casos.<\/li>\n<\/ul>\n<p>Muchos de estos elementos pueden resolverse sobre la marcha, a medida que se vaya viendo la repercusi\u00f3n del podcast como estrategia de comunicaci\u00f3n y marketing, como por ejemplo la monitorizaci\u00f3n de los archivos RSS que han sido publicados.<\/p>\n<h2><span class=\"ez-toc-section\" id=\"Ventajas_del_podcasting_en_las_administraciones_publicas\"><\/span><a href=\"https:\/\/pedroirustamendieta.com\/wp-content\/uploads\/2021\/02\/ventajas-e1612650373491.png\"><img decoding=\"async\" class=\"alignleft size-full wp-image-1916\" src=\"https:\/\/pedroirustamendieta.com\/wp-content\/uploads\/2021\/02\/ventajas-e1612650373491.png\" alt=\"ventajas\" width=\"100\" height=\"100\" \/><\/a><strong>Ventajas del podcasting en las administraciones p\u00fablicas<\/strong><span class=\"ez-toc-section-end\"><\/span><\/h2>\n<p>Como estrategia de marketing, el podcasting tiene muchas ventajas que puede que no conozcas a\u00fan. A continuaci\u00f3n, te cuento las m\u00e1s interesantes y sobresalientes:<\/p>\n<ul>\n<li><strong>Optimizaci\u00f3n en la transmisi\u00f3n de la informaci\u00f3n<\/strong>. El podcasting como herramienta de comunicaci\u00f3n es capaz, de por s\u00ed solo, de establecer canales efectivos de informaci\u00f3n de inter\u00e9s para el usuario<\/li>\n<\/ul>\n<ul>\n<li><strong>Mejora de la gesti\u00f3n p\u00fablica<\/strong>. Con la implementaci\u00f3n de un podcast y la utilizaci\u00f3n de este como canal de transmisi\u00f3n de informaci\u00f3n pertinente, se puede mejorar la gesti\u00f3n p\u00fablica porque los ciudadanos estar\u00edan informados a la hora de realizar cualquier tr\u00e1mite p\u00fablico, lo que permitir\u00eda agilizar la gesti\u00f3n<strong>.<\/strong><\/li>\n<\/ul>\n<ul>\n<li><strong>Es econ\u00f3mico<\/strong>. <a href=\"https:\/\/www.podcastyradio.es\/desde-la-grabacion-hasta-la-publicacion-todos-los-pasos\/\">Hacer un podcast<\/a> es muy f\u00e1cil y econ\u00f3mico y no se requieren demasiados equipos t\u00e9cnicos a la hora de empezar con uno. De hecho, hacer un podcast y publicarlo, haci\u00e9ndolo llegar a las personas, es completamente gratuito.<\/li>\n<\/ul>\n<ul>\n<li><strong>Transparencia y eficacia<\/strong>. Como he citado anteriormente, una de las caracter\u00edsticas m\u00e1s valiosas que tiene el podcast es que genera un nivel de confianza e intimidad entre los oyentes y los podcasters, que en todo caso ser\u00eda el ente p\u00fablico. Al generar este nivel de cercan\u00eda, se genera tambi\u00e9n transparencia en las gestiones y la informaci\u00f3n que se brinda. Uno de los deberes de las instituciones p\u00fablicas es garantizar la transparencia en sus gestiones y actividades.<\/li>\n<\/ul>\n<ul>\n<li><strong>Genera un canal m\u00e1s para transmitir informaci\u00f3n<\/strong>. Al generar un canal extra como el podcast para transmitir informaci\u00f3n pertinente, puede que se encuentre un p\u00fablico al que por otro medio no hubiera sido posible llegar.<\/li>\n<\/ul>\n<ul>\n<li><strong>F\u00e1cil acceso para los oyentes<\/strong>. Debido a que el podcast s\u00f3lo es audio y es descargable, este puede ser escuchado mientras se hacen otras actividades importantes. De manera que no hay excusas para no escuchar un podcast.<\/li>\n<\/ul>\n<h2><span class=\"ez-toc-section\" id=\"Podcasts_de_diferentes_tematicas\"><\/span><a href=\"https:\/\/pedroirustamendieta.com\/wp-content\/uploads\/2021\/02\/podcast.png\"><img loading=\"lazy\" decoding=\"async\" class=\"alignleft size-full wp-image-1918\" src=\"https:\/\/pedroirustamendieta.com\/wp-content\/uploads\/2021\/02\/podcast-e1612650565903.png\" alt=\"podcast\" width=\"100\" height=\"100\" \/><\/a><strong>Podcasts de diferentes tem\u00e1ticas<\/strong><span class=\"ez-toc-section-end\"><\/span><\/h2>\n<p>Un podcast puede utilizarse para cumplir distintos objetivos, en funci\u00f3n de la tem\u00e1tica y categor\u00eda.<\/p>\n<p>Los <strong>podcasts de sociedad y cultura<\/strong>, los podcasts <strong>de noticias<\/strong> y podcasts <strong>de educaci\u00f3n<\/strong> son los que, probablemente, m\u00e1s se adaptan para la estrategia de comunicaci\u00f3n en las administraciones p\u00fablicas.<\/p>\n<h3><span class=\"ez-toc-section\" id=\"%E2%9E%A1%EF%B8%8F_Podcasts_de_sociedad_y_cultura\"><\/span><strong>\u27a1\ufe0f <\/strong><strong>Podcasts de sociedad y cultura<\/strong><span class=\"ez-toc-section-end\"><\/span><\/h3>\n<p>Uno de los principales deberes que tiene un gobierno es el de divulgar <strong>cultura para sus ciudadanos<\/strong>, y que los mismos tengan f\u00e1cil acceso a la misma.<\/p>\n<p>Una de las formas eficaces de lograr este objetivo es <strong>a trav\u00e9s de un podcast<\/strong>.<\/p>\n<p>En un podcast de este tipo pueden participar expertos que forman parte de las filas de un gobierno, as\u00ed como los entes eminentemente culturales (direcciones de museos, secretar\u00edas de cultura, etc). No deber\u00eda ser la \u00fanica estrategia, pero supone una perfecta manera de expandir la comunicaci\u00f3n institucional.<\/p>\n<h3><span class=\"ez-toc-section\" id=\"%E2%9E%A1%EF%B8%8F_Podcasts_de_noticias\"><\/span><strong>\u27a1\ufe0f <\/strong><strong>Podcasts de noticias<\/strong><span class=\"ez-toc-section-end\"><\/span><\/h3>\n<p>Este tipo de podcast es utilizado por instituciones p\u00fablicas para mantener informada a la poblaci\u00f3n sobre las <strong>noticias m\u00e1s relevantes<\/strong> con respecto al gobierno.<\/p>\n<p>Destacan las transmisiones de declaraciones oficiales, ruedas de prensa, celebraciones de aniversarios, actos de toma de posesi\u00f3n y dem\u00e1s eventos relevantes para el gobierno y los ciudadanos.<\/p>\n<p>Como ejemplo de este tipo de podcast, podemos encontrar el <a href=\"https:\/\/www.mscbs.gob.es\/gabinete\/audios.do?metodo=verAlbum&amp;album=202001\" target=\"_blank\" rel=\"noopener\"><strong>podcast noticioso del Gabinete De Prensa del Gobierno de Espa\u00f1a<\/strong><\/a>, que est\u00e1 disponible en la web oficial del Ministerio al alcance de todos.<strong>\u00a0<\/strong><\/p>\n<h3><span class=\"ez-toc-section\" id=\"%E2%9E%A1%EF%B8%8F_Podcasts_de_educacion\"><\/span><strong>\u27a1\ufe0f <\/strong><strong>Podcasts de educaci\u00f3n<\/strong><span class=\"ez-toc-section-end\"><\/span><\/h3>\n<p>Muchas instituciones p\u00fablicas educativas se apoyan en sus propios podcast para brindar una <strong>educaci\u00f3n completa<\/strong> a sus alumnos.<\/p>\n<p>Gracias a que los episodios del podcast quedan el tiempo que lo desee la instituci\u00f3n en la web, es una herramienta bastante accesible.<\/p>\n<p>Un ejemplo de esta iniciativa es el <a href=\"https:\/\/eclap.jcyl.es\/web\/es\/escuela-administracion-publica.html\" target=\"_blank\" rel=\"noopener\"><strong>Podcast Escuela de Administraci\u00f3n P\u00fablica de Castilla y Le\u00f3n<\/strong><\/a>, donde cuentan con episodios \u00fanicos de formaci\u00f3n de acuerdo a los t\u00f3picos que imparten.<\/p>\n<h3><span class=\"ez-toc-section\" id=\"%E2%9E%A1%EF%B8%8F_Podcasts_de_ciencia_y_salud\"><\/span><strong>\u27a1\ufe0f <\/strong><strong>Podcasts de ciencia y salud<\/strong><span class=\"ez-toc-section-end\"><\/span><\/h3>\n<p>Este tipo de podcast es bastante valioso, sobre todo en un contexto de crisis sanitaria, donde necesitamos estar informados siempre de los \u00faltimos avances, con respecto a los <strong>temas cient\u00edficos y relacionados al sector salud<\/strong> del pa\u00eds donde nos encontremos.<\/p>\n<p>Estos podcast son muy \u00fatiles para transmitir informaci\u00f3n veraz a la ciudadan\u00eda. Como ejemplo de un podcast de este estilo, podemos encontrar en la red el <a href=\"https:\/\/www.ciencia.gob.es\/portal\/site\/MICINN\/menuitem.edc7f2029a2be27d7010721001432ea0\/?vgnextoid=9ae4dcd5bf625710VgnVCM1000001d04140aRCRD&amp;vgnextchannel=f1e81f4368aef110VgnVCM1000001034e20aRCRD\" target=\"_blank\" rel=\"noopener\"><strong>podcast del nuevo espacio de divulgaci\u00f3n del Ministerio de Ciencia e Innovaci\u00f3n del Gobierno de Espa\u00f1a<\/strong><\/a>.<\/p>\n<h2><span class=\"ez-toc-section\" id=\"Podcast_para_el_servicio_publico\"><\/span><a href=\"https:\/\/pedroirustamendieta.com\/wp-content\/uploads\/2021\/02\/publico-e1612650849462.png\"><img loading=\"lazy\" decoding=\"async\" class=\"alignleft size-full wp-image-1920\" src=\"https:\/\/pedroirustamendieta.com\/wp-content\/uploads\/2021\/02\/publico-e1612650849462.png\" alt=\"publico\" width=\"100\" height=\"100\" \/><\/a><strong>Podcast para el servicio p\u00fablico<\/strong><span class=\"ez-toc-section-end\"><\/span><\/h2>\n<p>Realizar un podcast como parte de una estrategia de marketing supone generar contenido, continuamente, de relevancia y de calidad.<\/p>\n<p>El <strong>podcast<\/strong> es una canal efectivo para conectar de manera \u00fanica con el p\u00fablico y <strong>para ayudar a que el servicio p\u00fablico<\/strong>, cada vez m\u00e1s, <strong>ofrezca lo que los ciudadanos realmente necesitan<\/strong>.<\/p>\n<p>Por ello, es importante conocer a la audiencia y generar contenido pertinente. Tambi\u00e9n puede ser interesante implementar secciones de preguntas y respuestas para dar lugar a la interacci\u00f3n con el p\u00fablico.<\/p>\n<p>Todo esto, se logra con una buena estrategia de marketing y de comunicaci\u00f3n, donde exista una sinergia entre todos los canales predispuestos por las instituciones p\u00fablicas y organizaciones para generar contenido.<\/p>\n<p>El <strong>podcast<\/strong> debe formar parte de esa sinergia, y, <strong>bajo ning\u00fan concepto, debe contradecir el mensaje principal de todos los medios oficiales<\/strong> como los boletines informativos, infograf\u00edas, v\u00eddeotutoriales, v\u00eddeos testimoniales, aplicaciones de mensajer\u00eda instant\u00e1nea, entre otros canales.<\/p>\n<h2><span class=\"ez-toc-section\" id=\"Podcast_para_cada_tipo_de_administracion_publica\"><\/span><a href=\"https:\/\/pedroirustamendieta.com\/wp-content\/uploads\/2021\/02\/news-podcast-e1612651061908.png\"><img loading=\"lazy\" decoding=\"async\" class=\"alignleft size-full wp-image-1922\" src=\"https:\/\/pedroirustamendieta.com\/wp-content\/uploads\/2021\/02\/news-podcast-e1612651061908.png\" alt=\"news-podcast\" width=\"100\" height=\"100\" \/><\/a><strong>Podcast para cada tipo de administraci\u00f3n p\u00fablica<\/strong><span class=\"ez-toc-section-end\"><\/span><\/h2>\n<p>Dependiendo de cada instituci\u00f3n y su \u00e1rea, el podcast puede encajar en su estrategia de marketing de distinta manera:<\/p>\n<h3><span class=\"ez-toc-section\" id=\"%E2%9E%A1%EF%B8%8F_Instituciones_educativas\"><\/span><strong>\u27a1\ufe0f <\/strong><strong>Instituciones educativas<\/strong><span class=\"ez-toc-section-end\"><\/span><\/h3>\n<p>Cuando se trata de instituciones educativas p\u00fablicas, el <strong>podcast<\/strong> puede servir de <strong>complemento de la educaci\u00f3n gratuita y al acceso<\/strong> de todos.<\/p>\n<p>El podcast, de por s\u00ed, es un elemento muy accesible y asequible, y es la herramienta perfecta para compartir conocimientos y mantener informados a los alumnos de estas instituciones.<\/p>\n<h3><span class=\"ez-toc-section\" id=\"%E2%9E%A1%EF%B8%8F_Instituciones_de_salud\"><\/span><strong>\u27a1\ufe0f <\/strong><strong>Instituciones de salud<\/strong><span class=\"ez-toc-section-end\"><\/span><\/h3>\n<p>Cuando se habla de la gesti\u00f3n de las <strong>instituciones p\u00fablicas de salud<\/strong>, el podcast puede ser muy \u00fatil en estos procesos.<\/p>\n<p>A trav\u00e9s de encuestas o sitios web oficiales, se pueden conocer las preguntas e inquietudes m\u00e1s comunes que tienen los ciudadanos.<\/p>\n<p>Y tratar de responderlas con el contenido de los podcast de instituciones p\u00fablicas de salud, puede ser un recurso informativo y de mucho inter\u00e9s.<\/p>\n<h3><span class=\"ez-toc-section\" id=\"%E2%9E%A1%EF%B8%8F_Prensa\"><\/span><strong>\u27a1\ufe0f <\/strong><strong>Prensa<\/strong><span class=\"ez-toc-section-end\"><\/span><\/h3>\n<p>La <strong>prensa oficial del gobierno de un pa\u00eds<\/strong> puede valerse de la herramienta del podcast para transmitir y dejar en archivo, noticias pertinentes para el ciudadano.<\/p>\n<h3><span class=\"ez-toc-section\" id=\"%E2%9E%A1%EF%B8%8F_Instituciones_culturales\"><\/span><strong>\u27a1\ufe0f <\/strong><strong>Instituciones culturales<\/strong><span class=\"ez-toc-section-end\"><\/span><\/h3>\n<p>A trav\u00e9s de un <strong>podcast<\/strong>, se puede llegar a m\u00e1s lugares y a m\u00e1s gente <strong>para divulgar la cultura y la historia<\/strong>.<\/p>\n<p>De esa manera, se puede lograr, junto con otras estrategias, ciudadanos m\u00e1s conscientes de su acervo hist\u00f3rico y cultural, lo que llevar\u00e1 a instaurar m\u00e1s sensibilidad.<\/p>\n<h2><span class=\"ez-toc-section\" id=\"%C2%BFDonde_alojar_el_podcast\"><\/span><img loading=\"lazy\" decoding=\"async\" class=\"alignleft size-full wp-image-1924\" src=\"https:\/\/pedroirustamendieta.com\/wp-content\/uploads\/2021\/02\/rss-e1612651381419.png\" alt=\"rss\" width=\"100\" height=\"100\" \/><strong>\u00bfD\u00f3nde alojar el podcast?<\/strong><span class=\"ez-toc-section-end\"><\/span><\/h2>\n<p>Cuando se trata de la <strong>administraci\u00f3n p\u00fablica<\/strong>, esta debe ofrecer <strong>podcasts gratuitos y de libre divulgaci\u00f3n<\/strong>.<\/p>\n<p>Se recomienda, por tanto, que el <strong>podcast<\/strong> est\u00e9 <strong>disponible para su reproducci\u00f3n<\/strong>, <strong>de manera gratuita<\/strong>, en la <strong>p\u00e1gina web oficial de la instituci\u00f3n<\/strong>, <strong>as\u00ed como en plataformas que sean gratuitas<\/strong>, tanto para alojar como para distribuir los episodios.<\/p>\n<p>Lo que deber\u00eda tenerse en cuenta es que el podcast debe vivir en un <strong>alojamiento de feed RSS libre<\/strong> para que se incluya en los directorios de podcast m\u00e1s populares y consiga as\u00ed m\u00e1s popularidad y repercusi\u00f3n.<\/p>\n<p>Espero que este art\u00edculo haya cumplido con su meta de informar sobre las posibilidades que trae el podcast para la estrategia de comunicaci\u00f3n, en el marco de las organizaciones p\u00fablicas, y puedas considerar incluir este formato al plan de difusi\u00f3n de tu \u00e1rea.<\/p>\n<p><strong>\u00bfUtiliza el podcast como herramienta de comunicaci\u00f3n la instituci\u00f3n p\u00fablica para la que trabajas?<\/strong><\/p>\n<p><strong>An\u00edmate a escribir un comentario y contar tu experiencia.<\/strong><\/p>\n<p>Muchas gracias.<\/p>\n","protected":false},"excerpt":{"rendered":"<p>1.4kviewsEl Podcasting se ha convertido, en los \u00faltimos tiempos, en una de las t\u00e9cnicas m\u00e1s utilizadas por numerosas marcas, negocios y entidades para completar sus estrategias de comunicaci\u00f3n y marketing. Pero, \u00bfqu\u00e9 es lo que ocurre en el caso de las instituciones p\u00fablicas? \u00bfSon conscientes del gran potencial del podcast para dar cuenta de sus &#8230; <a title=\"El Podcast como parte de la estrategia de comunicaci\u00f3n y marketing en las administraciones p\u00fablicas\" class=\"read-more\" href=\"https:\/\/pedroirustamendieta.com\/es\/podcast-estrategia-comunicacion-marketing-administraciones-publicas\/\" aria-label=\"M\u00e1s en El Podcast como parte de la estrategia de comunicaci\u00f3n y marketing en las administraciones p\u00fablicas\">Leer m\u00e1s<\/a><\/p>\n","protected":false},"author":3,"featured_media":1910,"comment_status":"open","ping_status":"open","sticky":false,"template":"","format":"standard","meta":{"episode_type":"","audio_file":"","podmotor_file_id":"","podmotor_episode_id":"","cover_image":"","cover_image_id":"","duration":"","filesize":"","filesize_raw":"","date_recorded":"","explicit":"","block":"","footnotes":""},"categories":[26],"tags":[56,95,94],"series":[],"class_list":["post-1906","post","type-post","status-publish","format-standard","has-post-thumbnail","hentry","category-comunicacion","tag-administracion-publica","tag-estrategia-de-marketing-y-comunicacion","tag-podcast","generate-columns","tablet-grid-50","mobile-grid-100","grid-parent","grid-50"],"episode_featured_image":"https:\/\/pedroirustamendieta.com\/wp-content\/uploads\/2021\/02\/Podcasting-en-administraciones-pu\u0301blicas.jpg","episode_player_image":"https:\/\/pedroirustamendieta.com\/wp-content\/uploads\/2022\/11\/33654374-1667930359655-60bf102db51fd-scaled.jpg","download_link":"","player_link":"","audio_player":false,"episode_data":{"playerMode":"light","subscribeUrls":{"anchor":{"key":"anchor","url":"https:\/\/anchor.fm\/comunicardesdelopublico","label":"Anchor","class":"anchor","icon":"anchor.png"},"apple_podcasts":{"key":"apple_podcasts","url":"https:\/\/podcasts.apple.com\/es\/podcast\/comunicar-desde-lo-p%C3%BAblico\/id1653681642","label":"Apple Podcasts","class":"apple_podcasts","icon":"apple-podcasts.png"},"google_podcasts":{"key":"google_podcasts","url":"https:\/\/podcasts.google.com\/feed\/aHR0cHM6Ly9hbmNob3IuZm0vcy9jOTMxMTY1OC9wb2RjYXN0L3Jzcw","label":"Google Podcasts","class":"google_podcasts","icon":"google-podcasts.png"},"spotify":{"key":"spotify","url":"https:\/\/open.spotify.com\/show\/1X7dc6ZTSESAnUUuHRat7J","label":"Spotify","class":"spotify","icon":"spotify.png"},"spreaker":{"key":"spreaker","url":"https:\/\/www.spreaker.com\/show\/comunicar-desde-lo-publico","label":"Spreaker","class":"spreaker","icon":"spreaker.png"},"stitcher":{"key":"stitcher","url":"","label":"Stitcher","class":"stitcher","icon":"stitcher.png"},"ivoox":{"key":"ivoox","url":"https:\/\/www.ivoox.com\/podcast-comunicar-desde-lo-publico_sq_f11717056_1.html","label":"iVoox","class":"ivoox","icon":"ivoox.png"}},"rssFeedUrl":"https:\/\/pedroirustamendieta.com\/es\/feed\/podcast\/default-podcast","embedCode":"<blockquote class=\"wp-embedded-content\" data-secret=\"AczBQbF1IK\"><a href=\"https:\/\/pedroirustamendieta.com\/es\/podcast-estrategia-comunicacion-marketing-administraciones-publicas\/\">El Podcast como parte de la estrategia de comunicaci\u00f3n y marketing en las administraciones p\u00fablicas<\/a><\/blockquote><iframe sandbox=\"allow-scripts\" security=\"restricted\" src=\"https:\/\/pedroirustamendieta.com\/es\/podcast-estrategia-comunicacion-marketing-administraciones-publicas\/embed\/#?secret=AczBQbF1IK\" width=\"500\" height=\"350\" title=\"\u00abEl Podcast como parte de la estrategia de comunicaci\u00f3n y marketing en las administraciones p\u00fablicas\u00bb \u2014 Pedro Irusta Mendieta: Comunicaci\u00f3n p\u00fablica\" data-secret=\"AczBQbF1IK\" frameborder=\"0\" marginwidth=\"0\" marginheight=\"0\" scrolling=\"no\" class=\"wp-embedded-content\"><\/iframe><script>\n\/*! This file is auto-generated *\/\n!function(d,l){\"use strict\";l.querySelector&&d.addEventListener&&\"undefined\"!=typeof URL&&(d.wp=d.wp||{},d.wp.receiveEmbedMessage||(d.wp.receiveEmbedMessage=function(e){var t=e.data;if((t||t.secret||t.message||t.value)&&!\/[^a-zA-Z0-9]\/.test(t.secret)){for(var s,r,n,a=l.querySelectorAll('iframe[data-secret=\"'+t.secret+'\"]'),o=l.querySelectorAll('blockquote[data-secret=\"'+t.secret+'\"]'),c=new RegExp(\"^https?:$\",\"i\"),i=0;i<o.length;i++)o[i].style.display=\"none\";for(i=0;i<a.length;i++)s=a[i],e.source===s.contentWindow&&(s.removeAttribute(\"style\"),\"height\"===t.message?(1e3<(r=parseInt(t.value,10))?r=1e3:~~r<200&&(r=200),s.height=r):\"link\"===t.message&&(r=new URL(s.getAttribute(\"src\")),n=new URL(t.value),c.test(n.protocol))&&n.host===r.host&&l.activeElement===s&&(d.top.location.href=t.value))}},d.addEventListener(\"message\",d.wp.receiveEmbedMessage,!1),l.addEventListener(\"DOMContentLoaded\",function(){for(var e,t,s=l.querySelectorAll(\"iframe.wp-embedded-content\"),r=0;r<s.length;r++)(t=(e=s[r]).getAttribute(\"data-secret\"))||(t=Math.random().toString(36).substring(2,12),e.src+=\"#?secret=\"+t,e.setAttribute(\"data-secret\",t)),e.contentWindow.postMessage({message:\"ready\",secret:t},\"*\")},!1)))}(window,document);\n\/\/# sourceURL=https:\/\/pedroirustamendieta.com\/wp-includes\/js\/wp-embed.min.js\n<\/script>\n"},"yoast_head":"<!-- This site is optimized with the Yoast SEO plugin v27.3 - https:\/\/yoast.com\/product\/yoast-seo-wordpress\/ -->\n<title>Podcast como parte de la estrategia de comunicaci\u00f3n en una Administraci\u00f3n P\u00fablica<\/title>\n<meta name=\"description\" content=\"Conoce, en este post, los beneficios de aplicar el podcast como parte de la estrategia de comunicaci\u00f3n en una Administraci\u00f3n P\u00fablica.\" \/>\n<meta name=\"robots\" content=\"index, follow, max-snippet:-1, max-image-preview:large, max-video-preview:-1\" \/>\n<link rel=\"canonical\" href=\"https:\/\/pedroirustamendieta.com\/es\/podcast-estrategia-comunicacion-marketing-administraciones-publicas\/\" \/>\n<meta property=\"og:locale\" content=\"es_ES\" \/>\n<meta property=\"og:type\" content=\"article\" \/>\n<meta property=\"og:title\" content=\"Podcast como parte de la estrategia de comunicaci\u00f3n en una Administraci\u00f3n P\u00fablica\" \/>\n<meta property=\"og:description\" content=\"Conoce, en este post, los beneficios de aplicar el podcast como parte de la estrategia de comunicaci\u00f3n en una Administraci\u00f3n P\u00fablica.\" \/>\n<meta property=\"og:url\" content=\"https:\/\/pedroirustamendieta.com\/es\/podcast-estrategia-comunicacion-marketing-administraciones-publicas\/\" \/>\n<meta property=\"og:site_name\" content=\"Pedro Irusta Mendieta: Comunicaci\u00f3n p\u00fablica\" \/>\n<meta property=\"article:author\" content=\"https:\/\/www.facebook.com\/buscadordepodcasts\" \/>\n<meta property=\"article:published_time\" content=\"2021-02-08T08:30:45+00:00\" \/>\n<meta property=\"article:modified_time\" content=\"2021-02-08T08:36:48+00:00\" \/>\n<meta property=\"og:image\" content=\"https:\/\/pedroirustamendieta.com\/wp-content\/uploads\/2021\/02\/Podcasting-en-administraciones-pu\u0301blicas.jpg\" \/>\n\t<meta property=\"og:image:width\" content=\"1920\" \/>\n\t<meta property=\"og:image:height\" content=\"1080\" \/>\n\t<meta property=\"og:image:type\" content=\"image\/jpeg\" \/>\n<meta name=\"author\" content=\"Ana In\u00e9s Rodr\u00edguez Giles\" \/>\n<meta name=\"twitter:card\" content=\"summary_large_image\" \/>\n<meta name=\"twitter:site\" content=\"@Pedro__Irusta\" \/>\n<meta name=\"twitter:label1\" content=\"Escrito por\" \/>\n\t<meta name=\"twitter:data1\" content=\"Ana In\u00e9s Rodr\u00edguez Giles\" \/>\n\t<meta name=\"twitter:label2\" content=\"Tiempo de lectura\" \/>\n\t<meta name=\"twitter:data2\" content=\"10 minutos\" \/>\n<script type=\"application\/ld+json\" class=\"yoast-schema-graph\">{\"@context\":\"https:\\\/\\\/schema.org\",\"@graph\":[{\"@type\":\"Article\",\"@id\":\"https:\\\/\\\/pedroirustamendieta.com\\\/es\\\/podcast-estrategia-comunicacion-marketing-administraciones-publicas\\\/#article\",\"isPartOf\":{\"@id\":\"https:\\\/\\\/pedroirustamendieta.com\\\/es\\\/podcast-estrategia-comunicacion-marketing-administraciones-publicas\\\/\"},\"author\":{\"name\":\"Ana In\u00e9s Rodr\u00edguez Giles\",\"@id\":\"https:\\\/\\\/pedroirustamendieta.com\\\/es\\\/#\\\/schema\\\/person\\\/08b81a48a63a486d747190272cb1cc29\"},\"headline\":\"El Podcast como parte de la estrategia de comunicaci\u00f3n y marketing en las administraciones p\u00fablicas\",\"datePublished\":\"2021-02-08T08:30:45+00:00\",\"dateModified\":\"2021-02-08T08:36:48+00:00\",\"mainEntityOfPage\":{\"@id\":\"https:\\\/\\\/pedroirustamendieta.com\\\/es\\\/podcast-estrategia-comunicacion-marketing-administraciones-publicas\\\/\"},\"wordCount\":2096,\"commentCount\":0,\"publisher\":{\"@id\":\"https:\\\/\\\/pedroirustamendieta.com\\\/es\\\/#\\\/schema\\\/person\\\/b5123b985a77b0db9e354a1134eb3087\"},\"image\":{\"@id\":\"https:\\\/\\\/pedroirustamendieta.com\\\/es\\\/podcast-estrategia-comunicacion-marketing-administraciones-publicas\\\/#primaryimage\"},\"thumbnailUrl\":\"https:\\\/\\\/pedroirustamendieta.com\\\/wp-content\\\/uploads\\\/2021\\\/02\\\/Podcasting-en-administraciones-pu\u0301blicas.jpg\",\"keywords\":[\"Administraci\u00f3n P\u00fablica\",\"Estrategia de Marketing y Comunicaci\u00f3n\",\"Podcast\"],\"articleSection\":[\"Comunicaci\u00f3n\"],\"inLanguage\":\"es\",\"potentialAction\":[{\"@type\":\"CommentAction\",\"name\":\"Comment\",\"target\":[\"https:\\\/\\\/pedroirustamendieta.com\\\/es\\\/podcast-estrategia-comunicacion-marketing-administraciones-publicas\\\/#respond\"]}]},{\"@type\":\"WebPage\",\"@id\":\"https:\\\/\\\/pedroirustamendieta.com\\\/es\\\/podcast-estrategia-comunicacion-marketing-administraciones-publicas\\\/\",\"url\":\"https:\\\/\\\/pedroirustamendieta.com\\\/es\\\/podcast-estrategia-comunicacion-marketing-administraciones-publicas\\\/\",\"name\":\"Podcast como parte de la estrategia de comunicaci\u00f3n en una Administraci\u00f3n P\u00fablica\",\"isPartOf\":{\"@id\":\"https:\\\/\\\/pedroirustamendieta.com\\\/es\\\/#website\"},\"primaryImageOfPage\":{\"@id\":\"https:\\\/\\\/pedroirustamendieta.com\\\/es\\\/podcast-estrategia-comunicacion-marketing-administraciones-publicas\\\/#primaryimage\"},\"image\":{\"@id\":\"https:\\\/\\\/pedroirustamendieta.com\\\/es\\\/podcast-estrategia-comunicacion-marketing-administraciones-publicas\\\/#primaryimage\"},\"thumbnailUrl\":\"https:\\\/\\\/pedroirustamendieta.com\\\/wp-content\\\/uploads\\\/2021\\\/02\\\/Podcasting-en-administraciones-pu\u0301blicas.jpg\",\"datePublished\":\"2021-02-08T08:30:45+00:00\",\"dateModified\":\"2021-02-08T08:36:48+00:00\",\"description\":\"Conoce, en este post, los beneficios de aplicar el podcast como parte de la estrategia de comunicaci\u00f3n en una Administraci\u00f3n P\u00fablica.\",\"breadcrumb\":{\"@id\":\"https:\\\/\\\/pedroirustamendieta.com\\\/es\\\/podcast-estrategia-comunicacion-marketing-administraciones-publicas\\\/#breadcrumb\"},\"inLanguage\":\"es\",\"potentialAction\":[{\"@type\":\"ReadAction\",\"target\":[\"https:\\\/\\\/pedroirustamendieta.com\\\/es\\\/podcast-estrategia-comunicacion-marketing-administraciones-publicas\\\/\"]}]},{\"@type\":\"ImageObject\",\"inLanguage\":\"es\",\"@id\":\"https:\\\/\\\/pedroirustamendieta.com\\\/es\\\/podcast-estrategia-comunicacion-marketing-administraciones-publicas\\\/#primaryimage\",\"url\":\"https:\\\/\\\/pedroirustamendieta.com\\\/wp-content\\\/uploads\\\/2021\\\/02\\\/Podcasting-en-administraciones-pu\u0301blicas.jpg\",\"contentUrl\":\"https:\\\/\\\/pedroirustamendieta.com\\\/wp-content\\\/uploads\\\/2021\\\/02\\\/Podcasting-en-administraciones-pu\u0301blicas.jpg\",\"width\":1920,\"height\":1080,\"caption\":\"Podcast-como-estrategia-de-comunicaci\u00f3n-en-administraciones-p\u00fablicas\"},{\"@type\":\"BreadcrumbList\",\"@id\":\"https:\\\/\\\/pedroirustamendieta.com\\\/es\\\/podcast-estrategia-comunicacion-marketing-administraciones-publicas\\\/#breadcrumb\",\"itemListElement\":[{\"@type\":\"ListItem\",\"position\":1,\"name\":\"Portada\",\"item\":\"https:\\\/\\\/pedroirustamendieta.com\\\/es\\\/\"},{\"@type\":\"ListItem\",\"position\":2,\"name\":\"El Podcast como parte de la estrategia de comunicaci\u00f3n y marketing en las administraciones p\u00fablicas\"}]},{\"@type\":\"WebSite\",\"@id\":\"https:\\\/\\\/pedroirustamendieta.com\\\/es\\\/#website\",\"url\":\"https:\\\/\\\/pedroirustamendieta.com\\\/es\\\/\",\"name\":\"Pedro Irusta Mendieta: Comunicaci\u00f3n y Transparencia en las administraciones p\u00fablicas\",\"description\":\"Blog de Comunicaci\u00f3n y administraciones p\u00fablicas\",\"publisher\":{\"@id\":\"https:\\\/\\\/pedroirustamendieta.com\\\/es\\\/#\\\/schema\\\/person\\\/b5123b985a77b0db9e354a1134eb3087\"},\"potentialAction\":[{\"@type\":\"SearchAction\",\"target\":{\"@type\":\"EntryPoint\",\"urlTemplate\":\"https:\\\/\\\/pedroirustamendieta.com\\\/es\\\/?s={search_term_string}\"},\"query-input\":{\"@type\":\"PropertyValueSpecification\",\"valueRequired\":true,\"valueName\":\"search_term_string\"}}],\"inLanguage\":\"es\"},{\"@type\":[\"Person\",\"Organization\"],\"@id\":\"https:\\\/\\\/pedroirustamendieta.com\\\/es\\\/#\\\/schema\\\/person\\\/b5123b985a77b0db9e354a1134eb3087\",\"name\":\"Pedro Irusta Mendieta\",\"image\":{\"@type\":\"ImageObject\",\"inLanguage\":\"es\",\"@id\":\"https:\\\/\\\/pedroirustamendieta.com\\\/wp-content\\\/uploads\\\/2019\\\/02\\\/pedro-irusta-mendieta.png\",\"url\":\"https:\\\/\\\/pedroirustamendieta.com\\\/wp-content\\\/uploads\\\/2019\\\/02\\\/pedro-irusta-mendieta.png\",\"contentUrl\":\"https:\\\/\\\/pedroirustamendieta.com\\\/wp-content\\\/uploads\\\/2019\\\/02\\\/pedro-irusta-mendieta.png\",\"width\":375,\"height\":53,\"caption\":\"Pedro Irusta Mendieta\"},\"logo\":{\"@id\":\"https:\\\/\\\/pedroirustamendieta.com\\\/wp-content\\\/uploads\\\/2019\\\/02\\\/pedro-irusta-mendieta.png\"},\"description\":\"Periodista y funcionario local, especializado en comunicaci\u00f3n institucional.\",\"sameAs\":[\"https:\\\/\\\/pedroirustamendieta.com\\\/\",\"https:\\\/\\\/www.instagram.com\\\/pedroirustamendieta\",\"https:\\\/\\\/x.com\\\/Pedro__Irusta\"]},{\"@type\":\"Person\",\"@id\":\"https:\\\/\\\/pedroirustamendieta.com\\\/es\\\/#\\\/schema\\\/person\\\/08b81a48a63a486d747190272cb1cc29\",\"name\":\"Ana In\u00e9s Rodr\u00edguez Giles\",\"image\":{\"@type\":\"ImageObject\",\"inLanguage\":\"es\",\"@id\":\"https:\\\/\\\/secure.gravatar.com\\\/avatar\\\/2e125726c38bcc5e465dc9f4f6a8b82be000359f76d30f624e5c0a99c4c686c8?s=96&d=mm&r=g\",\"url\":\"https:\\\/\\\/secure.gravatar.com\\\/avatar\\\/2e125726c38bcc5e465dc9f4f6a8b82be000359f76d30f624e5c0a99c4c686c8?s=96&d=mm&r=g\",\"contentUrl\":\"https:\\\/\\\/secure.gravatar.com\\\/avatar\\\/2e125726c38bcc5e465dc9f4f6a8b82be000359f76d30f624e5c0a99c4c686c8?s=96&d=mm&r=g\",\"caption\":\"Ana In\u00e9s Rodr\u00edguez Giles\"},\"description\":\"Emprendedora digital y manager de contenidos en Podcast y Radio (Directorio de podcasts en espa\u00f1ol).\",\"sameAs\":[\"https:\\\/\\\/www.facebook.com\\\/buscadordepodcasts\"]}]}<\/script>\n<!-- \/ Yoast SEO plugin. -->","yoast_head_json":{"title":"Podcast como parte de la estrategia de comunicaci\u00f3n en una Administraci\u00f3n P\u00fablica","description":"Conoce, en este post, los beneficios de aplicar el podcast como parte de la estrategia de comunicaci\u00f3n en una Administraci\u00f3n P\u00fablica.","robots":{"index":"index","follow":"follow","max-snippet":"max-snippet:-1","max-image-preview":"max-image-preview:large","max-video-preview":"max-video-preview:-1"},"canonical":"https:\/\/pedroirustamendieta.com\/es\/podcast-estrategia-comunicacion-marketing-administraciones-publicas\/","og_locale":"es_ES","og_type":"article","og_title":"Podcast como parte de la estrategia de comunicaci\u00f3n en una Administraci\u00f3n P\u00fablica","og_description":"Conoce, en este post, los beneficios de aplicar el podcast como parte de la estrategia de comunicaci\u00f3n en una Administraci\u00f3n P\u00fablica.","og_url":"https:\/\/pedroirustamendieta.com\/es\/podcast-estrategia-comunicacion-marketing-administraciones-publicas\/","og_site_name":"Pedro Irusta Mendieta: Comunicaci\u00f3n p\u00fablica","article_author":"https:\/\/www.facebook.com\/buscadordepodcasts","article_published_time":"2021-02-08T08:30:45+00:00","article_modified_time":"2021-02-08T08:36:48+00:00","og_image":[{"width":1920,"height":1080,"url":"https:\/\/pedroirustamendieta.com\/wp-content\/uploads\/2021\/02\/Podcasting-en-administraciones-pu\u0301blicas.jpg","type":"image\/jpeg"}],"author":"Ana In\u00e9s Rodr\u00edguez Giles","twitter_card":"summary_large_image","twitter_site":"@Pedro__Irusta","twitter_misc":{"Escrito por":"Ana In\u00e9s Rodr\u00edguez Giles","Tiempo de lectura":"10 minutos"},"schema":{"@context":"https:\/\/schema.org","@graph":[{"@type":"Article","@id":"https:\/\/pedroirustamendieta.com\/es\/podcast-estrategia-comunicacion-marketing-administraciones-publicas\/#article","isPartOf":{"@id":"https:\/\/pedroirustamendieta.com\/es\/podcast-estrategia-comunicacion-marketing-administraciones-publicas\/"},"author":{"name":"Ana In\u00e9s Rodr\u00edguez Giles","@id":"https:\/\/pedroirustamendieta.com\/es\/#\/schema\/person\/08b81a48a63a486d747190272cb1cc29"},"headline":"El Podcast como parte de la estrategia de comunicaci\u00f3n y marketing en las administraciones p\u00fablicas","datePublished":"2021-02-08T08:30:45+00:00","dateModified":"2021-02-08T08:36:48+00:00","mainEntityOfPage":{"@id":"https:\/\/pedroirustamendieta.com\/es\/podcast-estrategia-comunicacion-marketing-administraciones-publicas\/"},"wordCount":2096,"commentCount":0,"publisher":{"@id":"https:\/\/pedroirustamendieta.com\/es\/#\/schema\/person\/b5123b985a77b0db9e354a1134eb3087"},"image":{"@id":"https:\/\/pedroirustamendieta.com\/es\/podcast-estrategia-comunicacion-marketing-administraciones-publicas\/#primaryimage"},"thumbnailUrl":"https:\/\/pedroirustamendieta.com\/wp-content\/uploads\/2021\/02\/Podcasting-en-administraciones-pu\u0301blicas.jpg","keywords":["Administraci\u00f3n P\u00fablica","Estrategia de Marketing y Comunicaci\u00f3n","Podcast"],"articleSection":["Comunicaci\u00f3n"],"inLanguage":"es","potentialAction":[{"@type":"CommentAction","name":"Comment","target":["https:\/\/pedroirustamendieta.com\/es\/podcast-estrategia-comunicacion-marketing-administraciones-publicas\/#respond"]}]},{"@type":"WebPage","@id":"https:\/\/pedroirustamendieta.com\/es\/podcast-estrategia-comunicacion-marketing-administraciones-publicas\/","url":"https:\/\/pedroirustamendieta.com\/es\/podcast-estrategia-comunicacion-marketing-administraciones-publicas\/","name":"Podcast como parte de la estrategia de comunicaci\u00f3n en una Administraci\u00f3n P\u00fablica","isPartOf":{"@id":"https:\/\/pedroirustamendieta.com\/es\/#website"},"primaryImageOfPage":{"@id":"https:\/\/pedroirustamendieta.com\/es\/podcast-estrategia-comunicacion-marketing-administraciones-publicas\/#primaryimage"},"image":{"@id":"https:\/\/pedroirustamendieta.com\/es\/podcast-estrategia-comunicacion-marketing-administraciones-publicas\/#primaryimage"},"thumbnailUrl":"https:\/\/pedroirustamendieta.com\/wp-content\/uploads\/2021\/02\/Podcasting-en-administraciones-pu\u0301blicas.jpg","datePublished":"2021-02-08T08:30:45+00:00","dateModified":"2021-02-08T08:36:48+00:00","description":"Conoce, en este post, los beneficios de aplicar el podcast como parte de la estrategia de comunicaci\u00f3n en una Administraci\u00f3n P\u00fablica.","breadcrumb":{"@id":"https:\/\/pedroirustamendieta.com\/es\/podcast-estrategia-comunicacion-marketing-administraciones-publicas\/#breadcrumb"},"inLanguage":"es","potentialAction":[{"@type":"ReadAction","target":["https:\/\/pedroirustamendieta.com\/es\/podcast-estrategia-comunicacion-marketing-administraciones-publicas\/"]}]},{"@type":"ImageObject","inLanguage":"es","@id":"https:\/\/pedroirustamendieta.com\/es\/podcast-estrategia-comunicacion-marketing-administraciones-publicas\/#primaryimage","url":"https:\/\/pedroirustamendieta.com\/wp-content\/uploads\/2021\/02\/Podcasting-en-administraciones-pu\u0301blicas.jpg","contentUrl":"https:\/\/pedroirustamendieta.com\/wp-content\/uploads\/2021\/02\/Podcasting-en-administraciones-pu\u0301blicas.jpg","width":1920,"height":1080,"caption":"Podcast-como-estrategia-de-comunicaci\u00f3n-en-administraciones-p\u00fablicas"},{"@type":"BreadcrumbList","@id":"https:\/\/pedroirustamendieta.com\/es\/podcast-estrategia-comunicacion-marketing-administraciones-publicas\/#breadcrumb","itemListElement":[{"@type":"ListItem","position":1,"name":"Portada","item":"https:\/\/pedroirustamendieta.com\/es\/"},{"@type":"ListItem","position":2,"name":"El Podcast como parte de la estrategia de comunicaci\u00f3n y marketing en las administraciones p\u00fablicas"}]},{"@type":"WebSite","@id":"https:\/\/pedroirustamendieta.com\/es\/#website","url":"https:\/\/pedroirustamendieta.com\/es\/","name":"Pedro Irusta Mendieta: Comunicaci\u00f3n y Transparencia en las administraciones p\u00fablicas","description":"Blog de Comunicaci\u00f3n y administraciones p\u00fablicas","publisher":{"@id":"https:\/\/pedroirustamendieta.com\/es\/#\/schema\/person\/b5123b985a77b0db9e354a1134eb3087"},"potentialAction":[{"@type":"SearchAction","target":{"@type":"EntryPoint","urlTemplate":"https:\/\/pedroirustamendieta.com\/es\/?s={search_term_string}"},"query-input":{"@type":"PropertyValueSpecification","valueRequired":true,"valueName":"search_term_string"}}],"inLanguage":"es"},{"@type":["Person","Organization"],"@id":"https:\/\/pedroirustamendieta.com\/es\/#\/schema\/person\/b5123b985a77b0db9e354a1134eb3087","name":"Pedro Irusta Mendieta","image":{"@type":"ImageObject","inLanguage":"es","@id":"https:\/\/pedroirustamendieta.com\/wp-content\/uploads\/2019\/02\/pedro-irusta-mendieta.png","url":"https:\/\/pedroirustamendieta.com\/wp-content\/uploads\/2019\/02\/pedro-irusta-mendieta.png","contentUrl":"https:\/\/pedroirustamendieta.com\/wp-content\/uploads\/2019\/02\/pedro-irusta-mendieta.png","width":375,"height":53,"caption":"Pedro Irusta Mendieta"},"logo":{"@id":"https:\/\/pedroirustamendieta.com\/wp-content\/uploads\/2019\/02\/pedro-irusta-mendieta.png"},"description":"Periodista y funcionario local, especializado en comunicaci\u00f3n institucional.","sameAs":["https:\/\/pedroirustamendieta.com\/","https:\/\/www.instagram.com\/pedroirustamendieta","https:\/\/x.com\/Pedro__Irusta"]},{"@type":"Person","@id":"https:\/\/pedroirustamendieta.com\/es\/#\/schema\/person\/08b81a48a63a486d747190272cb1cc29","name":"Ana In\u00e9s Rodr\u00edguez Giles","image":{"@type":"ImageObject","inLanguage":"es","@id":"https:\/\/secure.gravatar.com\/avatar\/2e125726c38bcc5e465dc9f4f6a8b82be000359f76d30f624e5c0a99c4c686c8?s=96&d=mm&r=g","url":"https:\/\/secure.gravatar.com\/avatar\/2e125726c38bcc5e465dc9f4f6a8b82be000359f76d30f624e5c0a99c4c686c8?s=96&d=mm&r=g","contentUrl":"https:\/\/secure.gravatar.com\/avatar\/2e125726c38bcc5e465dc9f4f6a8b82be000359f76d30f624e5c0a99c4c686c8?s=96&d=mm&r=g","caption":"Ana In\u00e9s Rodr\u00edguez Giles"},"description":"Emprendedora digital y manager de contenidos en Podcast y Radio (Directorio de podcasts en espa\u00f1ol).","sameAs":["https:\/\/www.facebook.com\/buscadordepodcasts"]}]}},"_links":{"self":[{"href":"https:\/\/pedroirustamendieta.com\/es\/wp-json\/wp\/v2\/posts\/1906","targetHints":{"allow":["GET"]}}],"collection":[{"href":"https:\/\/pedroirustamendieta.com\/es\/wp-json\/wp\/v2\/posts"}],"about":[{"href":"https:\/\/pedroirustamendieta.com\/es\/wp-json\/wp\/v2\/types\/post"}],"author":[{"embeddable":true,"href":"https:\/\/pedroirustamendieta.com\/es\/wp-json\/wp\/v2\/users\/3"}],"replies":[{"embeddable":true,"href":"https:\/\/pedroirustamendieta.com\/es\/wp-json\/wp\/v2\/comments?post=1906"}],"version-history":[{"count":18,"href":"https:\/\/pedroirustamendieta.com\/es\/wp-json\/wp\/v2\/posts\/1906\/revisions"}],"predecessor-version":[{"id":1949,"href":"https:\/\/pedroirustamendieta.com\/es\/wp-json\/wp\/v2\/posts\/1906\/revisions\/1949"}],"wp:featuredmedia":[{"embeddable":true,"href":"https:\/\/pedroirustamendieta.com\/es\/wp-json\/wp\/v2\/media\/1910"}],"wp:attachment":[{"href":"https:\/\/pedroirustamendieta.com\/es\/wp-json\/wp\/v2\/media?parent=1906"}],"wp:term":[{"taxonomy":"category","embeddable":true,"href":"https:\/\/pedroirustamendieta.com\/es\/wp-json\/wp\/v2\/categories?post=1906"},{"taxonomy":"post_tag","embeddable":true,"href":"https:\/\/pedroirustamendieta.com\/es\/wp-json\/wp\/v2\/tags?post=1906"},{"taxonomy":"series","embeddable":true,"href":"https:\/\/pedroirustamendieta.com\/es\/wp-json\/wp\/v2\/series?post=1906"}],"curies":[{"name":"wp","href":"https:\/\/api.w.org\/{rel}","templated":true}]}}