{"id":1540,"date":"2020-05-07T09:01:39","date_gmt":"2020-05-07T08:01:39","guid":{"rendered":"https:\/\/pedroirustamendieta.com\/?p=1540"},"modified":"2020-05-09T13:47:48","modified_gmt":"2020-05-09T12:47:48","slug":"congreso-marketing-digital-online-dsm20-administracion-publica","status":"publish","type":"post","link":"https:\/\/pedroirustamendieta.com\/es\/congreso-marketing-digital-online-dsm20-administracion-publica\/","title":{"rendered":"Congreso de Marketing Digital Online #DSM20: 5 razones para no perd\u00e9rtelo, si trabajas en una administraci\u00f3n p\u00fablica"},"content":{"rendered":"<div class='yzp-views yzp-style2 yzp-level-2 '><span class='yzp-icon yzp-icon-level-2'  title='841'><\/span><span class=\"yzp-icon-view\" title=\"841\">841<\/span><span class=\"yzp-icon-text\" title=\"841\">views<\/span><\/div>\n\n<div class=\"kk-star-ratings kksr-auto kksr-align-left kksr-valign-top\"\n    data-payload='{&quot;align&quot;:&quot;left&quot;,&quot;id&quot;:&quot;1540&quot;,&quot;slug&quot;:&quot;default&quot;,&quot;valign&quot;:&quot;top&quot;,&quot;ignore&quot;:&quot;&quot;,&quot;reference&quot;:&quot;auto&quot;,&quot;class&quot;:&quot;&quot;,&quot;count&quot;:&quot;0&quot;,&quot;legendonly&quot;:&quot;&quot;,&quot;readonly&quot;:&quot;&quot;,&quot;score&quot;:&quot;0&quot;,&quot;starsonly&quot;:&quot;&quot;,&quot;best&quot;:&quot;5&quot;,&quot;gap&quot;:&quot;5&quot;,&quot;greet&quot;:&quot;Rate this post&quot;,&quot;legend&quot;:&quot;0\\\/5 - (0 votos)&quot;,&quot;size&quot;:&quot;24&quot;,&quot;title&quot;:&quot;Congreso de Marketing Digital Online #DSM20: 5 razones para no perd\u00e9rtelo, si trabajas en una administraci\u00f3n p\u00fablica&quot;,&quot;width&quot;:&quot;0&quot;,&quot;_legend&quot;:&quot;{score}\\\/{best} - ({count} {votes})&quot;,&quot;font_factor&quot;:&quot;1.25&quot;}'>\n            \n<div class=\"kksr-stars\">\n    \n<div class=\"kksr-stars-inactive\">\n            <div class=\"kksr-star\" data-star=\"1\" style=\"padding-right: 5px\">\n            \n\n<div class=\"kksr-icon\" style=\"width: 24px; height: 24px;\"><\/div>\n        <\/div>\n            <div class=\"kksr-star\" data-star=\"2\" style=\"padding-right: 5px\">\n            \n\n<div class=\"kksr-icon\" style=\"width: 24px; height: 24px;\"><\/div>\n        <\/div>\n            <div class=\"kksr-star\" data-star=\"3\" style=\"padding-right: 5px\">\n            \n\n<div class=\"kksr-icon\" style=\"width: 24px; height: 24px;\"><\/div>\n        <\/div>\n            <div class=\"kksr-star\" data-star=\"4\" style=\"padding-right: 5px\">\n            \n\n<div class=\"kksr-icon\" style=\"width: 24px; height: 24px;\"><\/div>\n        <\/div>\n            <div class=\"kksr-star\" data-star=\"5\" style=\"padding-right: 5px\">\n            \n\n<div class=\"kksr-icon\" style=\"width: 24px; height: 24px;\"><\/div>\n        <\/div>\n    <\/div>\n    \n<div class=\"kksr-stars-active\" style=\"width: 0px;\">\n            <div class=\"kksr-star\" style=\"padding-right: 5px\">\n            \n\n<div class=\"kksr-icon\" style=\"width: 24px; height: 24px;\"><\/div>\n        <\/div>\n            <div class=\"kksr-star\" style=\"padding-right: 5px\">\n            \n\n<div class=\"kksr-icon\" style=\"width: 24px; height: 24px;\"><\/div>\n        <\/div>\n            <div class=\"kksr-star\" style=\"padding-right: 5px\">\n            \n\n<div class=\"kksr-icon\" style=\"width: 24px; height: 24px;\"><\/div>\n        <\/div>\n            <div class=\"kksr-star\" style=\"padding-right: 5px\">\n            \n\n<div class=\"kksr-icon\" style=\"width: 24px; height: 24px;\"><\/div>\n        <\/div>\n            <div class=\"kksr-star\" style=\"padding-right: 5px\">\n            \n\n<div class=\"kksr-icon\" style=\"width: 24px; height: 24px;\"><\/div>\n        <\/div>\n    <\/div>\n<\/div>\n                \n\n<div class=\"kksr-legend\" style=\"font-size: 19.2px;\">\n            <span class=\"kksr-muted\">Rate this post<\/span>\n    <\/div>\n    <\/div>\n<p>El <strong>Marketing Digital<\/strong> forma parte del d\u00eda a d\u00eda de muchos\/as profesionales que se dedican a crear o potenciar su marca, empresa o negocio.<\/p>\n<p>Estar al tanto de las \u00faltimas tendencias en el sector se ha vuelto imprescindible para luchar en un entorno cada vez m\u00e1s competitivo.<\/p>\n<p>Crear comunidad, fidelizar y conseguir nuevos clientes o aumentar la facturaci\u00f3n de sus negocios, entre otros muchos factores, es el fin con el que trabajan, adem\u00e1s de tratar de destacar y diferenciarse de la competencia.<\/p>\n<p>Pero, <strong>\u00bfqu\u00e9 es lo que ocurre en el caso de las administraciones p\u00fablicas?<\/strong> \u00bfAplican estrategias de marketing digital en sus organizaciones? \u00bfSon conocedoras de las grandes ventajas que supondr\u00eda elaborar un plan que ayude a mejorar su imagen de marca?<\/p>\n<p>Claro est\u00e1 que el objetivo para el que trabajan no es el mismo que el de una empresa o marca determinada, cuyo fin primordial es el econ\u00f3mico. En el caso de las administraciones p\u00fablicas, la finalidad debe ser otra: ofrecer un servicio p\u00fablico de calidad y orientado a la ciudadan\u00eda, puesto que es su principal raz\u00f3n de ser.<\/p>\n<p>Lo que s\u00ed est\u00e1 claro, es que si tanto gestionas tu empresa o marca personal como si trabajas en alg\u00fan departamento de comunicaci\u00f3n y\/o marketing de una instituci\u00f3n p\u00fablica, deber\u00edas estar al tanto de todo lo que acontece en el sector del marketing digital.<\/p>\n<p>Sobre todo, en los tiempos que corren, y en los que cada vez es m\u00e1s necesaria la <strong>transformaci\u00f3n digital de ayuntamientos, diputaciones o gobiernos auton\u00f3micos<\/strong>.<\/p>\n<hr \/>\n<p><strong>Tambi\u00e9n te puede interesar:<\/strong><\/p>\n<p><a href=\"https:\/\/pedroirustamendieta.com\/es\/blogs-de-comunicacion-marketing-y-transparencia-en-la-administracion-publica\/\">60 Blogs de Comunicaci\u00f3n, Marketing y Transparencia recomendados en la Administraci\u00f3n P\u00fablica [2020]<\/a><\/p>\n<p><a href=\"https:\/\/pedroirustamendieta.com\/es\/redes-sociales-en-administraciones-publicas\/\">Redes Sociales en las administraciones p\u00fablicas: qu\u00e9 son y c\u00f3mo utilizarlas [+ Gu\u00edas de Estilo recomendadas e Infograf\u00eda]<\/a><\/p>\n<hr \/>\n<div id=\"ez-toc-container\" class=\"ez-toc-v2_0_82_2 counter-hierarchy ez-toc-counter ez-toc-white ez-toc-container-direction\">\n<p class=\"ez-toc-title\" style=\"cursor:inherit\">Tabla de contenidos<\/p>\n<label for=\"ez-toc-cssicon-toggle-item-69f1ebe1d322b\" class=\"ez-toc-cssicon-toggle-label\"><span class=\"\"><span class=\"eztoc-hide\" style=\"display:none;\">Toggle<\/span><span class=\"ez-toc-icon-toggle-span\"><svg style=\"fill: #999;color:#999\" xmlns=\"http:\/\/www.w3.org\/2000\/svg\" class=\"list-377408\" width=\"20px\" height=\"20px\" viewBox=\"0 0 24 24\" fill=\"none\"><path d=\"M6 6H4v2h2V6zm14 0H8v2h12V6zM4 11h2v2H4v-2zm16 0H8v2h12v-2zM4 16h2v2H4v-2zm16 0H8v2h12v-2z\" fill=\"currentColor\"><\/path><\/svg><svg style=\"fill: #999;color:#999\" class=\"arrow-unsorted-368013\" xmlns=\"http:\/\/www.w3.org\/2000\/svg\" width=\"10px\" height=\"10px\" viewBox=\"0 0 24 24\" version=\"1.2\" baseProfile=\"tiny\"><path d=\"M18.2 9.3l-6.2-6.3-6.2 6.3c-.2.2-.3.4-.3.7s.1.5.3.7c.2.2.4.3.7.3h11c.3 0 .5-.1.7-.3.2-.2.3-.5.3-.7s-.1-.5-.3-.7zM5.8 14.7l6.2 6.3 6.2-6.3c.2-.2.3-.5.3-.7s-.1-.5-.3-.7c-.2-.2-.4-.3-.7-.3h-11c-.3 0-.5.1-.7.3-.2.2-.3.5-.3.7s.1.5.3.7z\"\/><\/svg><\/span><\/span><\/label><input type=\"checkbox\"  id=\"ez-toc-cssicon-toggle-item-69f1ebe1d322b\"  aria-label=\"Alternar\" \/><nav><ul class='ez-toc-list ez-toc-list-level-1 ' ><li class='ez-toc-page-1 ez-toc-heading-level-2'><a class=\"ez-toc-link ez-toc-heading-1\" href=\"https:\/\/pedroirustamendieta.com\/es\/congreso-marketing-digital-online-dsm20-administracion-publica\/#DSM20_Congreso_Online_de_Marketing_Digital_y_Social_Media_por_antonomasia\" >#DSM20, Congreso Online de Marketing Digital y Social Media por antonomasia<\/a><\/li><li class='ez-toc-page-1 ez-toc-heading-level-2'><a class=\"ez-toc-link ez-toc-heading-2\" href=\"https:\/\/pedroirustamendieta.com\/es\/congreso-marketing-digital-online-dsm20-administracion-publica\/#5_razones_para_seguir_el_DSM20_si_trabajas_en_una_administracion_publica\" >5 razones para seguir el #DSM20 si trabajas en una administraci\u00f3n p\u00fablica<\/a><ul class='ez-toc-list-level-3' ><li class='ez-toc-heading-level-3'><a class=\"ez-toc-link ez-toc-heading-3\" href=\"https:\/\/pedroirustamendieta.com\/es\/congreso-marketing-digital-online-dsm20-administracion-publica\/#1_Aprenderas_sobre_Marketing_Digital_y_podras_aplicarlo_en_tu_organizacion_desde_cero\" >#1. Aprender\u00e1s sobre Marketing Digital y podr\u00e1s aplicarlo en tu organizaci\u00f3n, desde cero<\/a><\/li><li class='ez-toc-page-1 ez-toc-heading-level-3'><a class=\"ez-toc-link ez-toc-heading-4\" href=\"https:\/\/pedroirustamendieta.com\/es\/congreso-marketing-digital-online-dsm20-administracion-publica\/#2_Estaras_al_tanto_de_las_ultimas_novedades_y_tendencias_en_el_sector\" >#2. Estar\u00e1s al tanto de las \u00faltimas novedades y tendencias en el sector<\/a><\/li><li class='ez-toc-page-1 ez-toc-heading-level-3'><a class=\"ez-toc-link ez-toc-heading-5\" href=\"https:\/\/pedroirustamendieta.com\/es\/congreso-marketing-digital-online-dsm20-administracion-publica\/#3_Disfrutaras_de_losas_mejores_expertosas_en_la_materia_y_conoceras_a_nuevas_promesas\" >#3. Disfrutar\u00e1s de los\/as mejores expertos\/as en la materia y conocer\u00e1s a nuevas promesas\u00a0<\/a><\/li><li class='ez-toc-page-1 ez-toc-heading-level-3'><a class=\"ez-toc-link ez-toc-heading-6\" href=\"https:\/\/pedroirustamendieta.com\/es\/congreso-marketing-digital-online-dsm20-administracion-publica\/#4_Te_servira_para_tratar_de_comunicar_mejor_y_llegar_mas_rapido_a_tu_audiencia_la_ciudadania\" >#4. Te servir\u00e1 para tratar de comunicar mejor y llegar m\u00e1s r\u00e1pido a tu audiencia, la ciudadan\u00eda<\/a><\/li><li class='ez-toc-page-1 ez-toc-heading-level-3'><a class=\"ez-toc-link ez-toc-heading-7\" href=\"https:\/\/pedroirustamendieta.com\/es\/congreso-marketing-digital-online-dsm20-administracion-publica\/#5_En_definitiva_lograras_mejorar_tu_imagen_de_marca_y_posicionarte_como_una_administracion_mas_moderna\" >#5. En definitiva, lograr\u00e1s mejorar tu imagen de marca y posicionarte como una administraci\u00f3n m\u00e1s moderna<\/a><\/li><\/ul><\/li><li class='ez-toc-page-1 ez-toc-heading-level-2'><a class=\"ez-toc-link ez-toc-heading-8\" href=\"https:\/\/pedroirustamendieta.com\/es\/congreso-marketing-digital-online-dsm20-administracion-publica\/#Programa_del_DSM20\" >Programa del #DSM20<\/a><ul class='ez-toc-list-level-3' ><li class='ez-toc-heading-level-3'><a class=\"ez-toc-link ez-toc-heading-9\" href=\"https:\/\/pedroirustamendieta.com\/es\/congreso-marketing-digital-online-dsm20-administracion-publica\/#27_de_mayo_13_00-21_00_horas\" >27 de mayo (13:00-21:00 horas)<\/a><\/li><li class='ez-toc-page-1 ez-toc-heading-level-3'><a class=\"ez-toc-link ez-toc-heading-10\" href=\"https:\/\/pedroirustamendieta.com\/es\/congreso-marketing-digital-online-dsm20-administracion-publica\/#28_de_mayo_13_00-21_00_horas\" >28 de mayo (13:00-21:00 horas)<\/a><\/li><\/ul><\/li><li class='ez-toc-page-1 ez-toc-heading-level-2'><a class=\"ez-toc-link ez-toc-heading-11\" href=\"https:\/\/pedroirustamendieta.com\/es\/congreso-marketing-digital-online-dsm20-administracion-publica\/#Conclusion\" >Conclusi\u00f3n<\/a><\/li><\/ul><\/nav><\/div>\n<h2><span class=\"ez-toc-section\" id=\"DSM20_Congreso_Online_de_Marketing_Digital_y_Social_Media_por_antonomasia\"><\/span><strong><a href=\"https:\/\/pedroirustamendieta.com\/wp-content\/uploads\/2020\/05\/interface.png\"><img decoding=\"async\" class=\"alignleft wp-image-1605\" src=\"https:\/\/pedroirustamendieta.com\/wp-content\/uploads\/2020\/05\/interface.png\" alt=\"\" width=\"100\" height=\"100\" srcset=\"https:\/\/pedroirustamendieta.com\/wp-content\/uploads\/2020\/05\/interface.png 512w, https:\/\/pedroirustamendieta.com\/wp-content\/uploads\/2020\/05\/interface-300x300.png 300w, https:\/\/pedroirustamendieta.com\/wp-content\/uploads\/2020\/05\/interface-150x150.png 150w\" sizes=\"(max-width: 100px) 100vw, 100px\" \/><\/a>#DSM20, Congreso Online de Marketing Digital y Social Media por antonomasia<\/strong><span class=\"ez-toc-section-end\"><\/span><\/h2>\n<p>En la actualidad, existen numerosos manuales, cursos o m\u00e1steres que te pueden ayudar a mejorar en la materia. Pero si hay algo que te puede aportar gran valor es presenciar <strong>uno de los mejores congresos online<\/strong> que existen <strong>sobre marketing digital<\/strong> a nivel mundial: <a href=\"https:\/\/www.marketingandweb.es\/congreso-marketing-digital\/\"><strong>#DSM<\/strong><\/a>.<\/p>\n<p>La primera vez que me inscrib\u00ed a este evento fue en 2018. Aquella decisi\u00f3n marc\u00f3 un antes y un despu\u00e9s en mi trayectoria profesional, pero, sobre todo, en la acad\u00e9mica.<\/p>\n<p>Y me refiero a la acad\u00e9mica, porque, tras escuchar a los\/as grandes ponentes que conforman el DSM y mi inter\u00e9s por seguir form\u00e1ndome en cuestiones sobre social media, marca personal o estrategia digital, decid\u00ed matricularme en la 2\u00ba promoci\u00f3n del <a href=\"https:\/\/escuela.marketingandweb.es\/master-marketing-digital-valencia\/\">M\u00e1ster en Marketing Digital y Community Management de la Escuela de Marketing and Web<\/a>, presidida por Miguel Florido.<\/p>\n<p>Una decisi\u00f3n de la que, a d\u00eda de hoy, no me arrepiento, puesto que me ha permitido poner en marcha mi proyecto de marca personal, y me anima a seguir form\u00e1ndome en la materia.<\/p>\n<p>Por esa misma raz\u00f3n, si tu objetivo es despejar dudas, obtener una visi\u00f3n m\u00e1s amplia sobre las diversas tem\u00e1ticas que aborda el marketing digital para despu\u00e9s aplicarlo en tu organizaci\u00f3n, as\u00ed como conocer las \u00faltimas tendencias, no te puedes perder la <a href=\"https:\/\/www.marketingandweb.es\/congreso-marketing-digital\/\"><strong>nueva edici\u00f3n del #DSM20<\/strong><\/a>.<\/p>\n<p><strong>En 2019<\/strong>, <strong>el Congreso super\u00f3 las 30.000 inscripciones<\/strong> y tuvo m\u00e1s de 2.900 personas conectadas a la vez. Fue Trending Topic en pa\u00edses como Espa\u00f1a, Colombia y Venezuela.<\/p>\n<p>Se ha consolidado como <strong>uno de los mejores eventos sobre marketing digital en el mundo<\/strong>; se imparte en lengua hispana, y <strong>este a\u00f1o celebra su 4\u00ba edici\u00f3n<\/strong>.<\/p>\n<p>Es un <strong>evento online<\/strong> completamente gratuito que, este a\u00f1o, <strong>tendr\u00e1 lugar los d\u00edas 27 y 28 de mayo.<\/strong><\/p>\n<p>En el mismo, tomar\u00e1n parte algunos\/as de los\/as mejores profesionales en el sector, y nos deleitar\u00e1n con unas ponencias amenas, did\u00e1cticas y totalmente pr\u00e1cticas.<\/p>\n<p>Durante dos d\u00edas seguidos, tendr\u00e1s la oportunidad de ver <strong>32 charlas de 30 minutos de duraci\u00f3n cada una de ellas.<\/strong> Un total de <strong>16 horas de formaci\u00f3n<\/strong> que no te dejar\u00e1n indiferente.<\/p>\n<h2><span class=\"ez-toc-section\" id=\"5_razones_para_seguir_el_DSM20_si_trabajas_en_una_administracion_publica\"><\/span><strong><a href=\"https:\/\/pedroirustamendieta.com\/wp-content\/uploads\/2020\/05\/hand.png\"><img decoding=\"async\" class=\"alignleft wp-image-1607\" src=\"https:\/\/pedroirustamendieta.com\/wp-content\/uploads\/2020\/05\/hand.png\" alt=\"\" width=\"100\" height=\"100\" srcset=\"https:\/\/pedroirustamendieta.com\/wp-content\/uploads\/2020\/05\/hand.png 512w, https:\/\/pedroirustamendieta.com\/wp-content\/uploads\/2020\/05\/hand-300x300.png 300w, https:\/\/pedroirustamendieta.com\/wp-content\/uploads\/2020\/05\/hand-150x150.png 150w\" sizes=\"(max-width: 100px) 100vw, 100px\" \/><\/a>5 razones para seguir el #DSM20 si trabajas en una administraci\u00f3n p\u00fablica<\/strong><span class=\"ez-toc-section-end\"><\/span><\/h2>\n<p>Si trabajas en una administraci\u00f3n p\u00fablica, y gestionas la comunicaci\u00f3n o el marketing de tu organizaci\u00f3n, esta es una oportunidad de oro para adquirir conocimientos y ponerlos en pr\u00e1ctica.<\/p>\n<p>Y si a\u00fan te quedan dudas de inscribirte o no al evento, existen <strong>cinco razones fundamentales<\/strong> para que no te lo pienses ni un segundo m\u00e1s y te lances sin miedo.<\/p>\n<h3><span class=\"ez-toc-section\" id=\"1_Aprenderas_sobre_Marketing_Digital_y_podras_aplicarlo_en_tu_organizacion_desde_cero\"><\/span><strong>#1. Aprender\u00e1s sobre Marketing Digital y podr\u00e1s aplicarlo en tu organizaci\u00f3n, desde cero<\/strong><span class=\"ez-toc-section-end\"><\/span><\/h3>\n<p>En este congreso online aprender\u00e1s sobre cuestiones tan variadas como el <strong>SEO, social media, marca personal, marketing emocional, anal\u00edtica web, copywriting, WordPress, y un largo etc\u00e9tera<\/strong>.<\/p>\n<p>Al margen de los conocimientos con los que partas en la materia, este puede ser <strong>un buen punto de inicio<\/strong> para adentrarte a\u00fan m\u00e1s en el apasionante mundo del Marketing Digital.<\/p>\n<p>Adem\u00e1s, teniendo en cuenta que se tratan de ponencias eminentemente pr\u00e1cticas, estoy seguro de que podr\u00e1s aplicar en tu organizaci\u00f3n numerosas estrategias que nos ense\u00f1ar\u00e1n los\/as ponentes que tomar\u00e1n parte en el evento.<\/p>\n<h3><span class=\"ez-toc-section\" id=\"2_Estaras_al_tanto_de_las_ultimas_novedades_y_tendencias_en_el_sector\"><\/span><strong>#2. Estar\u00e1s al tanto de las \u00faltimas novedades y tendencias en el sector<\/strong><span class=\"ez-toc-section-end\"><\/span><\/h3>\n<p>Si cuentas ya con una buena base, y lo que deseas es profundizar en las diferentes modalidades que nos ofrece el marketing digital, este es <strong>el evento de referencia<\/strong>.<\/p>\n<p>Recuerda, una vez m\u00e1s, que se tratan de ponencias gratuitas, las cuales te servir\u00e1n para seguir con detalle las <strong>\u00faltimas novedades y conocer de cerca las \u00faltimas tendencias, t\u00e9cnicas y estrategias de marketing digital<\/strong>.<\/p>\n<p>Adem\u00e1s, podr\u00e1s conocer con precisi\u00f3n las numerosas herramientas que existen en el mercado para manejar la p\u00e1gina web de tu organizaci\u00f3n o las redes sociales en las que ten\u00e9is presencia, y no quedaros atr\u00e1s.<\/p>\n<h3><span class=\"ez-toc-section\" id=\"3_Disfrutaras_de_losas_mejores_expertosas_en_la_materia_y_conoceras_a_nuevas_promesas\"><\/span><strong>#3. Disfrutar\u00e1s de los\/as mejores expertos\/as en la materia y conocer\u00e1s a nuevas promesas<\/strong><strong>\u00a0<\/strong><span class=\"ez-toc-section-end\"><\/span><\/h3>\n<p>La <strong>calidad de las ponencias y de quienes las ofrecen est\u00e1 garantizada<\/strong>, a\u00f1o tras a\u00f1o en el #DSM.<\/p>\n<p>El buen ojo de la Escuela de Marketing and Web, dirigida por Miguel Florido, en la selecci\u00f3n de los\/as protagonistas que nos deleitan anualmente con sus amplios conocimientos y consejos ha quedado patente en las ediciones anteriores.<\/p>\n<p>Y esperemos que, en esta ocasi\u00f3n, no sea para menos.<\/p>\n<p>Desde distintos rincones del mundo, y frente a una pantalla, \u201cdesfilar\u00e1n\u201d, en el mejor sentido de la palabra, profesionales de la talla de <strong>\u00c9lia Guardiola, Miguel \u00c1ngel Trabado, Inge S\u00e1ez, MJ Cach\u00f3n, Alfonso Alc\u00e1ntara, \u00c1lex L\u00f3pez, Rafa Sospedra, Eva Collado, Fernando Cebolla o el propio Miguel Florido, entre otros\/as muchos\/as<\/strong>.<\/p>\n<p>Tambi\u00e9n habr\u00e1 cabida para j\u00f3venes promesas que aportar\u00e1n su toque m\u00e1s particular, de una manera muy cercana y comprensible: <strong>\u00d3scar Aguilera, J\u00e9ssica Quero o Jonathan V\u00e9lez, por citar algunos\/as<\/strong>.<\/p>\n<p>Pero si hay alguien que te podr\u00e1 aportar especial valor si trabajas en una administraci\u00f3n p\u00fablica, esa es <strong>Amalia L\u00f3pez Acera<\/strong>, <strong>periodista y funcionaria en una entidad local<\/strong>.<\/p>\n<p>En su d\u00eda a d\u00eda, gestiona la comunicaci\u00f3n en la administraci\u00f3n para la que trabaja, y es una gran experta en marca personal y redes sociales.<\/p>\n<p>El a\u00f1o pasado nos sorprendi\u00f3 con una ponencia sobre c\u00f3mo ofrecer los servicios de marketing digital a una administraci\u00f3n p\u00fablica.<\/p>\n<p>Y aunque estuvo m\u00e1s dirigida a emprendedores\/as y peque\u00f1os negocios, desvel\u00f3 muchos detalles que no pasaron por alto para quienes trabajamos en una administraci\u00f3n p\u00fablica, y a otros\/as tantos\/as que lo hacen en distintas agencias o empresas p\u00fablicas.<\/p>\n<p>Por ello, te recomiendo que sigas con especial atenci\u00f3n su ponencia, <strong>el pr\u00f3ximo 28 de mayo, a las 14:30 horas<\/strong>.<\/p>\n<h3><span class=\"ez-toc-section\" id=\"4_Te_servira_para_tratar_de_comunicar_mejor_y_llegar_mas_rapido_a_tu_audiencia_la_ciudadania\"><\/span><strong>#4. Te servir\u00e1 para tratar de comunicar mejor y llegar m\u00e1s r\u00e1pido a tu audiencia, la ciudadan\u00eda<\/strong><span class=\"ez-toc-section-end\"><\/span><\/h3>\n<p>Los objetivos que se marca una administraci\u00f3n p\u00fablica poco o nada tienen que ver con lo que persigue cualquier marca o empresa.<\/p>\n<p>Tal y como dec\u00eda en l\u00edneas anteriores, mientras que un negocio o marca persigue un fin econ\u00f3mico, la prioridad de cualquier instituci\u00f3n es ofrecer un buen servicio a la ciudadan\u00eda e informar sobre la actividad que ejerce con total transparencia.<\/p>\n<p>Y para ello, es fundamental utilizar las herramientas y canales necesarios, con el fin de <strong>comunicar de manera efectiva y llegar a los distintos p\u00fablicos o target de mejor forma<\/strong>.<\/p>\n<p>Este Congreso te ayudar\u00e1, sin duda, a cumplir esos objetivos y a darte cuenta de la multitud de herramientas que existen hoy en d\u00eda para poder implantarlas en tu plan de trabajo.<\/p>\n<h3><span class=\"ez-toc-section\" id=\"5_En_definitiva_lograras_mejorar_tu_imagen_de_marca_y_posicionarte_como_una_administracion_mas_moderna\"><\/span><strong>#5. En definitiva, lograr\u00e1s mejorar tu imagen de marca y posicionarte como una administraci\u00f3n m\u00e1s moderna<\/strong><span class=\"ez-toc-section-end\"><\/span><\/h3>\n<p>Mejorar la comunicaci\u00f3n que ejerces con tus p\u00fablicos, utilizando los canales adecuados e implantando las herramientas necesarias se traducir\u00e1, sin duda, en una <strong>mejor imagen de marca<\/strong>.<\/p>\n<p>Adem\u00e1s, conseguir\u00e1s posicionarte como una <strong>administraci\u00f3n m\u00e1s cercana y moderna<\/strong>, adecu\u00e1ndote a los nuevos tiempos y necesidades.<\/p>\n<p>Gracias a este Congreso podr\u00e1s conocer las \u00faltimas tendencias en marketing digital y social media, y podr\u00e1s aplicar aquellas estrategias que tu organizaci\u00f3n considere necesarias.<\/p>\n<h2><span class=\"ez-toc-section\" id=\"Programa_del_DSM20\"><\/span><strong><a href=\"https:\/\/pedroirustamendieta.com\/wp-content\/uploads\/2020\/05\/show.png\"><img decoding=\"async\" class=\"alignleft wp-image-1609\" src=\"https:\/\/pedroirustamendieta.com\/wp-content\/uploads\/2020\/05\/show.png\" alt=\"\" width=\"100\" height=\"100\" srcset=\"https:\/\/pedroirustamendieta.com\/wp-content\/uploads\/2020\/05\/show.png 512w, https:\/\/pedroirustamendieta.com\/wp-content\/uploads\/2020\/05\/show-300x300.png 300w, https:\/\/pedroirustamendieta.com\/wp-content\/uploads\/2020\/05\/show-150x150.png 150w\" sizes=\"(max-width: 100px) 100vw, 100px\" \/><\/a>Programa del #DSM20<\/strong><span class=\"ez-toc-section-end\"><\/span><\/h2>\n<p>Como he se\u00f1alado anteriormente, el Congreso se celebrar\u00e1 durante dos d\u00edas seguidos, en concreto, los d\u00edas 27 y 28 de mayo de este 2020.<\/p>\n<p>Al margen de la gran labor realizada, un a\u00f1o m\u00e1s, por la Escuela de Marketing and Web de Miguel Florido para organizar este Congreso, tambi\u00e9n jugar\u00e1n un papel fundamental en su difusi\u00f3n los miembros del <strong>Equipo de comunicaci\u00f3n<\/strong>.<\/p>\n<p>Por segundo a\u00f1o consecutivo, formo parte del citado Equipo, y me hace especial ilusi\u00f3n aportar mi granito de arena en su promoci\u00f3n, junto a grandes compa\u00f1eros\/as y profesionales.<\/p>\n<h3><span class=\"ez-toc-section\" id=\"27_de_mayo_13_00-21_00_horas\"><\/span><strong>27 de mayo (13:00-21:00 horas)<\/strong><span class=\"ez-toc-section-end\"><\/span><\/h3>\n<p><strong>El 27 de mayo, en horario de 13:00 a 21:00, utilizaremos el hashtag #DSM20<\/strong> y tendremos a los\/as siguientes ponentes:<\/p>\n<p><strong><a href=\"https:\/\/pedroirustamendieta.com\/wp-content\/uploads\/2020\/05\/elia-guardiola.jpeg\"><img loading=\"lazy\" decoding=\"async\" class=\"alignleft wp-image-1545\" src=\"https:\/\/pedroirustamendieta.com\/wp-content\/uploads\/2020\/05\/elia-guardiola.jpeg\" alt=\"\" width=\"100\" height=\"100\" srcset=\"https:\/\/pedroirustamendieta.com\/wp-content\/uploads\/2020\/05\/elia-guardiola.jpeg 200w, https:\/\/pedroirustamendieta.com\/wp-content\/uploads\/2020\/05\/elia-guardiola-150x150.jpeg 150w\" sizes=\"(max-width: 100px) 100vw, 100px\" \/><\/a>\u00c8lia Guardiola (13:00-13:30 h.)<\/strong><\/p>\n<p>Especialista en Marketing Emocional, Experiencial y Storytelling. Habla ante muchas personas para emocionarlas y motivarlas.<\/p>\n<p><strong><a href=\"https:\/\/pedroirustamendieta.com\/wp-content\/uploads\/2020\/05\/MA-trabado.jpg\"><img loading=\"lazy\" decoding=\"async\" class=\"alignleft wp-image-1547\" src=\"https:\/\/pedroirustamendieta.com\/wp-content\/uploads\/2020\/05\/MA-trabado.jpg\" alt=\"\" width=\"100\" height=\"100\" srcset=\"https:\/\/pedroirustamendieta.com\/wp-content\/uploads\/2020\/05\/MA-trabado.jpg 200w, https:\/\/pedroirustamendieta.com\/wp-content\/uploads\/2020\/05\/MA-trabado-150x150.jpg 150w\" sizes=\"(max-width: 100px) 100vw, 100px\" \/><\/a>Miguel \u00c1ngel Trabado (13:30-14:00 h.)<\/strong><\/p>\n<p>Consultor de Transformaci\u00f3n Digital. Profesor y &amp; Co-Director del M\u00e1ster de Marketing Digital en ESERP. Speaker en IESE.<\/p>\n<p><strong><a href=\"https:\/\/pedroirustamendieta.com\/wp-content\/uploads\/2020\/05\/ponente-sorpresa-o57sq87egf4ah4lgaay8sii8evbz3hdkw2oo57p2py-1.jpg\"><img loading=\"lazy\" decoding=\"async\" class=\"alignleft wp-image-1549\" src=\"https:\/\/pedroirustamendieta.com\/wp-content\/uploads\/2020\/05\/ponente-sorpresa-o57sq87egf4ah4lgaay8sii8evbz3hdkw2oo57p2py-1.jpg\" alt=\"\" width=\"100\" height=\"100\" \/><\/a>Ponente sorpresa (14:00-14:30 h.)<\/strong><strong>\u00a0<\/strong><\/p>\n<p>&nbsp;<\/p>\n<p>&nbsp;<\/p>\n<p><strong><a href=\"https:\/\/pedroirustamendieta.com\/wp-content\/uploads\/2020\/05\/inge-saez.jpg\"><img loading=\"lazy\" decoding=\"async\" class=\"alignleft wp-image-1551\" src=\"https:\/\/pedroirustamendieta.com\/wp-content\/uploads\/2020\/05\/inge-saez.jpg\" alt=\"\" width=\"100\" height=\"100\" srcset=\"https:\/\/pedroirustamendieta.com\/wp-content\/uploads\/2020\/05\/inge-saez.jpg 200w, https:\/\/pedroirustamendieta.com\/wp-content\/uploads\/2020\/05\/inge-saez-150x150.jpg 150w\" sizes=\"(max-width: 100px) 100vw, 100px\" \/><\/a>Inge S\u00e1ez (14:30-15:00 h.)<\/strong><\/p>\n<p>Especialista en estrategias en LinkedIn para mejorar tu marca personal y profesional y generar negocio y oportunidades.<\/p>\n<p><strong><a href=\"https:\/\/pedroirustamendieta.com\/wp-content\/uploads\/2020\/05\/ponente-sorpresa-o57sq87egf4ah4lgaay8sii8evbz3hdkw2oo57p2py-1.jpg\"><img loading=\"lazy\" decoding=\"async\" class=\"alignleft wp-image-1549\" src=\"https:\/\/pedroirustamendieta.com\/wp-content\/uploads\/2020\/05\/ponente-sorpresa-o57sq87egf4ah4lgaay8sii8evbz3hdkw2oo57p2py-1.jpg\" alt=\"\" width=\"100\" height=\"100\" \/><\/a>Ponente sorpresa (15:00-15:30 h.)<\/strong><\/p>\n<p>&nbsp;<\/p>\n<p>&nbsp;<\/p>\n<p><strong><a href=\"https:\/\/pedroirustamendieta.com\/wp-content\/uploads\/2020\/05\/miguel-florido.jpg\"><img loading=\"lazy\" decoding=\"async\" class=\"alignleft wp-image-1553\" src=\"https:\/\/pedroirustamendieta.com\/wp-content\/uploads\/2020\/05\/miguel-florido.jpg\" alt=\"\" width=\"100\" height=\"100\" srcset=\"https:\/\/pedroirustamendieta.com\/wp-content\/uploads\/2020\/05\/miguel-florido.jpg 200w, https:\/\/pedroirustamendieta.com\/wp-content\/uploads\/2020\/05\/miguel-florido-150x150.jpg 150w\" sizes=\"(max-width: 100px) 100vw, 100px\" \/><\/a>Miguel Florido (15:30-16:00 h.)<\/strong><\/p>\n<p>Consultor de Marketing Digital y Director de la Escuela Marketing and Web. Apasionado del SEO y Blogging. CEO de @marketingandweb y Barbate\u00f1o.<\/p>\n<p><strong><a href=\"https:\/\/pedroirustamendieta.com\/wp-content\/uploads\/2020\/05\/javi-pastor-1.jpg\"><img loading=\"lazy\" decoding=\"async\" class=\"alignleft wp-image-1555\" src=\"https:\/\/pedroirustamendieta.com\/wp-content\/uploads\/2020\/05\/javi-pastor-1.jpg\" alt=\"\" width=\"106\" height=\"100\" \/><\/a>Javi Pastor (16:00-16:30 h.)<\/strong><\/p>\n<p>Creador de la Escuela Adopta un Copywriter y de la Agencia de Lanzamientos Big Bang Conversion.<\/p>\n<p><strong><a href=\"https:\/\/pedroirustamendieta.com\/wp-content\/uploads\/2020\/05\/alvaro-fontela.jpg\"><img loading=\"lazy\" decoding=\"async\" class=\"alignleft wp-image-1557\" src=\"https:\/\/pedroirustamendieta.com\/wp-content\/uploads\/2020\/05\/alvaro-fontela.jpg\" alt=\"\" width=\"100\" height=\"100\" srcset=\"https:\/\/pedroirustamendieta.com\/wp-content\/uploads\/2020\/05\/alvaro-fontela.jpg 200w, https:\/\/pedroirustamendieta.com\/wp-content\/uploads\/2020\/05\/alvaro-fontela-150x150.jpg 150w\" sizes=\"(max-width: 100px) 100vw, 100px\" \/><\/a>\u00c1lvaro Fontela (16:30-17:00 h.)<\/strong><\/p>\n<p>Consultor de WordPress, blogger incondicional y Co-fundador de @RaiolaNetworks. WPO como hobby.<\/p>\n<p><strong><a href=\"https:\/\/pedroirustamendieta.com\/wp-content\/uploads\/2020\/05\/Antonio-cuadrado-1-o57sq87egf4ah4lgaay8sii8evbz3hdkw2oo57p2py.jpg\"><img loading=\"lazy\" decoding=\"async\" class=\"alignleft wp-image-1559\" src=\"https:\/\/pedroirustamendieta.com\/wp-content\/uploads\/2020\/05\/Antonio-cuadrado-1-o57sq87egf4ah4lgaay8sii8evbz3hdkw2oo57p2py.jpg\" alt=\"\" width=\"100\" height=\"100\" \/><\/a>Antonio Ortega (17:00-17:30 h.)<\/strong><\/p>\n<p>Ayuda a crear y optimizar embudos de venta online para mejorar la relaci\u00f3n con clientes y contactos y aumentar las ventas.<\/p>\n<p><strong><a href=\"https:\/\/pedroirustamendieta.com\/wp-content\/uploads\/2020\/05\/mj-cachon-1-ooj5otev6zmd2sslk5yac7tol5cbjvo1vk0kkpcvt2.jpg\"><img loading=\"lazy\" decoding=\"async\" class=\"alignleft wp-image-1561\" src=\"https:\/\/pedroirustamendieta.com\/wp-content\/uploads\/2020\/05\/mj-cachon-1-ooj5otev6zmd2sslk5yac7tol5cbjvo1vk0kkpcvt2.jpg\" alt=\"\" width=\"100\" height=\"100\" \/><\/a>MJ Cach\u00f3n (17:30-18:00 h.)<\/strong><\/p>\n<p>Consultora SEO en MJCachon.<\/p>\n<p>&nbsp;<\/p>\n<p><strong><a href=\"https:\/\/pedroirustamendieta.com\/wp-content\/uploads\/2020\/05\/ponente-sorpresa-o57sq87egf4ah4lgaay8sii8evbz3hdkw2oo57p2py-1.jpg\"><img loading=\"lazy\" decoding=\"async\" class=\"alignleft wp-image-1549\" src=\"https:\/\/pedroirustamendieta.com\/wp-content\/uploads\/2020\/05\/ponente-sorpresa-o57sq87egf4ah4lgaay8sii8evbz3hdkw2oo57p2py-1.jpg\" alt=\"\" width=\"100\" height=\"100\" \/><\/a>Ponente sorpresa (18:00-18:30 h.)<\/strong><\/p>\n<p>&nbsp;<\/p>\n<p>&nbsp;<\/p>\n<p><strong><a href=\"https:\/\/pedroirustamendieta.com\/wp-content\/uploads\/2020\/05\/carlos-pinzon-1.jpg\"><img loading=\"lazy\" decoding=\"async\" class=\"alignleft wp-image-1563\" src=\"https:\/\/pedroirustamendieta.com\/wp-content\/uploads\/2020\/05\/carlos-pinzon-1.jpg\" alt=\"\" width=\"100\" height=\"100\" srcset=\"https:\/\/pedroirustamendieta.com\/wp-content\/uploads\/2020\/05\/carlos-pinzon-1.jpg 200w, https:\/\/pedroirustamendieta.com\/wp-content\/uploads\/2020\/05\/carlos-pinzon-1-150x150.jpg 150w\" sizes=\"(max-width: 100px) 100vw, 100px\" \/><\/a>Carlos Pinz\u00f3n (18:30-19:00 h.)<\/strong><\/p>\n<p>Consultor SEM en la Agencia de Marketing Wanatop.<\/p>\n<p>&nbsp;<\/p>\n<p><strong><a href=\"https:\/\/pedroirustamendieta.com\/wp-content\/uploads\/2020\/05\/coza-diaz-onr9ywiglh0m7lbj8kymbzg44isyo9j8xace0rgzye.jpg\"><img loading=\"lazy\" decoding=\"async\" class=\"alignleft wp-image-1565\" src=\"https:\/\/pedroirustamendieta.com\/wp-content\/uploads\/2020\/05\/coza-diaz-onr9ywiglh0m7lbj8kymbzg44isyo9j8xace0rgzye.jpg\" alt=\"\" width=\"100\" height=\"100\" \/><\/a>Cova Diaz (19:00-19:30 h.)<\/strong><\/p>\n<p>Copywriter y redactora web especializada en embudos de venta. Usa el poder de las palabras para ayudar a otros\/as emprendedores\/as a vender m\u00e1s sus productos y servicios.<\/p>\n<p><strong><a href=\"https:\/\/pedroirustamendieta.com\/wp-content\/uploads\/2020\/05\/mila-coco-1-oniujas8m3fdv0gpeslpkina9futibl32gwjpc0ah2.jpeg\"><img loading=\"lazy\" decoding=\"async\" class=\"alignleft wp-image-1567\" src=\"https:\/\/pedroirustamendieta.com\/wp-content\/uploads\/2020\/05\/mila-coco-1-oniujas8m3fdv0gpeslpkina9futibl32gwjpc0ah2.jpeg\" alt=\"\" width=\"100\" height=\"100\" \/><\/a>Mila Coco (19:30-20:00 h.)<\/strong><\/p>\n<p>Copywriter experta en funnels. Ayuda a emprendedores\/as y negocios a aumentar sus ventas y clientes de forma real (y sin varitas m\u00e1gicas).<\/p>\n<p><strong><a href=\"https:\/\/pedroirustamendieta.com\/wp-content\/uploads\/2020\/05\/ana-trenza-1.jpg\"><img loading=\"lazy\" decoding=\"async\" class=\"alignleft wp-image-1569\" src=\"https:\/\/pedroirustamendieta.com\/wp-content\/uploads\/2020\/05\/ana-trenza-1.jpg\" alt=\"\" width=\"100\" height=\"100\" srcset=\"https:\/\/pedroirustamendieta.com\/wp-content\/uploads\/2020\/05\/ana-trenza-1.jpg 200w, https:\/\/pedroirustamendieta.com\/wp-content\/uploads\/2020\/05\/ana-trenza-1-150x150.jpg 150w\" sizes=\"(max-width: 100px) 100vw, 100px\" \/><\/a>Ana Trenza (20:00-20:30 h.)<\/strong><\/p>\n<p>\u00abC\u00e1lculo de precios de servicios de marketing\u00bb<\/p>\n<p>Directora financiera estrat\u00e9gica externa. Ayuda a empresarios de a crecer de forma continuada y controlada con Estrategia Financiera.<\/p>\n<p><strong><a href=\"https:\/\/pedroirustamendieta.com\/wp-content\/uploads\/2020\/05\/alfonso-alcantara.jpg\"><img loading=\"lazy\" decoding=\"async\" class=\"alignleft wp-image-1571\" src=\"https:\/\/pedroirustamendieta.com\/wp-content\/uploads\/2020\/05\/alfonso-alcantara.jpg\" alt=\"\" width=\"100\" height=\"100\" srcset=\"https:\/\/pedroirustamendieta.com\/wp-content\/uploads\/2020\/05\/alfonso-alcantara.jpg 200w, https:\/\/pedroirustamendieta.com\/wp-content\/uploads\/2020\/05\/alfonso-alcantara-150x150.jpg 150w\" sizes=\"(max-width: 100px) 100vw, 100px\" \/><\/a>Alfonso Alc\u00e1ntara (20:30-21:00 h.)<\/strong><\/p>\n<p>Conferenciante de empresa con rigor y humor. Motivaci\u00f3n de profesionales y equipos.<\/p>\n<h3><span class=\"ez-toc-section\" id=\"28_de_mayo_13_00-21_00_horas\"><\/span><strong>28 de mayo (13:00-21:00 horas)<\/strong><span class=\"ez-toc-section-end\"><\/span><\/h3>\n<p>Por su parte, <strong>el 28 de mayo utilizaremos el hashtag #DSM2020<\/strong> y estar\u00e1n como ponentes:<\/p>\n<p><strong><a href=\"https:\/\/pedroirustamendieta.com\/wp-content\/uploads\/2020\/05\/ponente-sorpresa-o57sq87egf4ah4lgaay8sii8evbz3hdkw2oo57p2py-1.jpg\"><img loading=\"lazy\" decoding=\"async\" class=\"alignleft wp-image-1549\" src=\"https:\/\/pedroirustamendieta.com\/wp-content\/uploads\/2020\/05\/ponente-sorpresa-o57sq87egf4ah4lgaay8sii8evbz3hdkw2oo57p2py-1.jpg\" alt=\"\" width=\"100\" height=\"100\" \/><\/a>Ponente sorpresa (13:00-13:30 h.)<\/strong><\/p>\n<p>&nbsp;<\/p>\n<p>&nbsp;<\/p>\n<p><strong><a href=\"https:\/\/pedroirustamendieta.com\/wp-content\/uploads\/2020\/05\/ponente-sorpresa-o57sq87egf4ah4lgaay8sii8evbz3hdkw2oo57p2py-1.jpg\"><img loading=\"lazy\" decoding=\"async\" class=\"alignleft wp-image-1549\" src=\"https:\/\/pedroirustamendieta.com\/wp-content\/uploads\/2020\/05\/ponente-sorpresa-o57sq87egf4ah4lgaay8sii8evbz3hdkw2oo57p2py-1.jpg\" alt=\"\" width=\"100\" height=\"100\" \/><\/a>Ponente sorpresa (13:30-14:00 h.)<\/strong><\/p>\n<p>&nbsp;<\/p>\n<p>&nbsp;<\/p>\n<p><strong><a href=\"https:\/\/pedroirustamendieta.com\/wp-content\/uploads\/2020\/05\/alex-lopez.jpg\"><img loading=\"lazy\" decoding=\"async\" class=\"alignleft wp-image-1573\" src=\"https:\/\/pedroirustamendieta.com\/wp-content\/uploads\/2020\/05\/alex-lopez.jpg\" alt=\"\" width=\"100\" height=\"100\" srcset=\"https:\/\/pedroirustamendieta.com\/wp-content\/uploads\/2020\/05\/alex-lopez.jpg 200w, https:\/\/pedroirustamendieta.com\/wp-content\/uploads\/2020\/05\/alex-lopez-150x150.jpg 150w\" sizes=\"(max-width: 100px) 100vw, 100px\" \/><\/a>\u00c1lex L\u00f3pez (14:00-14:30 h.)<\/strong><\/p>\n<p>Posicionado en el Top 10 Influencers Social Selling a nivel mundial 2020. Colabora como formador\u00a0de Linkedin y Digital\u00a0&amp; Social\u00a0Selling en la Universidad de Navarra, IESE Business School, ISDI, ESADE, Universidad de Deusto e\u00a0ISEM.<\/p>\n<p><strong><a href=\"https:\/\/pedroirustamendieta.com\/wp-content\/uploads\/2020\/05\/amalia-lopez.jpg\"><img loading=\"lazy\" decoding=\"async\" class=\"alignleft wp-image-1575\" src=\"https:\/\/pedroirustamendieta.com\/wp-content\/uploads\/2020\/05\/amalia-lopez.jpg\" alt=\"\" width=\"100\" height=\"100\" srcset=\"https:\/\/pedroirustamendieta.com\/wp-content\/uploads\/2020\/05\/amalia-lopez.jpg 200w, https:\/\/pedroirustamendieta.com\/wp-content\/uploads\/2020\/05\/amalia-lopez-150x150.jpg 150w\" sizes=\"(max-width: 100px) 100vw, 100px\" \/><\/a>Amalia L\u00f3pez (14:30-15:00 h.)<\/strong><\/p>\n<p>Periodista y funcionaria experta en Redes Sociales y Marca Personal en las Administraciones P\u00fablicas.<\/p>\n<p><strong><a href=\"https:\/\/pedroirustamendieta.com\/wp-content\/uploads\/2020\/05\/Jessica-Quero-1-1.jpg\"><img loading=\"lazy\" decoding=\"async\" class=\"alignleft wp-image-1577\" src=\"https:\/\/pedroirustamendieta.com\/wp-content\/uploads\/2020\/05\/Jessica-Quero-1-1.jpg\" alt=\"\" width=\"100\" height=\"100\" srcset=\"https:\/\/pedroirustamendieta.com\/wp-content\/uploads\/2020\/05\/Jessica-Quero-1-1.jpg 200w, https:\/\/pedroirustamendieta.com\/wp-content\/uploads\/2020\/05\/Jessica-Quero-1-1-150x150.jpg 150w\" sizes=\"(max-width: 100px) 100vw, 100px\" \/><\/a>J\u00e9ssica Quero (15:00-15:30 h.)<\/strong><\/p>\n<p>\u00abC\u00f3mo aumentar tu visibilidad y tus ventas gracias a Instagram\u00bb<\/p>\n<p>Social Media Manager, experta en marketing en Instagram. Formadora y consultora en redes sociales.<\/p>\n<p><strong><a href=\"https:\/\/pedroirustamendieta.com\/wp-content\/uploads\/2020\/05\/rafa-sospedra.jpg\"><img loading=\"lazy\" decoding=\"async\" class=\"alignleft wp-image-1579\" src=\"https:\/\/pedroirustamendieta.com\/wp-content\/uploads\/2020\/05\/rafa-sospedra.jpg\" alt=\"\" width=\"100\" height=\"100\" srcset=\"https:\/\/pedroirustamendieta.com\/wp-content\/uploads\/2020\/05\/rafa-sospedra.jpg 200w, https:\/\/pedroirustamendieta.com\/wp-content\/uploads\/2020\/05\/rafa-sospedra-150x150.jpg 150w\" sizes=\"(max-width: 100px) 100vw, 100px\" \/><\/a>Rafa Sospedra (15:30-16:00 h.)<\/strong><\/p>\n<p>Apasionado del SEO y de la Anal\u00edtica Web. Consultor SEO Freelance. Coautor de \u201cBusiness to Social\u201d.<\/p>\n<p><strong><a href=\"https:\/\/pedroirustamendieta.com\/wp-content\/uploads\/2020\/05\/jonathan-velez-1-ongq9swwhv1shug86je15u1eqa23p15l9iv5uss6py.jpg\"><img loading=\"lazy\" decoding=\"async\" class=\"alignleft wp-image-1581\" src=\"https:\/\/pedroirustamendieta.com\/wp-content\/uploads\/2020\/05\/jonathan-velez-1-ongq9swwhv1shug86je15u1eqa23p15l9iv5uss6py.jpg\" alt=\"\" width=\"100\" height=\"100\" \/><\/a>Jonathan V\u00e9lez (16:00-16:30 h.)<\/strong><\/p>\n<p>Consultor SEO y formador de Marketing Digital. Tal y como asegura, \u201cEl tiempo pone a cada uno en su lugar, bueno si haces SEO quiz\u00e1s un poco m\u00e1s arriba\u201d.<\/p>\n<p><strong><a href=\"https:\/\/pedroirustamendieta.com\/wp-content\/uploads\/2020\/05\/oscar-aguilera-1.jpeg\"><img loading=\"lazy\" decoding=\"async\" class=\"alignleft wp-image-1583\" src=\"https:\/\/pedroirustamendieta.com\/wp-content\/uploads\/2020\/05\/oscar-aguilera-1.jpeg\" alt=\"\" width=\"100\" height=\"100\" srcset=\"https:\/\/pedroirustamendieta.com\/wp-content\/uploads\/2020\/05\/oscar-aguilera-1.jpeg 200w, https:\/\/pedroirustamendieta.com\/wp-content\/uploads\/2020\/05\/oscar-aguilera-1-150x150.jpeg 150w\" sizes=\"(max-width: 100px) 100vw, 100px\" \/><\/a>\u00d3scar Aguilera (16:30-17:00 h.)<\/strong><\/p>\n<p>CEO de StartGo Connection. Enamorado del SEO y del an\u00e1lisis de la intenci\u00f3n de b\u00fasqueda de los clientes. Formador en continua formaci\u00f3n.<\/p>\n<p><strong><a href=\"https:\/\/pedroirustamendieta.com\/wp-content\/uploads\/2020\/05\/ponente-sorpresa-o57sq87egf4ah4lgaay8sii8evbz3hdkw2oo57p2py-1.jpg\"><img loading=\"lazy\" decoding=\"async\" class=\"alignleft wp-image-1549\" src=\"https:\/\/pedroirustamendieta.com\/wp-content\/uploads\/2020\/05\/ponente-sorpresa-o57sq87egf4ah4lgaay8sii8evbz3hdkw2oo57p2py-1.jpg\" alt=\"\" width=\"100\" height=\"100\" \/><\/a>Ponente sorpresa (17:00-17:30 h.)<\/strong><\/p>\n<p>&nbsp;<\/p>\n<p>&nbsp;<\/p>\n<p><strong><a href=\"https:\/\/pedroirustamendieta.com\/wp-content\/uploads\/2020\/05\/eva-collado-1-onpicanbwvcjgujzryd7lietwawzxqzczu0b4xs0zq.jpeg\"><img loading=\"lazy\" decoding=\"async\" class=\"alignleft wp-image-1585\" src=\"https:\/\/pedroirustamendieta.com\/wp-content\/uploads\/2020\/05\/eva-collado-1-onpicanbwvcjgujzryd7lietwawzxqzczu0b4xs0zq.jpeg\" alt=\"\" width=\"100\" height=\"100\" \/><\/a>Eva Collado (17:30-18:00 h.)<\/strong><\/p>\n<p>Pone en valor a personas y organizaciones para que desarrollen y proyecten su mejor versi\u00f3n en un entorno digitalizado.<\/p>\n<p><strong><a href=\"https:\/\/pedroirustamendieta.com\/wp-content\/uploads\/2020\/05\/ana-ivars-o57sq87egf4ah4lgaay8sii8evbz3hdkw2oo57p2py.jpg\"><img loading=\"lazy\" decoding=\"async\" class=\"alignleft wp-image-1587\" src=\"https:\/\/pedroirustamendieta.com\/wp-content\/uploads\/2020\/05\/ana-ivars-o57sq87egf4ah4lgaay8sii8evbz3hdkw2oo57p2py.jpg\" alt=\"\" width=\"100\" height=\"100\" \/><\/a>Ana Ivars (18:00-18:30 h.)<\/strong><\/p>\n<p>Consultora de Marketing Digital especialista en Facebook e Instagram Ads y Embudos de Venta.<\/p>\n<p><strong><a href=\"https:\/\/pedroirustamendieta.com\/wp-content\/uploads\/2020\/05\/victor-campuzano-1.jpeg\"><img loading=\"lazy\" decoding=\"async\" class=\"alignleft wp-image-1589\" src=\"https:\/\/pedroirustamendieta.com\/wp-content\/uploads\/2020\/05\/victor-campuzano-1.jpeg\" alt=\"\" width=\"100\" height=\"100\" srcset=\"https:\/\/pedroirustamendieta.com\/wp-content\/uploads\/2020\/05\/victor-campuzano-1.jpeg 200w, https:\/\/pedroirustamendieta.com\/wp-content\/uploads\/2020\/05\/victor-campuzano-1-150x150.jpeg 150w\" sizes=\"(max-width: 100px) 100vw, 100px\" \/><\/a>V\u00edctor Campuzano (18:30-19:00 h.)<\/strong><\/p>\n<p>Growth Hacker freelance para Startups como Metricool o Streamloots. Emprendedor, formador y Remote Worker.<\/p>\n<p><strong><a href=\"https:\/\/pedroirustamendieta.com\/wp-content\/uploads\/2020\/05\/Fernando-Cebolla.jpeg\"><img loading=\"lazy\" decoding=\"async\" class=\"alignleft wp-image-1591\" src=\"https:\/\/pedroirustamendieta.com\/wp-content\/uploads\/2020\/05\/Fernando-Cebolla.jpeg\" alt=\"\" width=\"100\" height=\"100\" srcset=\"https:\/\/pedroirustamendieta.com\/wp-content\/uploads\/2020\/05\/Fernando-Cebolla.jpeg 200w, https:\/\/pedroirustamendieta.com\/wp-content\/uploads\/2020\/05\/Fernando-Cebolla-150x150.jpeg 150w\" sizes=\"(max-width: 100px) 100vw, 100px\" \/><\/a>Fernando Cebolla (19:00-19:30 h.)<\/strong><\/p>\n<p>Consultor y Formador de Social Media Marketing.<\/p>\n<p>&nbsp;<\/p>\n<p><strong><a href=\"https:\/\/pedroirustamendieta.com\/wp-content\/uploads\/2020\/05\/juan-pablo-metricool.jpg\"><img loading=\"lazy\" decoding=\"async\" class=\"alignleft wp-image-1593\" src=\"https:\/\/pedroirustamendieta.com\/wp-content\/uploads\/2020\/05\/juan-pablo-metricool.jpg\" alt=\"\" width=\"100\" height=\"100\" srcset=\"https:\/\/pedroirustamendieta.com\/wp-content\/uploads\/2020\/05\/juan-pablo-metricool.jpg 200w, https:\/\/pedroirustamendieta.com\/wp-content\/uploads\/2020\/05\/juan-pablo-metricool-150x150.jpg 150w\" sizes=\"(max-width: 100px) 100vw, 100px\" \/><\/a>Juan Pablo (19:30-20:00 h.)<\/strong><\/p>\n<p>CEO y Fundador de Metricool.<\/p>\n<p>&nbsp;<\/p>\n<p><strong><a href=\"https:\/\/pedroirustamendieta.com\/wp-content\/uploads\/2020\/05\/ponente-sorpresa-o57sq87egf4ah4lgaay8sii8evbz3hdkw2oo57p2py-1.jpg\"><img loading=\"lazy\" decoding=\"async\" class=\"alignleft wp-image-1549\" src=\"https:\/\/pedroirustamendieta.com\/wp-content\/uploads\/2020\/05\/ponente-sorpresa-o57sq87egf4ah4lgaay8sii8evbz3hdkw2oo57p2py-1.jpg\" alt=\"\" width=\"100\" height=\"100\" \/><\/a>Ponente sorpresa (20:00-20:30 h.)<\/strong><\/p>\n<p>&nbsp;<\/p>\n<p>&nbsp;<\/p>\n<p><strong><a href=\"https:\/\/pedroirustamendieta.com\/wp-content\/uploads\/2020\/05\/borja-gomez-2.jpg\"><img loading=\"lazy\" decoding=\"async\" class=\"alignleft wp-image-1595\" src=\"https:\/\/pedroirustamendieta.com\/wp-content\/uploads\/2020\/05\/borja-gomez-2.jpg\" alt=\"\" width=\"100\" height=\"100\" srcset=\"https:\/\/pedroirustamendieta.com\/wp-content\/uploads\/2020\/05\/borja-gomez-2.jpg 200w, https:\/\/pedroirustamendieta.com\/wp-content\/uploads\/2020\/05\/borja-gomez-2-150x150.jpg 150w\" sizes=\"(max-width: 100px) 100vw, 100px\" \/><\/a>Borja G\u00f3mez (20:30-21:00 h.)<\/strong><\/p>\n<p>Te ayuda a convertirte en noticia para que salgas en los medios de comunicaci\u00f3n y consigas la visibilidad &amp; autoridad que mereces. Tambi\u00e9n crea Press Managers.<strong>\u00a0<\/strong><\/p>\n<h2><span class=\"ez-toc-section\" id=\"Conclusion\"><\/span><strong>Conclusi\u00f3n<\/strong><span class=\"ez-toc-section-end\"><\/span><\/h2>\n<p>Tanto si te est\u00e1s iniciando en el sector del marketing digital como si eres un\/a experto\/a en la materia, el <strong>#DSM20 es un Congreso que te aportar\u00e1 mucho valor<\/strong> por la gran variedad de temas que se abordar\u00e1n.<\/p>\n<p>De entre todas las ponencias que se impartir\u00e1n durante los d\u00edas 27 y 28 de mayo, a buen seguro, habr\u00e1 lecciones que te ayudar\u00e1n a despejar dudas y te servir\u00e1n para elaborar tu propia estrategia digital.<\/p>\n<p>Y todo ello, sin olvidar que durante el evento <strong>se sortear\u00e1n hasta un total de 33 premios entre las personas asistentes que m\u00e1s interact\u00faen con las publicaciones y que hagan tweets m\u00e1s originales<\/strong>.<\/p>\n<p>No te lo pienses m\u00e1s e inscr\u00edbete ya en <a href=\"https:\/\/www.marketingandweb.es\/congreso-marketing-digital\/\">la p\u00e1gina web de este Congreso Online en Marketing Digital<\/a>. Las plazas son limitadas.<\/p>\n<p>Recuerda que una buena decisi\u00f3n tomada a tiempo puede marcar tu futuro.<\/p>\n<p><strong>Finalmente, \u00bfenumerar\u00edas alguna otra raz\u00f3n para que las personas que trabajan en una administraci\u00f3n p\u00fablica deban seguir el #DSM20?<\/strong><\/p>\n<p><strong>Si deseas exponer tu opini\u00f3n al respecto, as\u00ed como del Congreso, sus ponentes y de las distintas tem\u00e1ticas que se abordar\u00e1n, este es tu espacio.<\/strong><\/p>\n<p>Espero tus comentarios.<\/p>\n<p>Muchas gracias.<\/p>\n<p><a href=\"https:\/\/pedroirustamendieta.com\/wp-content\/uploads\/2020\/05\/Cartel-DSM20.jpg\"><img loading=\"lazy\" decoding=\"async\" class=\"alignleft size-full wp-image-1598\" src=\"https:\/\/pedroirustamendieta.com\/wp-content\/uploads\/2020\/05\/Cartel-DSM20.jpg\" alt=\"\" width=\"640\" height=\"960\" srcset=\"https:\/\/pedroirustamendieta.com\/wp-content\/uploads\/2020\/05\/Cartel-DSM20.jpg 640w, https:\/\/pedroirustamendieta.com\/wp-content\/uploads\/2020\/05\/Cartel-DSM20-200x300.jpg 200w, https:\/\/pedroirustamendieta.com\/wp-content\/uploads\/2020\/05\/Cartel-DSM20-610x915.jpg 610w\" sizes=\"(max-width: 640px) 100vw, 640px\" \/><\/a><\/p>\n<p>&nbsp;<\/p>\n","protected":false},"excerpt":{"rendered":"<p>841viewsEl Marketing Digital forma parte del d\u00eda a d\u00eda de muchos\/as profesionales que se dedican a crear o potenciar su marca, empresa o negocio. Estar al tanto de las \u00faltimas tendencias en el sector se ha vuelto imprescindible para luchar en un entorno cada vez m\u00e1s competitivo. Crear comunidad, fidelizar y conseguir nuevos clientes o &#8230; <a title=\"Congreso de Marketing Digital Online #DSM20: 5 razones para no perd\u00e9rtelo, si trabajas en una administraci\u00f3n p\u00fablica\" class=\"read-more\" href=\"https:\/\/pedroirustamendieta.com\/es\/congreso-marketing-digital-online-dsm20-administracion-publica\/\" aria-label=\"M\u00e1s en Congreso de Marketing Digital Online #DSM20: 5 razones para no perd\u00e9rtelo, si trabajas en una administraci\u00f3n p\u00fablica\">Leer m\u00e1s<\/a><\/p>\n","protected":false},"author":2,"featured_media":1543,"comment_status":"open","ping_status":"open","sticky":false,"template":"","format":"standard","meta":{"episode_type":"","audio_file":"","podmotor_file_id":"","podmotor_episode_id":"","cover_image":"","cover_image_id":"","duration":"","filesize":"","filesize_raw":"","date_recorded":"","explicit":"","block":"","footnotes":""},"categories":[79],"tags":[81,80,42,82],"series":[],"class_list":["post-1540","post","type-post","status-publish","format-standard","has-post-thumbnail","hentry","category-marketing-digital","tag-dsm20","tag-congreso-online","tag-marketing-digital","tag-social-media","generate-columns","tablet-grid-50","mobile-grid-100","grid-parent","grid-50"],"episode_featured_image":"https:\/\/pedroirustamendieta.com\/wp-content\/uploads\/2020\/05\/DSM20-PORTADA-e1588803880335.png","episode_player_image":"https:\/\/pedroirustamendieta.com\/wp-content\/uploads\/2022\/11\/33654374-1667930359655-60bf102db51fd-scaled.jpg","download_link":"","player_link":"","audio_player":false,"episode_data":{"playerMode":"light","subscribeUrls":{"anchor":{"key":"anchor","url":"https:\/\/anchor.fm\/comunicardesdelopublico","label":"Anchor","class":"anchor","icon":"anchor.png"},"apple_podcasts":{"key":"apple_podcasts","url":"https:\/\/podcasts.apple.com\/es\/podcast\/comunicar-desde-lo-p%C3%BAblico\/id1653681642","label":"Apple Podcasts","class":"apple_podcasts","icon":"apple-podcasts.png"},"google_podcasts":{"key":"google_podcasts","url":"https:\/\/podcasts.google.com\/feed\/aHR0cHM6Ly9hbmNob3IuZm0vcy9jOTMxMTY1OC9wb2RjYXN0L3Jzcw","label":"Google Podcasts","class":"google_podcasts","icon":"google-podcasts.png"},"spotify":{"key":"spotify","url":"https:\/\/open.spotify.com\/show\/1X7dc6ZTSESAnUUuHRat7J","label":"Spotify","class":"spotify","icon":"spotify.png"},"spreaker":{"key":"spreaker","url":"https:\/\/www.spreaker.com\/show\/comunicar-desde-lo-publico","label":"Spreaker","class":"spreaker","icon":"spreaker.png"},"stitcher":{"key":"stitcher","url":"","label":"Stitcher","class":"stitcher","icon":"stitcher.png"},"ivoox":{"key":"ivoox","url":"https:\/\/www.ivoox.com\/podcast-comunicar-desde-lo-publico_sq_f11717056_1.html","label":"iVoox","class":"ivoox","icon":"ivoox.png"}},"rssFeedUrl":"https:\/\/pedroirustamendieta.com\/es\/feed\/podcast\/default-podcast","embedCode":"<blockquote class=\"wp-embedded-content\" data-secret=\"36KZA33Ti0\"><a href=\"https:\/\/pedroirustamendieta.com\/es\/congreso-marketing-digital-online-dsm20-administracion-publica\/\">Congreso de Marketing Digital Online #DSM20: 5 razones para no perd\u00e9rtelo, si trabajas en una administraci\u00f3n p\u00fablica<\/a><\/blockquote><iframe sandbox=\"allow-scripts\" security=\"restricted\" src=\"https:\/\/pedroirustamendieta.com\/es\/congreso-marketing-digital-online-dsm20-administracion-publica\/embed\/#?secret=36KZA33Ti0\" width=\"500\" height=\"350\" title=\"\u00abCongreso de Marketing Digital Online #DSM20: 5 razones para no perd\u00e9rtelo, si trabajas en una administraci\u00f3n p\u00fablica\u00bb \u2014 Pedro Irusta Mendieta: Comunicaci\u00f3n p\u00fablica\" data-secret=\"36KZA33Ti0\" frameborder=\"0\" marginwidth=\"0\" marginheight=\"0\" scrolling=\"no\" class=\"wp-embedded-content\"><\/iframe><script>\n\/*! This file is auto-generated *\/\n!function(d,l){\"use strict\";l.querySelector&&d.addEventListener&&\"undefined\"!=typeof URL&&(d.wp=d.wp||{},d.wp.receiveEmbedMessage||(d.wp.receiveEmbedMessage=function(e){var t=e.data;if((t||t.secret||t.message||t.value)&&!\/[^a-zA-Z0-9]\/.test(t.secret)){for(var s,r,n,a=l.querySelectorAll('iframe[data-secret=\"'+t.secret+'\"]'),o=l.querySelectorAll('blockquote[data-secret=\"'+t.secret+'\"]'),c=new RegExp(\"^https?:$\",\"i\"),i=0;i<o.length;i++)o[i].style.display=\"none\";for(i=0;i<a.length;i++)s=a[i],e.source===s.contentWindow&&(s.removeAttribute(\"style\"),\"height\"===t.message?(1e3<(r=parseInt(t.value,10))?r=1e3:~~r<200&&(r=200),s.height=r):\"link\"===t.message&&(r=new URL(s.getAttribute(\"src\")),n=new URL(t.value),c.test(n.protocol))&&n.host===r.host&&l.activeElement===s&&(d.top.location.href=t.value))}},d.addEventListener(\"message\",d.wp.receiveEmbedMessage,!1),l.addEventListener(\"DOMContentLoaded\",function(){for(var e,t,s=l.querySelectorAll(\"iframe.wp-embedded-content\"),r=0;r<s.length;r++)(t=(e=s[r]).getAttribute(\"data-secret\"))||(t=Math.random().toString(36).substring(2,12),e.src+=\"#?secret=\"+t,e.setAttribute(\"data-secret\",t)),e.contentWindow.postMessage({message:\"ready\",secret:t},\"*\")},!1)))}(window,document);\n\/\/# sourceURL=https:\/\/pedroirustamendieta.com\/wp-includes\/js\/wp-embed.min.js\n<\/script>\n"},"yoast_head":"<!-- This site is optimized with the Yoast SEO plugin v27.3 - https:\/\/yoast.com\/product\/yoast-seo-wordpress\/ -->\n<title>Congreso #DSM20: 5 razones para no perd\u00e9rtelo si trabajas en una AAPP<\/title>\n<meta name=\"description\" content=\"\ud83d\udda5 Si trabajas gestionando la comunicaci\u00f3n y el marketing digital en una administraci\u00f3n p\u00fablica, el DSM20 es tu congreso de referencia. \u00a1Consulta este post!\" \/>\n<meta name=\"robots\" content=\"index, follow, max-snippet:-1, max-image-preview:large, max-video-preview:-1\" \/>\n<link rel=\"canonical\" href=\"https:\/\/pedroirustamendieta.com\/es\/congreso-marketing-digital-online-dsm20-administracion-publica\/\" \/>\n<meta property=\"og:locale\" content=\"es_ES\" \/>\n<meta property=\"og:type\" content=\"article\" \/>\n<meta property=\"og:title\" content=\"Congreso #DSM20: 5 razones para no perd\u00e9rtelo si trabajas en una AAPP\" \/>\n<meta property=\"og:description\" content=\"\ud83d\udda5 Si trabajas gestionando la comunicaci\u00f3n y el marketing digital en una administraci\u00f3n p\u00fablica, el DSM20 es tu congreso de referencia. \u00a1Consulta este post!\" \/>\n<meta property=\"og:url\" content=\"https:\/\/pedroirustamendieta.com\/es\/congreso-marketing-digital-online-dsm20-administracion-publica\/\" \/>\n<meta property=\"og:site_name\" content=\"Pedro Irusta Mendieta: Comunicaci\u00f3n p\u00fablica\" \/>\n<meta property=\"article:published_time\" content=\"2020-05-07T08:01:39+00:00\" \/>\n<meta property=\"article:modified_time\" content=\"2020-05-09T12:47:48+00:00\" \/>\n<meta property=\"og:image\" content=\"https:\/\/pedroirustamendieta.com\/wp-content\/uploads\/2020\/05\/DSM20-PORTADA-e1588803880335.png\" \/>\n\t<meta property=\"og:image:width\" content=\"802\" \/>\n\t<meta property=\"og:image:height\" content=\"451\" \/>\n\t<meta property=\"og:image:type\" content=\"image\/png\" \/>\n<meta name=\"author\" content=\"Pedro Irusta Mendieta\" \/>\n<meta name=\"twitter:card\" content=\"summary_large_image\" \/>\n<meta name=\"twitter:creator\" content=\"@Pedro__Irusta\" \/>\n<meta name=\"twitter:site\" content=\"@Pedro__Irusta\" \/>\n<meta name=\"twitter:label1\" content=\"Escrito por\" \/>\n\t<meta name=\"twitter:data1\" content=\"Pedro Irusta Mendieta\" \/>\n\t<meta name=\"twitter:label2\" content=\"Tiempo de lectura\" \/>\n\t<meta name=\"twitter:data2\" content=\"13 minutos\" \/>\n<script type=\"application\/ld+json\" class=\"yoast-schema-graph\">{\"@context\":\"https:\\\/\\\/schema.org\",\"@graph\":[{\"@type\":\"Article\",\"@id\":\"https:\\\/\\\/pedroirustamendieta.com\\\/es\\\/congreso-marketing-digital-online-dsm20-administracion-publica\\\/#article\",\"isPartOf\":{\"@id\":\"https:\\\/\\\/pedroirustamendieta.com\\\/es\\\/congreso-marketing-digital-online-dsm20-administracion-publica\\\/\"},\"author\":{\"name\":\"Pedro Irusta Mendieta\",\"@id\":\"https:\\\/\\\/pedroirustamendieta.com\\\/es\\\/#\\\/schema\\\/person\\\/b5123b985a77b0db9e354a1134eb3087\"},\"headline\":\"Congreso de Marketing Digital Online #DSM20: 5 razones para no perd\u00e9rtelo, si trabajas en una administraci\u00f3n p\u00fablica\",\"datePublished\":\"2020-05-07T08:01:39+00:00\",\"dateModified\":\"2020-05-09T12:47:48+00:00\",\"mainEntityOfPage\":{\"@id\":\"https:\\\/\\\/pedroirustamendieta.com\\\/es\\\/congreso-marketing-digital-online-dsm20-administracion-publica\\\/\"},\"wordCount\":2591,\"commentCount\":16,\"publisher\":{\"@id\":\"https:\\\/\\\/pedroirustamendieta.com\\\/es\\\/#\\\/schema\\\/person\\\/b5123b985a77b0db9e354a1134eb3087\"},\"image\":{\"@id\":\"https:\\\/\\\/pedroirustamendieta.com\\\/es\\\/congreso-marketing-digital-online-dsm20-administracion-publica\\\/#primaryimage\"},\"thumbnailUrl\":\"https:\\\/\\\/pedroirustamendieta.com\\\/wp-content\\\/uploads\\\/2020\\\/05\\\/DSM20-PORTADA-e1588803880335.png\",\"keywords\":[\"#DSM20\",\"Congreso online\",\"marketing digital\",\"Social Media\"],\"articleSection\":[\"Marketing Digital\"],\"inLanguage\":\"es\",\"potentialAction\":[{\"@type\":\"CommentAction\",\"name\":\"Comment\",\"target\":[\"https:\\\/\\\/pedroirustamendieta.com\\\/es\\\/congreso-marketing-digital-online-dsm20-administracion-publica\\\/#respond\"]}]},{\"@type\":\"WebPage\",\"@id\":\"https:\\\/\\\/pedroirustamendieta.com\\\/es\\\/congreso-marketing-digital-online-dsm20-administracion-publica\\\/\",\"url\":\"https:\\\/\\\/pedroirustamendieta.com\\\/es\\\/congreso-marketing-digital-online-dsm20-administracion-publica\\\/\",\"name\":\"Congreso #DSM20: 5 razones para no perd\u00e9rtelo si trabajas en una AAPP\",\"isPartOf\":{\"@id\":\"https:\\\/\\\/pedroirustamendieta.com\\\/es\\\/#website\"},\"primaryImageOfPage\":{\"@id\":\"https:\\\/\\\/pedroirustamendieta.com\\\/es\\\/congreso-marketing-digital-online-dsm20-administracion-publica\\\/#primaryimage\"},\"image\":{\"@id\":\"https:\\\/\\\/pedroirustamendieta.com\\\/es\\\/congreso-marketing-digital-online-dsm20-administracion-publica\\\/#primaryimage\"},\"thumbnailUrl\":\"https:\\\/\\\/pedroirustamendieta.com\\\/wp-content\\\/uploads\\\/2020\\\/05\\\/DSM20-PORTADA-e1588803880335.png\",\"datePublished\":\"2020-05-07T08:01:39+00:00\",\"dateModified\":\"2020-05-09T12:47:48+00:00\",\"description\":\"\ud83d\udda5 Si trabajas gestionando la comunicaci\u00f3n y el marketing digital en una administraci\u00f3n p\u00fablica, el DSM20 es tu congreso de referencia. \u00a1Consulta este post!\",\"breadcrumb\":{\"@id\":\"https:\\\/\\\/pedroirustamendieta.com\\\/es\\\/congreso-marketing-digital-online-dsm20-administracion-publica\\\/#breadcrumb\"},\"inLanguage\":\"es\",\"potentialAction\":[{\"@type\":\"ReadAction\",\"target\":[\"https:\\\/\\\/pedroirustamendieta.com\\\/es\\\/congreso-marketing-digital-online-dsm20-administracion-publica\\\/\"]}]},{\"@type\":\"ImageObject\",\"inLanguage\":\"es\",\"@id\":\"https:\\\/\\\/pedroirustamendieta.com\\\/es\\\/congreso-marketing-digital-online-dsm20-administracion-publica\\\/#primaryimage\",\"url\":\"https:\\\/\\\/pedroirustamendieta.com\\\/wp-content\\\/uploads\\\/2020\\\/05\\\/DSM20-PORTADA-e1588803880335.png\",\"contentUrl\":\"https:\\\/\\\/pedroirustamendieta.com\\\/wp-content\\\/uploads\\\/2020\\\/05\\\/DSM20-PORTADA-e1588803880335.png\",\"width\":802,\"height\":451,\"caption\":\"DSM20-PORTADA\"},{\"@type\":\"BreadcrumbList\",\"@id\":\"https:\\\/\\\/pedroirustamendieta.com\\\/es\\\/congreso-marketing-digital-online-dsm20-administracion-publica\\\/#breadcrumb\",\"itemListElement\":[{\"@type\":\"ListItem\",\"position\":1,\"name\":\"Portada\",\"item\":\"https:\\\/\\\/pedroirustamendieta.com\\\/es\\\/\"},{\"@type\":\"ListItem\",\"position\":2,\"name\":\"Congreso de Marketing Digital Online #DSM20: 5 razones para no perd\u00e9rtelo, si trabajas en una administraci\u00f3n p\u00fablica\"}]},{\"@type\":\"WebSite\",\"@id\":\"https:\\\/\\\/pedroirustamendieta.com\\\/es\\\/#website\",\"url\":\"https:\\\/\\\/pedroirustamendieta.com\\\/es\\\/\",\"name\":\"Pedro Irusta Mendieta: Comunicaci\u00f3n y Transparencia en las administraciones p\u00fablicas\",\"description\":\"Blog de Comunicaci\u00f3n y administraciones p\u00fablicas\",\"publisher\":{\"@id\":\"https:\\\/\\\/pedroirustamendieta.com\\\/es\\\/#\\\/schema\\\/person\\\/b5123b985a77b0db9e354a1134eb3087\"},\"potentialAction\":[{\"@type\":\"SearchAction\",\"target\":{\"@type\":\"EntryPoint\",\"urlTemplate\":\"https:\\\/\\\/pedroirustamendieta.com\\\/es\\\/?s={search_term_string}\"},\"query-input\":{\"@type\":\"PropertyValueSpecification\",\"valueRequired\":true,\"valueName\":\"search_term_string\"}}],\"inLanguage\":\"es\"},{\"@type\":[\"Person\",\"Organization\"],\"@id\":\"https:\\\/\\\/pedroirustamendieta.com\\\/es\\\/#\\\/schema\\\/person\\\/b5123b985a77b0db9e354a1134eb3087\",\"name\":\"Pedro Irusta Mendieta\",\"image\":{\"@type\":\"ImageObject\",\"inLanguage\":\"es\",\"@id\":\"https:\\\/\\\/pedroirustamendieta.com\\\/wp-content\\\/uploads\\\/2019\\\/02\\\/pedro-irusta-mendieta.png\",\"url\":\"https:\\\/\\\/pedroirustamendieta.com\\\/wp-content\\\/uploads\\\/2019\\\/02\\\/pedro-irusta-mendieta.png\",\"contentUrl\":\"https:\\\/\\\/pedroirustamendieta.com\\\/wp-content\\\/uploads\\\/2019\\\/02\\\/pedro-irusta-mendieta.png\",\"width\":375,\"height\":53,\"caption\":\"Pedro Irusta Mendieta\"},\"logo\":{\"@id\":\"https:\\\/\\\/pedroirustamendieta.com\\\/wp-content\\\/uploads\\\/2019\\\/02\\\/pedro-irusta-mendieta.png\"},\"description\":\"Periodista y funcionario local, especializado en comunicaci\u00f3n institucional.\",\"sameAs\":[\"https:\\\/\\\/pedroirustamendieta.com\\\/\",\"https:\\\/\\\/www.instagram.com\\\/pedroirustamendieta\",\"https:\\\/\\\/x.com\\\/Pedro__Irusta\"]}]}<\/script>\n<!-- \/ Yoast SEO plugin. -->","yoast_head_json":{"title":"Congreso #DSM20: 5 razones para no perd\u00e9rtelo si trabajas en una AAPP","description":"\ud83d\udda5 Si trabajas gestionando la comunicaci\u00f3n y el marketing digital en una administraci\u00f3n p\u00fablica, el DSM20 es tu congreso de referencia. \u00a1Consulta este post!","robots":{"index":"index","follow":"follow","max-snippet":"max-snippet:-1","max-image-preview":"max-image-preview:large","max-video-preview":"max-video-preview:-1"},"canonical":"https:\/\/pedroirustamendieta.com\/es\/congreso-marketing-digital-online-dsm20-administracion-publica\/","og_locale":"es_ES","og_type":"article","og_title":"Congreso #DSM20: 5 razones para no perd\u00e9rtelo si trabajas en una AAPP","og_description":"\ud83d\udda5 Si trabajas gestionando la comunicaci\u00f3n y el marketing digital en una administraci\u00f3n p\u00fablica, el DSM20 es tu congreso de referencia. \u00a1Consulta este post!","og_url":"https:\/\/pedroirustamendieta.com\/es\/congreso-marketing-digital-online-dsm20-administracion-publica\/","og_site_name":"Pedro Irusta Mendieta: Comunicaci\u00f3n p\u00fablica","article_published_time":"2020-05-07T08:01:39+00:00","article_modified_time":"2020-05-09T12:47:48+00:00","og_image":[{"width":802,"height":451,"url":"https:\/\/pedroirustamendieta.com\/wp-content\/uploads\/2020\/05\/DSM20-PORTADA-e1588803880335.png","type":"image\/png"}],"author":"Pedro Irusta Mendieta","twitter_card":"summary_large_image","twitter_creator":"@Pedro__Irusta","twitter_site":"@Pedro__Irusta","twitter_misc":{"Escrito por":"Pedro Irusta Mendieta","Tiempo de lectura":"13 minutos"},"schema":{"@context":"https:\/\/schema.org","@graph":[{"@type":"Article","@id":"https:\/\/pedroirustamendieta.com\/es\/congreso-marketing-digital-online-dsm20-administracion-publica\/#article","isPartOf":{"@id":"https:\/\/pedroirustamendieta.com\/es\/congreso-marketing-digital-online-dsm20-administracion-publica\/"},"author":{"name":"Pedro Irusta Mendieta","@id":"https:\/\/pedroirustamendieta.com\/es\/#\/schema\/person\/b5123b985a77b0db9e354a1134eb3087"},"headline":"Congreso de Marketing Digital Online #DSM20: 5 razones para no perd\u00e9rtelo, si trabajas en una administraci\u00f3n p\u00fablica","datePublished":"2020-05-07T08:01:39+00:00","dateModified":"2020-05-09T12:47:48+00:00","mainEntityOfPage":{"@id":"https:\/\/pedroirustamendieta.com\/es\/congreso-marketing-digital-online-dsm20-administracion-publica\/"},"wordCount":2591,"commentCount":16,"publisher":{"@id":"https:\/\/pedroirustamendieta.com\/es\/#\/schema\/person\/b5123b985a77b0db9e354a1134eb3087"},"image":{"@id":"https:\/\/pedroirustamendieta.com\/es\/congreso-marketing-digital-online-dsm20-administracion-publica\/#primaryimage"},"thumbnailUrl":"https:\/\/pedroirustamendieta.com\/wp-content\/uploads\/2020\/05\/DSM20-PORTADA-e1588803880335.png","keywords":["#DSM20","Congreso online","marketing digital","Social Media"],"articleSection":["Marketing Digital"],"inLanguage":"es","potentialAction":[{"@type":"CommentAction","name":"Comment","target":["https:\/\/pedroirustamendieta.com\/es\/congreso-marketing-digital-online-dsm20-administracion-publica\/#respond"]}]},{"@type":"WebPage","@id":"https:\/\/pedroirustamendieta.com\/es\/congreso-marketing-digital-online-dsm20-administracion-publica\/","url":"https:\/\/pedroirustamendieta.com\/es\/congreso-marketing-digital-online-dsm20-administracion-publica\/","name":"Congreso #DSM20: 5 razones para no perd\u00e9rtelo si trabajas en una AAPP","isPartOf":{"@id":"https:\/\/pedroirustamendieta.com\/es\/#website"},"primaryImageOfPage":{"@id":"https:\/\/pedroirustamendieta.com\/es\/congreso-marketing-digital-online-dsm20-administracion-publica\/#primaryimage"},"image":{"@id":"https:\/\/pedroirustamendieta.com\/es\/congreso-marketing-digital-online-dsm20-administracion-publica\/#primaryimage"},"thumbnailUrl":"https:\/\/pedroirustamendieta.com\/wp-content\/uploads\/2020\/05\/DSM20-PORTADA-e1588803880335.png","datePublished":"2020-05-07T08:01:39+00:00","dateModified":"2020-05-09T12:47:48+00:00","description":"\ud83d\udda5 Si trabajas gestionando la comunicaci\u00f3n y el marketing digital en una administraci\u00f3n p\u00fablica, el DSM20 es tu congreso de referencia. \u00a1Consulta este post!","breadcrumb":{"@id":"https:\/\/pedroirustamendieta.com\/es\/congreso-marketing-digital-online-dsm20-administracion-publica\/#breadcrumb"},"inLanguage":"es","potentialAction":[{"@type":"ReadAction","target":["https:\/\/pedroirustamendieta.com\/es\/congreso-marketing-digital-online-dsm20-administracion-publica\/"]}]},{"@type":"ImageObject","inLanguage":"es","@id":"https:\/\/pedroirustamendieta.com\/es\/congreso-marketing-digital-online-dsm20-administracion-publica\/#primaryimage","url":"https:\/\/pedroirustamendieta.com\/wp-content\/uploads\/2020\/05\/DSM20-PORTADA-e1588803880335.png","contentUrl":"https:\/\/pedroirustamendieta.com\/wp-content\/uploads\/2020\/05\/DSM20-PORTADA-e1588803880335.png","width":802,"height":451,"caption":"DSM20-PORTADA"},{"@type":"BreadcrumbList","@id":"https:\/\/pedroirustamendieta.com\/es\/congreso-marketing-digital-online-dsm20-administracion-publica\/#breadcrumb","itemListElement":[{"@type":"ListItem","position":1,"name":"Portada","item":"https:\/\/pedroirustamendieta.com\/es\/"},{"@type":"ListItem","position":2,"name":"Congreso de Marketing Digital Online #DSM20: 5 razones para no perd\u00e9rtelo, si trabajas en una administraci\u00f3n p\u00fablica"}]},{"@type":"WebSite","@id":"https:\/\/pedroirustamendieta.com\/es\/#website","url":"https:\/\/pedroirustamendieta.com\/es\/","name":"Pedro Irusta Mendieta: Comunicaci\u00f3n y Transparencia en las administraciones p\u00fablicas","description":"Blog de Comunicaci\u00f3n y administraciones p\u00fablicas","publisher":{"@id":"https:\/\/pedroirustamendieta.com\/es\/#\/schema\/person\/b5123b985a77b0db9e354a1134eb3087"},"potentialAction":[{"@type":"SearchAction","target":{"@type":"EntryPoint","urlTemplate":"https:\/\/pedroirustamendieta.com\/es\/?s={search_term_string}"},"query-input":{"@type":"PropertyValueSpecification","valueRequired":true,"valueName":"search_term_string"}}],"inLanguage":"es"},{"@type":["Person","Organization"],"@id":"https:\/\/pedroirustamendieta.com\/es\/#\/schema\/person\/b5123b985a77b0db9e354a1134eb3087","name":"Pedro Irusta Mendieta","image":{"@type":"ImageObject","inLanguage":"es","@id":"https:\/\/pedroirustamendieta.com\/wp-content\/uploads\/2019\/02\/pedro-irusta-mendieta.png","url":"https:\/\/pedroirustamendieta.com\/wp-content\/uploads\/2019\/02\/pedro-irusta-mendieta.png","contentUrl":"https:\/\/pedroirustamendieta.com\/wp-content\/uploads\/2019\/02\/pedro-irusta-mendieta.png","width":375,"height":53,"caption":"Pedro Irusta Mendieta"},"logo":{"@id":"https:\/\/pedroirustamendieta.com\/wp-content\/uploads\/2019\/02\/pedro-irusta-mendieta.png"},"description":"Periodista y funcionario local, especializado en comunicaci\u00f3n institucional.","sameAs":["https:\/\/pedroirustamendieta.com\/","https:\/\/www.instagram.com\/pedroirustamendieta","https:\/\/x.com\/Pedro__Irusta"]}]}},"_links":{"self":[{"href":"https:\/\/pedroirustamendieta.com\/es\/wp-json\/wp\/v2\/posts\/1540","targetHints":{"allow":["GET"]}}],"collection":[{"href":"https:\/\/pedroirustamendieta.com\/es\/wp-json\/wp\/v2\/posts"}],"about":[{"href":"https:\/\/pedroirustamendieta.com\/es\/wp-json\/wp\/v2\/types\/post"}],"author":[{"embeddable":true,"href":"https:\/\/pedroirustamendieta.com\/es\/wp-json\/wp\/v2\/users\/2"}],"replies":[{"embeddable":true,"href":"https:\/\/pedroirustamendieta.com\/es\/wp-json\/wp\/v2\/comments?post=1540"}],"version-history":[{"count":22,"href":"https:\/\/pedroirustamendieta.com\/es\/wp-json\/wp\/v2\/posts\/1540\/revisions"}],"predecessor-version":[{"id":1629,"href":"https:\/\/pedroirustamendieta.com\/es\/wp-json\/wp\/v2\/posts\/1540\/revisions\/1629"}],"wp:featuredmedia":[{"embeddable":true,"href":"https:\/\/pedroirustamendieta.com\/es\/wp-json\/wp\/v2\/media\/1543"}],"wp:attachment":[{"href":"https:\/\/pedroirustamendieta.com\/es\/wp-json\/wp\/v2\/media?parent=1540"}],"wp:term":[{"taxonomy":"category","embeddable":true,"href":"https:\/\/pedroirustamendieta.com\/es\/wp-json\/wp\/v2\/categories?post=1540"},{"taxonomy":"post_tag","embeddable":true,"href":"https:\/\/pedroirustamendieta.com\/es\/wp-json\/wp\/v2\/tags?post=1540"},{"taxonomy":"series","embeddable":true,"href":"https:\/\/pedroirustamendieta.com\/es\/wp-json\/wp\/v2\/series?post=1540"}],"curies":[{"name":"wp","href":"https:\/\/api.w.org\/{rel}","templated":true}]}}