{"id":1348,"date":"2020-02-28T09:28:15","date_gmt":"2020-02-28T08:28:15","guid":{"rendered":"https:\/\/pedroirustamendieta.com\/?p=1348"},"modified":"2020-02-28T09:48:19","modified_gmt":"2020-02-28T08:48:19","slug":"acciones-comentarios-negativos-redes-sociales-institucionales","status":"publish","type":"post","link":"https:\/\/pedroirustamendieta.com\/es\/acciones-comentarios-negativos-redes-sociales-institucionales\/","title":{"rendered":"10 acciones a realizar ante comentarios negativos en redes sociales institucionales"},"content":{"rendered":"<div class='yzp-views yzp-style2 yzp-level-5 '><span class='yzp-icon yzp-icon-level-5'  title='14053'><\/span><span class=\"yzp-icon-view\" title=\"14053\">14.1k<\/span><span class=\"yzp-icon-text\" title=\"14053\">views<\/span><\/div>\n\n<div class=\"kk-star-ratings kksr-auto kksr-align-left kksr-valign-top\"\n    data-payload='{&quot;align&quot;:&quot;left&quot;,&quot;id&quot;:&quot;1348&quot;,&quot;slug&quot;:&quot;default&quot;,&quot;valign&quot;:&quot;top&quot;,&quot;ignore&quot;:&quot;&quot;,&quot;reference&quot;:&quot;auto&quot;,&quot;class&quot;:&quot;&quot;,&quot;count&quot;:&quot;5&quot;,&quot;legendonly&quot;:&quot;&quot;,&quot;readonly&quot;:&quot;&quot;,&quot;score&quot;:&quot;4.2&quot;,&quot;starsonly&quot;:&quot;&quot;,&quot;best&quot;:&quot;5&quot;,&quot;gap&quot;:&quot;5&quot;,&quot;greet&quot;:&quot;Rate this post&quot;,&quot;legend&quot;:&quot;4.2\\\/5 - (5 votos)&quot;,&quot;size&quot;:&quot;24&quot;,&quot;title&quot;:&quot;10 acciones a realizar ante comentarios negativos en redes sociales institucionales&quot;,&quot;width&quot;:&quot;119.3&quot;,&quot;_legend&quot;:&quot;{score}\\\/{best} - ({count} {votes})&quot;,&quot;font_factor&quot;:&quot;1.25&quot;}'>\n            \n<div class=\"kksr-stars\">\n    \n<div class=\"kksr-stars-inactive\">\n            <div class=\"kksr-star\" data-star=\"1\" style=\"padding-right: 5px\">\n            \n\n<div class=\"kksr-icon\" style=\"width: 24px; height: 24px;\"><\/div>\n        <\/div>\n            <div class=\"kksr-star\" data-star=\"2\" style=\"padding-right: 5px\">\n            \n\n<div class=\"kksr-icon\" style=\"width: 24px; height: 24px;\"><\/div>\n        <\/div>\n            <div class=\"kksr-star\" data-star=\"3\" style=\"padding-right: 5px\">\n            \n\n<div class=\"kksr-icon\" style=\"width: 24px; height: 24px;\"><\/div>\n        <\/div>\n            <div class=\"kksr-star\" data-star=\"4\" style=\"padding-right: 5px\">\n            \n\n<div class=\"kksr-icon\" style=\"width: 24px; height: 24px;\"><\/div>\n        <\/div>\n            <div class=\"kksr-star\" data-star=\"5\" style=\"padding-right: 5px\">\n            \n\n<div class=\"kksr-icon\" style=\"width: 24px; height: 24px;\"><\/div>\n        <\/div>\n    <\/div>\n    \n<div class=\"kksr-stars-active\" style=\"width: 119.3px;\">\n            <div class=\"kksr-star\" style=\"padding-right: 5px\">\n            \n\n<div class=\"kksr-icon\" style=\"width: 24px; height: 24px;\"><\/div>\n        <\/div>\n            <div class=\"kksr-star\" style=\"padding-right: 5px\">\n            \n\n<div class=\"kksr-icon\" style=\"width: 24px; height: 24px;\"><\/div>\n        <\/div>\n            <div class=\"kksr-star\" style=\"padding-right: 5px\">\n            \n\n<div class=\"kksr-icon\" style=\"width: 24px; height: 24px;\"><\/div>\n        <\/div>\n            <div class=\"kksr-star\" style=\"padding-right: 5px\">\n            \n\n<div class=\"kksr-icon\" style=\"width: 24px; height: 24px;\"><\/div>\n        <\/div>\n            <div class=\"kksr-star\" style=\"padding-right: 5px\">\n            \n\n<div class=\"kksr-icon\" style=\"width: 24px; height: 24px;\"><\/div>\n        <\/div>\n    <\/div>\n<\/div>\n                \n\n<div class=\"kksr-legend\" style=\"font-size: 19.2px;\">\n            4.2\/5 - (5 votos)    <\/div>\n    <\/div>\n<p>\u00bfC\u00f3mo afrontar los <strong>comentarios negativos en las redes sociales<\/strong>? \u00bfQu\u00e9 medidas se pueden adoptar frente a una posible crisis?<\/p>\n<p>Numerosos art\u00edculos, publicados hasta la fecha, dan respuesta a estas y otras preguntas, y recogen de manera clara y detallada c\u00f3mo se debe reaccionar ante los comentarios negativos de los\/as usuarios\/as en las redes sociales.<\/p>\n<p>En la actualidad, son muchas las marcas y compa\u00f1\u00edas que disponen de una alta capacidad de respuesta ante las reacciones de los\/as usuarios\/as, y cuentan con los recursos y m\u00e9todos suficientes para encajar todo tipo de cr\u00edticas.<\/p>\n<p>Sin embargo, <strong>\u00bfqu\u00e9 es lo que ocurre en el caso de las administraciones p\u00fablicas?<\/strong> \u00bfEst\u00e1n realmente preparadas para gestionar de manera correcta las cr\u00edticas recibidas en redes sociales? \u00bfC\u00f3mo deben afrontar cualquier situaci\u00f3n de crisis que se genere en torno a su organizaci\u00f3n?<\/p>\n<div id=\"ez-toc-container\" class=\"ez-toc-v2_0_82_2 counter-hierarchy ez-toc-counter ez-toc-white ez-toc-container-direction\">\n<p class=\"ez-toc-title\" style=\"cursor:inherit\">Tabla de contenidos<\/p>\n<label for=\"ez-toc-cssicon-toggle-item-69f1ec358a8fb\" class=\"ez-toc-cssicon-toggle-label\"><span class=\"\"><span class=\"eztoc-hide\" style=\"display:none;\">Toggle<\/span><span class=\"ez-toc-icon-toggle-span\"><svg style=\"fill: #999;color:#999\" xmlns=\"http:\/\/www.w3.org\/2000\/svg\" class=\"list-377408\" width=\"20px\" height=\"20px\" viewBox=\"0 0 24 24\" fill=\"none\"><path d=\"M6 6H4v2h2V6zm14 0H8v2h12V6zM4 11h2v2H4v-2zm16 0H8v2h12v-2zM4 16h2v2H4v-2zm16 0H8v2h12v-2z\" fill=\"currentColor\"><\/path><\/svg><svg style=\"fill: #999;color:#999\" class=\"arrow-unsorted-368013\" xmlns=\"http:\/\/www.w3.org\/2000\/svg\" width=\"10px\" height=\"10px\" viewBox=\"0 0 24 24\" version=\"1.2\" baseProfile=\"tiny\"><path d=\"M18.2 9.3l-6.2-6.3-6.2 6.3c-.2.2-.3.4-.3.7s.1.5.3.7c.2.2.4.3.7.3h11c.3 0 .5-.1.7-.3.2-.2.3-.5.3-.7s-.1-.5-.3-.7zM5.8 14.7l6.2 6.3 6.2-6.3c.2-.2.3-.5.3-.7s-.1-.5-.3-.7c-.2-.2-.4-.3-.7-.3h-11c-.3 0-.5.1-.7.3-.2.2-.3.5-.3.7s.1.5.3.7z\"\/><\/svg><\/span><\/span><\/label><input type=\"checkbox\"  id=\"ez-toc-cssicon-toggle-item-69f1ec358a8fb\"  aria-label=\"Alternar\" \/><nav><ul class='ez-toc-list ez-toc-list-level-1 ' ><li class='ez-toc-page-1 ez-toc-heading-level-2'><a class=\"ez-toc-link ez-toc-heading-1\" href=\"https:\/\/pedroirustamendieta.com\/es\/acciones-comentarios-negativos-redes-sociales-institucionales\/#%C2%BFQue_se_entiende_por_comentario_negativo_en_redes_sociales\" >\u00bfQu\u00e9 se entiende por comentario negativo en redes sociales?<\/a><\/li><li class='ez-toc-page-1 ez-toc-heading-level-2'><a class=\"ez-toc-link ez-toc-heading-2\" href=\"https:\/\/pedroirustamendieta.com\/es\/acciones-comentarios-negativos-redes-sociales-institucionales\/#%C2%BFComo_se_deben_afrontar_los_comentarios_negativos_desde_las_administraciones_publicas\" >\u00bfC\u00f3mo se deben afrontar los comentarios negativos desde las administraciones p\u00fablicas?\u00a0<\/a><\/li><li class='ez-toc-page-1 ez-toc-heading-level-2'><a class=\"ez-toc-link ez-toc-heading-3\" href=\"https:\/\/pedroirustamendieta.com\/es\/acciones-comentarios-negativos-redes-sociales-institucionales\/#Acciones_a_realizar_ante_los_comentarios_negativos_en_redes_sociales\" >Acciones a realizar ante los comentarios negativos en redes sociales<\/a><ul class='ez-toc-list-level-3' ><li class='ez-toc-heading-level-3'><a class=\"ez-toc-link ez-toc-heading-4\" href=\"https:\/\/pedroirustamendieta.com\/es\/acciones-comentarios-negativos-redes-sociales-institucionales\/#1_Analiza_el_comentario_negativo\" >1. Analiza el comentario negativo<\/a><\/li><li class='ez-toc-page-1 ez-toc-heading-level-3'><a class=\"ez-toc-link ez-toc-heading-5\" href=\"https:\/\/pedroirustamendieta.com\/es\/acciones-comentarios-negativos-redes-sociales-institucionales\/#2_Manten_la_calma\" >2. Mant\u00e9n la calma\u00a0<\/a><\/li><li class='ez-toc-page-1 ez-toc-heading-level-3'><a class=\"ez-toc-link ez-toc-heading-6\" href=\"https:\/\/pedroirustamendieta.com\/es\/acciones-comentarios-negativos-redes-sociales-institucionales\/#3_Escucha_a_losas_usuariosas_y_se_empaticoa\" >3. Escucha a los\/as usuarios\/as y s\u00e9 emp\u00e1tico\/a<\/a><\/li><li class='ez-toc-page-1 ez-toc-heading-level-3'><a class=\"ez-toc-link ez-toc-heading-7\" href=\"https:\/\/pedroirustamendieta.com\/es\/acciones-comentarios-negativos-redes-sociales-institucionales\/#4_Ofrece_una_respuesta_en_un_corto_espacio_de_tiempo\" >4. Ofrece una respuesta en un corto espacio de tiempo\u00a0<\/a><\/li><li class='ez-toc-page-1 ez-toc-heading-level-3'><a class=\"ez-toc-link ez-toc-heading-8\" href=\"https:\/\/pedroirustamendieta.com\/es\/acciones-comentarios-negativos-redes-sociales-institucionales\/#5_Manten_una_coordinacion_adecuada_con_las_areas_implicadas_en_el_asunto_en_cuestion\" >5. Mant\u00e9n una coordinaci\u00f3n adecuada con las \u00e1reas implicadas en el asunto en cuesti\u00f3n<\/a><\/li><li class='ez-toc-page-1 ez-toc-heading-level-3'><a class=\"ez-toc-link ez-toc-heading-9\" href=\"https:\/\/pedroirustamendieta.com\/es\/acciones-comentarios-negativos-redes-sociales-institucionales\/#6_Responde_a_todas_las_criticas_de_losas_usuariosas_y_no_discutas_nunca_con_ellosas\" >6. Responde a todas las cr\u00edticas de los\/as usuarios\/as, y no discutas nunca con ellos\/as<\/a><\/li><li class='ez-toc-page-1 ez-toc-heading-level-3'><a class=\"ez-toc-link ez-toc-heading-10\" href=\"https:\/\/pedroirustamendieta.com\/es\/acciones-comentarios-negativos-redes-sociales-institucionales\/#7_Se_sinceroa_y_ofrece_informacion_real_sobre_los_hechos\" >7. S\u00e9 sincero\/a y ofrece informaci\u00f3n real sobre los hechos<\/a><\/li><li class='ez-toc-page-1 ez-toc-heading-level-3'><a class=\"ez-toc-link ez-toc-heading-11\" href=\"https:\/\/pedroirustamendieta.com\/es\/acciones-comentarios-negativos-redes-sociales-institucionales\/#8_No_borres_los_comentarios_negativos_ni_bloquees_a_losas_usuariosas_que_los_realizan\" >8. No borres los comentarios negativos, ni bloquees a los\/as usuarios\/as que los realizan\u00a0<\/a><\/li><li class='ez-toc-page-1 ez-toc-heading-level-3'><a class=\"ez-toc-link ez-toc-heading-12\" href=\"https:\/\/pedroirustamendieta.com\/es\/acciones-comentarios-negativos-redes-sociales-institucionales\/#9_Agradece_la_participacion_de_tus_seguidoresas_y_aprende_de_lo_ocurrido\" >9. Agradece la participaci\u00f3n de tus seguidores\/as y aprende de lo ocurrido<\/a><\/li><li class='ez-toc-page-1 ez-toc-heading-level-3'><a class=\"ez-toc-link ez-toc-heading-13\" href=\"https:\/\/pedroirustamendieta.com\/es\/acciones-comentarios-negativos-redes-sociales-institucionales\/#10_Aplica_medidas_de_mejora_o_medidas_correctoras\" >10. Aplica medidas de mejora o medidas correctoras\u00a0<\/a><\/li><\/ul><\/li><li class='ez-toc-page-1 ez-toc-heading-level-2'><a class=\"ez-toc-link ez-toc-heading-14\" href=\"https:\/\/pedroirustamendieta.com\/es\/acciones-comentarios-negativos-redes-sociales-institucionales\/#Conclusion\" >Conclusi\u00f3n<\/a><\/li><\/ul><\/nav><\/div>\n<h2><span class=\"ez-toc-section\" id=\"%C2%BFQue_se_entiende_por_comentario_negativo_en_redes_sociales\"><\/span><strong><a href=\"https:\/\/pedroirustamendieta.com\/wp-content\/uploads\/2020\/02\/1.negative-comment-e1582751602319.png\"><img decoding=\"async\" class=\"alignleft size-full wp-image-1350\" src=\"https:\/\/pedroirustamendieta.com\/wp-content\/uploads\/2020\/02\/1.negative-comment-e1582751602319.png\" alt=\"\" width=\"100\" height=\"100\" \/><\/a>\u00bfQu\u00e9 se entiende por comentario negativo en redes sociales?<\/strong><span class=\"ez-toc-section-end\"><\/span><\/h2>\n<p>Antes de dar respuesta a estas y otras cuestiones, conviene aclarar, en primer lugar, qu\u00e9 es lo que se entiende realmente por <strong>comentario negativo<\/strong>.<\/p>\n<span class='bctt-click-to-tweet'><span class='bctt-ctt-text'><a href='https:\/\/x.com\/intent\/tweet?url=https%3A%2F%2Fpedroirustamendieta.com%2Fes%2Facciones-comentarios-negativos-redes-sociales-institucionales%2F&#038;text=Un%20comentario%20negativo%20en%20las%20redes%20sociales%20es%20la%20opini%C3%B3n%20que%20vierte%20alguien%2C%20de%20manera%20p%C3%BAblica%2C%20en%20las%20cuentas%20oficiales%20de%20nuestras%20redes%2C%20y%20puede%20perjudicar%20la%20imagen%20o%20reputaci%C3%B3n%20de%20nuestra%20marca%20o%20instituci%C3%B3n.&#038;via=Pedro__Irusta&#038;related=Pedro__Irusta' target='_blank'rel=\"noopener noreferrer\">Un comentario negativo en las redes sociales es la opini\u00f3n que vierte alguien, de manera p\u00fablica, en las cuentas oficiales de nuestras redes, y puede perjudicar la imagen o reputaci\u00f3n de nuestra marca o instituci\u00f3n. <\/a><\/span><a href='https:\/\/x.com\/intent\/tweet?url=https%3A%2F%2Fpedroirustamendieta.com%2Fes%2Facciones-comentarios-negativos-redes-sociales-institucionales%2F&#038;text=Un%20comentario%20negativo%20en%20las%20redes%20sociales%20es%20la%20opini%C3%B3n%20que%20vierte%20alguien%2C%20de%20manera%20p%C3%BAblica%2C%20en%20las%20cuentas%20oficiales%20de%20nuestras%20redes%2C%20y%20puede%20perjudicar%20la%20imagen%20o%20reputaci%C3%B3n%20de%20nuestra%20marca%20o%20instituci%C3%B3n.&#038;via=Pedro__Irusta&#038;related=Pedro__Irusta' target='_blank' class='bctt-ctt-btn'rel=\"noopener noreferrer\">Compartir en X<\/a><\/span>\n<p>Para dar respuesta a dichos comentarios negativos es fundamental haber definido, previamente, un <strong>plan o estrategia de social media<\/strong>, con el objeto de reconducir la situaci\u00f3n de la mejor manera posible, y evitar que nuestra imagen de marca salga perjudicada.<\/p>\n<p>La manera en que muchas administraciones p\u00fablicas gestionan el asunto no difiere demasiado de la forma en que lo hacen grandes marcas y compa\u00f1\u00edas de diferentes sectores.<\/p>\n<p>Y digo \u201cmuchas\u201d, porque dentro del sector p\u00fablico <strong>existen a\u00fan hoy administraciones locales que no disponen de los recursos humanos ni materiales suficientes para ofrecer una respuesta de calidad<\/strong>, y, en ocasiones, se pueden ver desbordadas para tratar con eficiencia determinados asuntos.<\/p>\n<p>Lo peor llega cuando algunas de esas entidades locales s\u00ed que disponen de perfiles oficiales en redes sociales, y no los alimentan ni responden a las preguntas, cr\u00edticas o quejas planteadas por la ciudadan\u00eda.<\/p>\n<p>Y ojo. Que la administraciones p\u00fablicas, incluidas las locales, deben estar en redes sociales lo considero esencial, pero no a cualquier precio.<\/p>\n<p><strong>Si un ayuntamiento determinado no es capaz de mantener sus cuentas oficiales en redes sociales<\/strong>, hacer un seguimiento de estas ni responder a los comentarios negativos de los\/as usuarios\/as, <strong>lo mejor ser\u00e1 replantearnos nuestra presencia en ellas<\/strong>.<\/p>\n<p>En primer lugar, porque <strong>debemos ofrecer un servicio p\u00fablico de calidad<\/strong>, y, en segundo t\u00e9rmino, por una <strong>cuesti\u00f3n de imagen de marca y reputaci\u00f3n<\/strong>.<\/p>\n<p>Pero esa es otra cuesti\u00f3n, y <strong>lo realmente importante en este caso es saber c\u00f3mo debemos encajar los comentarios negativos<\/strong> que realizan los\/as usuarios\/as en las redes.<\/p>\n<h2><span class=\"ez-toc-section\" id=\"%C2%BFComo_se_deben_afrontar_los_comentarios_negativos_desde_las_administraciones_publicas\"><\/span><strong><a href=\"https:\/\/pedroirustamendieta.com\/wp-content\/uploads\/2020\/02\/2.student-e1582751715429.png\"><img decoding=\"async\" class=\"alignleft size-full wp-image-1352\" src=\"https:\/\/pedroirustamendieta.com\/wp-content\/uploads\/2020\/02\/2.student-e1582751715429.png\" alt=\"\" width=\"100\" height=\"100\" \/><\/a>\u00bfC\u00f3mo se deben afrontar los comentarios negativos desde las administraciones p\u00fablicas?\u00a0<\/strong><span class=\"ez-toc-section-end\"><\/span><\/h2>\n<p>Todas aquellas personas que nos dedicamos a gestionar redes sociales en la administraci\u00f3n p\u00fablica debemos tener muy presente que, <strong>ante ciertos comentarios negativos<\/strong>, debemos <strong>actuar con calma y de forma apacible.<\/strong><\/p>\n<p>Lo verdaderamente importante, por nuestra parte, es tratar de controlar la situaci\u00f3n, <strong>ser conscientes de que estamos representando a una instituci\u00f3n<\/strong> y no dejarnos llevar por las cr\u00edticas de quienes las realizan.<\/p>\n<p><strong>Tarde o temprano<\/strong>, y m\u00e1s a\u00fan en el caso de las administraciones p\u00fablicas, <strong>acabaremos recibiendo numerosos comentarios negativos<\/strong> en redes sociales, con lo cual <strong>es importante estar bien preparados\/as<\/strong>.<\/p>\n<p>Por todo ello, es necesario pensar en fr\u00edo, tomarnos el tiempo suficiente para responder a todas las cr\u00edticas recibidas, haber definido un plan de acci\u00f3n para contestar adecuadamente y analizar el impacto de lo sucedido.<\/p>\n<h2><span class=\"ez-toc-section\" id=\"Acciones_a_realizar_ante_los_comentarios_negativos_en_redes_sociales\"><\/span><strong><a href=\"https:\/\/pedroirustamendieta.com\/wp-content\/uploads\/2020\/02\/3.call-to-action.png\"><img decoding=\"async\" class=\"alignleft size-full wp-image-1354\" src=\"https:\/\/pedroirustamendieta.com\/wp-content\/uploads\/2020\/02\/3.call-to-action-e1582751830882.png\" alt=\"\" width=\"100\" height=\"100\" \/><\/a>Acciones a realizar ante los comentarios negativos en redes sociales<\/strong><span class=\"ez-toc-section-end\"><\/span><\/h2>\n<p>Si trabajas gestionando las redes sociales de una determinada administraci\u00f3n, y no te queda claro c\u00f3mo actuar frente a las cr\u00edticas de los\/as usuarios\/as, no decaigas.<\/p>\n<p>A pesar de que ya he mencionado algunas de las claves para mantener una actitud correcta y responder a los comentarios negativos de los\/as usuarios\/as, a continuaci\u00f3n, <strong>enumero una serie de acciones que podr\u00e1s desarrollar<\/strong> cuando las cosas se tuerzan o no vayan del todo bien.<\/p>\n<h3><span class=\"ez-toc-section\" id=\"1_Analiza_el_comentario_negativo\"><\/span><strong><a href=\"https:\/\/pedroirustamendieta.com\/wp-content\/uploads\/2020\/02\/analyze-e1582810682258.png\"><img loading=\"lazy\" decoding=\"async\" class=\"alignleft size-full wp-image-1357\" src=\"https:\/\/pedroirustamendieta.com\/wp-content\/uploads\/2020\/02\/analyze-e1582810682258.png\" alt=\"\" width=\"100\" height=\"100\" \/><\/a>1. Analiza el comentario negativo<\/strong><span class=\"ez-toc-section-end\"><\/span><\/h3>\n<p>En primer lugar, es necesario <strong>leer con detenimiento el comentario negativo<\/strong> que realiza un\/a usuario\/a, <strong>reconocer el problema y tratar de adoptar una actitud positiva<\/strong>.<\/p>\n<p>Adem\u00e1s, es importante <strong>analizar las consecuencias y el impacto<\/strong> que dicho comentario podr\u00eda originar sobre nuestra marca para poder actuar en consecuencia.<\/p>\n<h3><span class=\"ez-toc-section\" id=\"2_Manten_la_calma\"><\/span><strong><a href=\"https:\/\/pedroirustamendieta.com\/wp-content\/uploads\/2020\/02\/idea-e1582810788102.png\"><img loading=\"lazy\" decoding=\"async\" class=\"alignleft size-full wp-image-1359\" src=\"https:\/\/pedroirustamendieta.com\/wp-content\/uploads\/2020\/02\/idea-e1582810788102.png\" alt=\"\" width=\"100\" height=\"100\" \/><\/a>2. Mant\u00e9n la calma\u00a0<\/strong><span class=\"ez-toc-section-end\"><\/span><\/h3>\n<p>Recuerda, una vez m\u00e1s, que est\u00e1s representando a una marca o instituci\u00f3n p\u00fablica, y que <strong>el comentario negativo que vierte alguien no es un ataque hacia tu persona,<\/strong> sino a la instituci\u00f3n para la que trabajas.<\/p>\n<p>Por tanto, no te dejes llevar por los impulsos ni las emociones del momento, y mant\u00e9n la calma. Es importante meditar la respuesta que vamos a dar a el\/la usuario\/a, ser respetuosos\/as y cuidar el tono que vamos a utilizar.<\/p>\n<p>Lo ideal es utilizar un lenguaje cercano, aportar palabras que ayuden a apaciguar la situaci\u00f3n y no entrar en conflicto.<\/p>\n<h3><span class=\"ez-toc-section\" id=\"3_Escucha_a_losas_usuariosas_y_se_empaticoa\"><\/span><strong><a href=\"https:\/\/pedroirustamendieta.com\/wp-content\/uploads\/2020\/02\/noise.png\"><img loading=\"lazy\" decoding=\"async\" class=\"alignleft size-full wp-image-1361\" src=\"https:\/\/pedroirustamendieta.com\/wp-content\/uploads\/2020\/02\/noise-e1582810957410.png\" alt=\"\" width=\"100\" height=\"100\" \/><\/a>3. Escucha a los\/as usuarios\/as y s\u00e9 emp\u00e1tico\/a<\/strong><span class=\"ez-toc-section-end\"><\/span><\/h3>\n<p>A pesar de que la situaci\u00f3n se vuelva tensa, <strong>debemos escuchar siempre a los\/as usuarios\/as<\/strong>. Al fin y al cabo, como administraci\u00f3n p\u00fablica, nos debemos a ellos\/as, y debemos prestar especial atenci\u00f3n a todas sus cr\u00edticas o peticiones.<\/p>\n<p>Se debe procurar entender a dichas personas y empatizar con ellas, ya que, de esa manera, lograremos saber con m\u00e1s certeza qu\u00e9 es lo que intentan transmitirnos.<\/p>\n<h3><span class=\"ez-toc-section\" id=\"4_Ofrece_una_respuesta_en_un_corto_espacio_de_tiempo\"><\/span><strong><a href=\"https:\/\/pedroirustamendieta.com\/wp-content\/uploads\/2020\/02\/clock.png\"><img loading=\"lazy\" decoding=\"async\" class=\"alignleft size-full wp-image-1363\" src=\"https:\/\/pedroirustamendieta.com\/wp-content\/uploads\/2020\/02\/clock-e1582811279689.png\" alt=\"\" width=\"100\" height=\"100\" \/><\/a>4. Ofrece una respuesta en un corto espacio de tiempo<\/strong><strong style=\"font-size: 16px;\">\u00a0<\/strong><span class=\"ez-toc-section-end\"><\/span><\/h3>\n<p>Una vez de haber analizado el comentario negativo de una persona, mantener la calma y escucharla detenidamente, es hora de actuar.<\/p>\n<p>Probablemente, haya cuestiones que no tengan una respuesta inmediata, pero, en cualquier caso, <strong>debemos responder siempre lo antes posible<\/strong>, y transmitir el mensaje de que tendremos en cuenta la queja o cuesti\u00f3n que se nos plantea.<\/p>\n<p>De no ser as\u00ed, los\/as usuarios\/as percibir\u00e1n o sentir\u00e1n que les estamos ignorando, y \u00fanicamente conseguiremos generar mayor malestar.<\/p>\n<h3><span class=\"ez-toc-section\" id=\"5_Manten_una_coordinacion_adecuada_con_las_areas_implicadas_en_el_asunto_en_cuestion\"><\/span><strong><a href=\"https:\/\/pedroirustamendieta.com\/wp-content\/uploads\/2020\/02\/coordination.png\"><img loading=\"lazy\" decoding=\"async\" class=\"alignleft size-full wp-image-1365\" src=\"https:\/\/pedroirustamendieta.com\/wp-content\/uploads\/2020\/02\/coordination-e1582811753993.png\" alt=\"\" width=\"100\" height=\"100\" \/><\/a>5. Mant\u00e9n una coordinaci\u00f3n adecuada con las \u00e1reas implicadas en el asunto en cuesti\u00f3n<\/strong><span class=\"ez-toc-section-end\"><\/span><\/h3>\n<p>Antes de dar respuesta a una cr\u00edtica o comentario negativo, es recomendable que est\u00e9s convencido\/a de que el mensaje que vas a transmitir es el m\u00e1s adecuado.<\/p>\n<p>Por ello, conviene que mantengas un <strong>contacto directo y una buena coordinaci\u00f3n con las \u00e1reas o unidades implicadas<\/strong> en el asunto, y, en caso de que surjan dudas, tratar de consensuar juntos\/as una respuesta.<strong>\u00a0<\/strong><\/p>\n<h3><span class=\"ez-toc-section\" id=\"6_Responde_a_todas_las_criticas_de_losas_usuariosas_y_no_discutas_nunca_con_ellosas\"><\/span><strong><a href=\"https:\/\/pedroirustamendieta.com\/wp-content\/uploads\/2020\/02\/reply.png\"><img loading=\"lazy\" decoding=\"async\" class=\"alignleft size-full wp-image-1367\" src=\"https:\/\/pedroirustamendieta.com\/wp-content\/uploads\/2020\/02\/reply-e1582811843944.png\" alt=\"\" width=\"100\" height=\"100\" \/><\/a>6. Responde a todas las cr\u00edticas de los\/as usuarios\/as, y no discutas nunca con ellos\/as<\/strong><span class=\"ez-toc-section-end\"><\/span><\/h3>\n<p>Como he comentado en l\u00edneas anteriores, por muy tensa que se ponga la situaci\u00f3n, <strong>nunca debemos ponernos a la altura de la otra persona<\/strong> ni entrar en sus provocaciones (siempre que las haya, claro est\u00e1).<\/p>\n<p>Por norma general, y ante cualquier cr\u00edtica o comentario negativo que realicen los\/as usuarios\/as, <strong>debemos responder siempre de una manera cercana y respetuosa, y usando min\u00fasculas en todo momento.<\/strong><\/p>\n<p>Recuerda que <strong>las may\u00fasculas<\/strong> <strong>se pueden entender como si estuvieras gritando<\/strong>, y que no es la manera m\u00e1s id\u00f3nea de interactuar con el\/la ciudadano\/a.<\/p>\n<p>Y si aun as\u00ed, el\/la usuario\/a persiste y, por nuestra parte, ya le hemos respondido adecuadamente, lo recomendable es tratar de concluir el asunto de una manera cordial para no generar mayor conflicto.<\/p>\n<h3><span class=\"ez-toc-section\" id=\"7_Se_sinceroa_y_ofrece_informacion_real_sobre_los_hechos\"><\/span><strong><a href=\"https:\/\/pedroirustamendieta.com\/wp-content\/uploads\/2020\/02\/user.png\"><img loading=\"lazy\" decoding=\"async\" class=\"alignleft size-full wp-image-1369\" src=\"https:\/\/pedroirustamendieta.com\/wp-content\/uploads\/2020\/02\/user-e1582811986154.png\" alt=\"\" width=\"100\" height=\"100\" \/><\/a>7. S\u00e9 sincero\/a y ofrece informaci\u00f3n real sobre los hechos<\/strong><span class=\"ez-toc-section-end\"><\/span><\/h3>\n<p><strong>Jam\u00e1s debemos mentir ni ocultar informaci\u00f3n<\/strong> sobre cualquier cuesti\u00f3n que exponga un ciudadano\/a. Recuerda que como administraciones p\u00fablicas tenemos la obligaci\u00f3n de ser totalmente <strong>transparentes.<\/strong><\/p>\n<p>Independientemente del volumen de informaci\u00f3n que manejes sobre un tema determinado, es <strong>recomendable que transmitas los datos que dispones, de forma ordenada y sencilla, y que estos sean totalmente certeros<\/strong>.<\/p>\n<p>De esa manera, podr\u00e1s generar confianza y aumentar la credibilidad de tu organizaci\u00f3n, aunque no siempre lo consigas.<\/p>\n<p>Al fin y al cabo, habr\u00e1 siempre quien conf\u00ede en ti y quien no lo haga, pero esa es otra historia.<\/p>\n<h3><span class=\"ez-toc-section\" id=\"8_No_borres_los_comentarios_negativos_ni_bloquees_a_losas_usuariosas_que_los_realizan\"><\/span><strong><a href=\"https:\/\/pedroirustamendieta.com\/wp-content\/uploads\/2020\/02\/close.png\"><img loading=\"lazy\" decoding=\"async\" class=\"alignleft size-full wp-image-1371\" src=\"https:\/\/pedroirustamendieta.com\/wp-content\/uploads\/2020\/02\/close-e1582812074863.png\" alt=\"\" width=\"100\" height=\"100\" \/><\/a>8. No borres los comentarios negativos, ni bloquees a los\/as usuarios\/as que los realizan<\/strong><strong style=\"font-size: 16px;\">\u00a0<\/strong><span class=\"ez-toc-section-end\"><\/span><\/h3>\n<p>Las personas son libres de expresarse sobre cualquier asunto que les ata\u00f1en, y, por tanto, debemos respetar sus opiniones aunque no las compartamos.<\/p>\n<p>En un claro ejercicio de transparencia y participaci\u00f3n que deben fomentar las instituciones, es totalmente <strong>contradictorio y contraproducente eliminar cualquier comentario negativo que realice alguien y bloquear a una persona<\/strong>\u00a0en nuestras redes.<\/p>\n<p>De esa manera, solamente conseguiremos agravar el problema, enojando a el\/la ciudadano\/a en cuesti\u00f3n y empeorando nuestra reputaci\u00f3n e imagen de marca.<\/p>\n<h3><span class=\"ez-toc-section\" id=\"9_Agradece_la_participacion_de_tus_seguidoresas_y_aprende_de_lo_ocurrido\"><\/span><strong><a href=\"https:\/\/pedroirustamendieta.com\/wp-content\/uploads\/2020\/02\/thankful.png\"><img loading=\"lazy\" decoding=\"async\" class=\"alignleft size-full wp-image-1373\" src=\"https:\/\/pedroirustamendieta.com\/wp-content\/uploads\/2020\/02\/thankful-e1582812711553.png\" alt=\"\" width=\"100\" height=\"100\" \/><\/a>9. Agradece la participaci\u00f3n de tus seguidores\/as y aprende de lo ocurrido<\/strong><span class=\"ez-toc-section-end\"><\/span><\/h3>\n<p>Cualquier tipo de comentario negativo o crisis generada en torno a nuestra marca debemos aprovecharla como una <strong>oportunidad de mejora<\/strong>.<\/p>\n<p>Y es que, al margen de reconocer nuestros errores y agradecer abiertamente a nuestros\/as seguidores\/as su participaci\u00f3n, <strong>debemos sacar partido del asunto<\/strong> en cuesti\u00f3n y utilizarlo a nuestro favor.<\/p>\n<p>Por todo ello, ser\u00e1 importante saber adaptarnos a los cambios y mostrar cierta flexibilidad en determinados asuntos, para evitar as\u00ed errores similares en futuras ocasiones.<\/p>\n<h3><span class=\"ez-toc-section\" id=\"10_Aplica_medidas_de_mejora_o_medidas_correctoras\"><\/span><strong><a href=\"https:\/\/pedroirustamendieta.com\/wp-content\/uploads\/2020\/02\/correct-e1582832447959.png\"><img loading=\"lazy\" decoding=\"async\" class=\"alignleft size-full wp-image-1385\" src=\"https:\/\/pedroirustamendieta.com\/wp-content\/uploads\/2020\/02\/correct-e1582832447959.png\" alt=\"\" width=\"100\" height=\"100\" \/><\/a>10. Aplica medidas de mejora o medidas correctoras<\/strong><strong>\u00a0<\/strong><span class=\"ez-toc-section-end\"><\/span><\/h3>\n<p>La experiencia es un grado, y como gestor\/a de redes sociales en una administraci\u00f3n p\u00fablica, probablemente hayas tenido que lidiar con numerosas cr\u00edticas y comentarios negativos de los usuarios\/as.<\/p>\n<p>A m\u00ed tambi\u00e9n me ha ocurrido, y es algo de lo que jam\u00e1s estaremos exentos\/as de ello. Gajes del oficio, no queda otra.<\/p>\n<p>Por ello, te recomiendo realizar un <strong>listado de los casos que mayor crisis o alerta hayan podido generar en tu organizaci\u00f3n, hasta la fecha, y determinar posibles medidas correctoras<\/strong> que se podr\u00edan aplicar en futuras ocasiones.<\/p>\n<h2><span class=\"ez-toc-section\" id=\"Conclusion\"><\/span><strong>Conclusi\u00f3n<\/strong><span class=\"ez-toc-section-end\"><\/span><\/h2>\n<p>Trazar una <strong>estrategia adecuada para gestionar los comentarios negativos en redes sociales<\/strong> te ayudar\u00e1 a identificar algunas de las principales cuestiones que m\u00e1s preocupan a la ciudadan\u00eda y actuar en consecuencia.<\/p>\n<p>Y recuerda que, como administraci\u00f3n p\u00fablica, debemos ofrecer siempre una atenci\u00f3n y un servicio p\u00fablico de calidad, as\u00ed como tratar de satisfacer las necesidades de la ciudadan\u00eda para cumplir con sus expectativas.<\/p>\n<p><strong>\u00bfHas tenido que enfrentarte a alguna situaci\u00f3n de crisis en tu organizaci\u00f3n o te ha tocado responder a numerosos comentarios negativos de tus seguidores\/as? <\/strong><\/p>\n<p><strong>\u00bfC\u00f3mo lograste solventar la situaci\u00f3n?<\/strong><\/p>\n<p><strong>Estoy deseando leer tus comentarios, as\u00ed que an\u00edmate y cu\u00e9ntame tu experiencia.<\/strong><\/p>\n<p><em><strong>Im\u00e1genes: Flatico<\/strong><\/em><em><strong>n<\/strong><\/em><\/p>\n<p><a href=\"https:\/\/pedroirustamendieta.com\/wp-content\/uploads\/2020\/02\/infografia-acciones-redes-comentarios-negativos.png\"><img loading=\"lazy\" decoding=\"async\" class=\"alignleft size-full wp-image-1395\" src=\"https:\/\/pedroirustamendieta.com\/wp-content\/uploads\/2020\/02\/infografia-acciones-redes-comentarios-negativos.png\" alt=\"\" width=\"800\" height=\"2000\" srcset=\"https:\/\/pedroirustamendieta.com\/wp-content\/uploads\/2020\/02\/infografia-acciones-redes-comentarios-negativos.png 800w, https:\/\/pedroirustamendieta.com\/wp-content\/uploads\/2020\/02\/infografia-acciones-redes-comentarios-negativos-120x300.png 120w, https:\/\/pedroirustamendieta.com\/wp-content\/uploads\/2020\/02\/infografia-acciones-redes-comentarios-negativos-410x1024.png 410w, https:\/\/pedroirustamendieta.com\/wp-content\/uploads\/2020\/02\/infografia-acciones-redes-comentarios-negativos-768x1920.png 768w, https:\/\/pedroirustamendieta.com\/wp-content\/uploads\/2020\/02\/infografia-acciones-redes-comentarios-negativos-614x1536.png 614w, https:\/\/pedroirustamendieta.com\/wp-content\/uploads\/2020\/02\/infografia-acciones-redes-comentarios-negativos-610x1525.png 610w\" sizes=\"(max-width: 800px) 100vw, 800px\" \/><\/a><\/p>\n","protected":false},"excerpt":{"rendered":"<p>14.1kviews\u00bfC\u00f3mo afrontar los comentarios negativos en las redes sociales? \u00bfQu\u00e9 medidas se pueden adoptar frente a una posible crisis? Numerosos art\u00edculos, publicados hasta la fecha, dan respuesta a estas y otras preguntas, y recogen de manera clara y detallada c\u00f3mo se debe reaccionar ante los comentarios negativos de los\/as usuarios\/as en las redes sociales. En &#8230; <a title=\"10 acciones a realizar ante comentarios negativos en redes sociales institucionales\" class=\"read-more\" href=\"https:\/\/pedroirustamendieta.com\/es\/acciones-comentarios-negativos-redes-sociales-institucionales\/\" aria-label=\"M\u00e1s en 10 acciones a realizar ante comentarios negativos en redes sociales institucionales\">Leer m\u00e1s<\/a><\/p>\n","protected":false},"author":2,"featured_media":1389,"comment_status":"open","ping_status":"open","sticky":false,"template":"","format":"standard","meta":{"episode_type":"","audio_file":"","podmotor_file_id":"","podmotor_episode_id":"","cover_image":"","cover_image_id":"","duration":"","filesize":"","filesize_raw":"","date_recorded":"","explicit":"","block":"","footnotes":""},"categories":[28],"tags":[72,71,41],"series":[],"class_list":["post-1348","post","type-post","status-publish","format-standard","has-post-thumbnail","hentry","category-redes-sociales","tag-acciones","tag-comentarios-negativos","tag-redes-sociales","generate-columns","tablet-grid-50","mobile-grid-100","grid-parent","grid-50"],"episode_featured_image":"https:\/\/pedroirustamendieta.com\/wp-content\/uploads\/2020\/02\/acciones-comentarios-negativos-redes.jpg","episode_player_image":"https:\/\/pedroirustamendieta.com\/wp-content\/uploads\/2022\/11\/33654374-1667930359655-60bf102db51fd-scaled.jpg","download_link":"","player_link":"","audio_player":false,"episode_data":{"playerMode":"light","subscribeUrls":{"anchor":{"key":"anchor","url":"https:\/\/anchor.fm\/comunicardesdelopublico","label":"Anchor","class":"anchor","icon":"anchor.png"},"apple_podcasts":{"key":"apple_podcasts","url":"https:\/\/podcasts.apple.com\/es\/podcast\/comunicar-desde-lo-p%C3%BAblico\/id1653681642","label":"Apple Podcasts","class":"apple_podcasts","icon":"apple-podcasts.png"},"google_podcasts":{"key":"google_podcasts","url":"https:\/\/podcasts.google.com\/feed\/aHR0cHM6Ly9hbmNob3IuZm0vcy9jOTMxMTY1OC9wb2RjYXN0L3Jzcw","label":"Google Podcasts","class":"google_podcasts","icon":"google-podcasts.png"},"spotify":{"key":"spotify","url":"https:\/\/open.spotify.com\/show\/1X7dc6ZTSESAnUUuHRat7J","label":"Spotify","class":"spotify","icon":"spotify.png"},"spreaker":{"key":"spreaker","url":"https:\/\/www.spreaker.com\/show\/comunicar-desde-lo-publico","label":"Spreaker","class":"spreaker","icon":"spreaker.png"},"stitcher":{"key":"stitcher","url":"","label":"Stitcher","class":"stitcher","icon":"stitcher.png"},"ivoox":{"key":"ivoox","url":"https:\/\/www.ivoox.com\/podcast-comunicar-desde-lo-publico_sq_f11717056_1.html","label":"iVoox","class":"ivoox","icon":"ivoox.png"}},"rssFeedUrl":"https:\/\/pedroirustamendieta.com\/es\/feed\/podcast\/default-podcast","embedCode":"<blockquote class=\"wp-embedded-content\" data-secret=\"IZeGKMN3Vq\"><a href=\"https:\/\/pedroirustamendieta.com\/es\/acciones-comentarios-negativos-redes-sociales-institucionales\/\">10 acciones a realizar ante comentarios negativos en redes sociales institucionales<\/a><\/blockquote><iframe sandbox=\"allow-scripts\" security=\"restricted\" src=\"https:\/\/pedroirustamendieta.com\/es\/acciones-comentarios-negativos-redes-sociales-institucionales\/embed\/#?secret=IZeGKMN3Vq\" width=\"500\" height=\"350\" title=\"\u00ab10 acciones a realizar ante comentarios negativos en redes sociales institucionales\u00bb \u2014 Pedro Irusta Mendieta: Comunicaci\u00f3n p\u00fablica\" data-secret=\"IZeGKMN3Vq\" frameborder=\"0\" marginwidth=\"0\" marginheight=\"0\" scrolling=\"no\" class=\"wp-embedded-content\"><\/iframe><script>\n\/*! This file is auto-generated *\/\n!function(d,l){\"use strict\";l.querySelector&&d.addEventListener&&\"undefined\"!=typeof URL&&(d.wp=d.wp||{},d.wp.receiveEmbedMessage||(d.wp.receiveEmbedMessage=function(e){var t=e.data;if((t||t.secret||t.message||t.value)&&!\/[^a-zA-Z0-9]\/.test(t.secret)){for(var s,r,n,a=l.querySelectorAll('iframe[data-secret=\"'+t.secret+'\"]'),o=l.querySelectorAll('blockquote[data-secret=\"'+t.secret+'\"]'),c=new RegExp(\"^https?:$\",\"i\"),i=0;i<o.length;i++)o[i].style.display=\"none\";for(i=0;i<a.length;i++)s=a[i],e.source===s.contentWindow&&(s.removeAttribute(\"style\"),\"height\"===t.message?(1e3<(r=parseInt(t.value,10))?r=1e3:~~r<200&&(r=200),s.height=r):\"link\"===t.message&&(r=new URL(s.getAttribute(\"src\")),n=new URL(t.value),c.test(n.protocol))&&n.host===r.host&&l.activeElement===s&&(d.top.location.href=t.value))}},d.addEventListener(\"message\",d.wp.receiveEmbedMessage,!1),l.addEventListener(\"DOMContentLoaded\",function(){for(var e,t,s=l.querySelectorAll(\"iframe.wp-embedded-content\"),r=0;r<s.length;r++)(t=(e=s[r]).getAttribute(\"data-secret\"))||(t=Math.random().toString(36).substring(2,12),e.src+=\"#?secret=\"+t,e.setAttribute(\"data-secret\",t)),e.contentWindow.postMessage({message:\"ready\",secret:t},\"*\")},!1)))}(window,document);\n\/\/# sourceURL=https:\/\/pedroirustamendieta.com\/wp-includes\/js\/wp-embed.min.js\n<\/script>\n"},"yoast_head":"<!-- This site is optimized with the Yoast SEO plugin v27.3 - https:\/\/yoast.com\/product\/yoast-seo-wordpress\/ -->\n<title>10 acciones a realizar ante comentarios negativos en redes sociales<\/title>\n<meta name=\"description\" content=\"\u2714\u00bfQuieres aprender a gestionar los comentarios negativos en las redes sociales de tu instituci\u00f3n? \u00a1Anota los 10 tips que te ofrezco en este post!\" \/>\n<meta name=\"robots\" content=\"index, follow, max-snippet:-1, max-image-preview:large, max-video-preview:-1\" \/>\n<link rel=\"canonical\" href=\"https:\/\/pedroirustamendieta.com\/es\/acciones-comentarios-negativos-redes-sociales-institucionales\/\" \/>\n<meta property=\"og:locale\" content=\"es_ES\" \/>\n<meta property=\"og:type\" content=\"article\" \/>\n<meta property=\"og:title\" content=\"10 acciones a realizar ante comentarios negativos en redes sociales\" \/>\n<meta property=\"og:description\" content=\"\u2714\u00bfQuieres aprender a gestionar los comentarios negativos en las redes sociales de tu instituci\u00f3n? \u00a1Anota los 10 tips que te ofrezco en este post!\" \/>\n<meta property=\"og:url\" content=\"https:\/\/pedroirustamendieta.com\/es\/acciones-comentarios-negativos-redes-sociales-institucionales\/\" \/>\n<meta property=\"og:site_name\" content=\"Pedro Irusta Mendieta: Comunicaci\u00f3n p\u00fablica\" \/>\n<meta property=\"article:published_time\" content=\"2020-02-28T08:28:15+00:00\" \/>\n<meta property=\"article:modified_time\" content=\"2020-02-28T08:48:19+00:00\" \/>\n<meta property=\"og:image\" content=\"https:\/\/pedroirustamendieta.com\/wp-content\/uploads\/2020\/02\/acciones-comentarios-negativos-redes.jpg\" \/>\n\t<meta property=\"og:image:width\" content=\"1920\" \/>\n\t<meta property=\"og:image:height\" content=\"1080\" \/>\n\t<meta property=\"og:image:type\" content=\"image\/jpeg\" \/>\n<meta name=\"author\" content=\"Pedro Irusta Mendieta\" \/>\n<meta name=\"twitter:card\" content=\"summary_large_image\" \/>\n<meta name=\"twitter:creator\" content=\"@Pedro__Irusta\" \/>\n<meta name=\"twitter:site\" content=\"@Pedro__Irusta\" \/>\n<meta name=\"twitter:label1\" content=\"Escrito por\" \/>\n\t<meta name=\"twitter:data1\" content=\"Pedro Irusta Mendieta\" \/>\n\t<meta name=\"twitter:label2\" content=\"Tiempo de lectura\" \/>\n\t<meta name=\"twitter:data2\" content=\"9 minutos\" \/>\n<script type=\"application\/ld+json\" class=\"yoast-schema-graph\">{\"@context\":\"https:\\\/\\\/schema.org\",\"@graph\":[{\"@type\":\"Article\",\"@id\":\"https:\\\/\\\/pedroirustamendieta.com\\\/es\\\/acciones-comentarios-negativos-redes-sociales-institucionales\\\/#article\",\"isPartOf\":{\"@id\":\"https:\\\/\\\/pedroirustamendieta.com\\\/es\\\/acciones-comentarios-negativos-redes-sociales-institucionales\\\/\"},\"author\":{\"name\":\"Pedro Irusta Mendieta\",\"@id\":\"https:\\\/\\\/pedroirustamendieta.com\\\/es\\\/#\\\/schema\\\/person\\\/b5123b985a77b0db9e354a1134eb3087\"},\"headline\":\"10 acciones a realizar ante comentarios negativos en redes sociales institucionales\",\"datePublished\":\"2020-02-28T08:28:15+00:00\",\"dateModified\":\"2020-02-28T08:48:19+00:00\",\"mainEntityOfPage\":{\"@id\":\"https:\\\/\\\/pedroirustamendieta.com\\\/es\\\/acciones-comentarios-negativos-redes-sociales-institucionales\\\/\"},\"wordCount\":1860,\"commentCount\":12,\"publisher\":{\"@id\":\"https:\\\/\\\/pedroirustamendieta.com\\\/es\\\/#\\\/schema\\\/person\\\/b5123b985a77b0db9e354a1134eb3087\"},\"image\":{\"@id\":\"https:\\\/\\\/pedroirustamendieta.com\\\/es\\\/acciones-comentarios-negativos-redes-sociales-institucionales\\\/#primaryimage\"},\"thumbnailUrl\":\"https:\\\/\\\/pedroirustamendieta.com\\\/wp-content\\\/uploads\\\/2020\\\/02\\\/acciones-comentarios-negativos-redes.jpg\",\"keywords\":[\"acciones\",\"comentarios negativos\",\"redes sociales\"],\"articleSection\":[\"Redes Sociales\"],\"inLanguage\":\"es\",\"potentialAction\":[{\"@type\":\"CommentAction\",\"name\":\"Comment\",\"target\":[\"https:\\\/\\\/pedroirustamendieta.com\\\/es\\\/acciones-comentarios-negativos-redes-sociales-institucionales\\\/#respond\"]}]},{\"@type\":\"WebPage\",\"@id\":\"https:\\\/\\\/pedroirustamendieta.com\\\/es\\\/acciones-comentarios-negativos-redes-sociales-institucionales\\\/\",\"url\":\"https:\\\/\\\/pedroirustamendieta.com\\\/es\\\/acciones-comentarios-negativos-redes-sociales-institucionales\\\/\",\"name\":\"10 acciones a realizar ante comentarios negativos en redes sociales\",\"isPartOf\":{\"@id\":\"https:\\\/\\\/pedroirustamendieta.com\\\/es\\\/#website\"},\"primaryImageOfPage\":{\"@id\":\"https:\\\/\\\/pedroirustamendieta.com\\\/es\\\/acciones-comentarios-negativos-redes-sociales-institucionales\\\/#primaryimage\"},\"image\":{\"@id\":\"https:\\\/\\\/pedroirustamendieta.com\\\/es\\\/acciones-comentarios-negativos-redes-sociales-institucionales\\\/#primaryimage\"},\"thumbnailUrl\":\"https:\\\/\\\/pedroirustamendieta.com\\\/wp-content\\\/uploads\\\/2020\\\/02\\\/acciones-comentarios-negativos-redes.jpg\",\"datePublished\":\"2020-02-28T08:28:15+00:00\",\"dateModified\":\"2020-02-28T08:48:19+00:00\",\"description\":\"\u2714\u00bfQuieres aprender a gestionar los comentarios negativos en las redes sociales de tu instituci\u00f3n? \u00a1Anota los 10 tips que te ofrezco en este post!\",\"breadcrumb\":{\"@id\":\"https:\\\/\\\/pedroirustamendieta.com\\\/es\\\/acciones-comentarios-negativos-redes-sociales-institucionales\\\/#breadcrumb\"},\"inLanguage\":\"es\",\"potentialAction\":[{\"@type\":\"ReadAction\",\"target\":[\"https:\\\/\\\/pedroirustamendieta.com\\\/es\\\/acciones-comentarios-negativos-redes-sociales-institucionales\\\/\"]}]},{\"@type\":\"ImageObject\",\"inLanguage\":\"es\",\"@id\":\"https:\\\/\\\/pedroirustamendieta.com\\\/es\\\/acciones-comentarios-negativos-redes-sociales-institucionales\\\/#primaryimage\",\"url\":\"https:\\\/\\\/pedroirustamendieta.com\\\/wp-content\\\/uploads\\\/2020\\\/02\\\/acciones-comentarios-negativos-redes.jpg\",\"contentUrl\":\"https:\\\/\\\/pedroirustamendieta.com\\\/wp-content\\\/uploads\\\/2020\\\/02\\\/acciones-comentarios-negativos-redes.jpg\",\"width\":1920,\"height\":1080},{\"@type\":\"BreadcrumbList\",\"@id\":\"https:\\\/\\\/pedroirustamendieta.com\\\/es\\\/acciones-comentarios-negativos-redes-sociales-institucionales\\\/#breadcrumb\",\"itemListElement\":[{\"@type\":\"ListItem\",\"position\":1,\"name\":\"Portada\",\"item\":\"https:\\\/\\\/pedroirustamendieta.com\\\/es\\\/\"},{\"@type\":\"ListItem\",\"position\":2,\"name\":\"10 acciones a realizar ante comentarios negativos en redes sociales institucionales\"}]},{\"@type\":\"WebSite\",\"@id\":\"https:\\\/\\\/pedroirustamendieta.com\\\/es\\\/#website\",\"url\":\"https:\\\/\\\/pedroirustamendieta.com\\\/es\\\/\",\"name\":\"Pedro Irusta Mendieta: Comunicaci\u00f3n y Transparencia en las administraciones p\u00fablicas\",\"description\":\"Blog de Comunicaci\u00f3n y administraciones p\u00fablicas\",\"publisher\":{\"@id\":\"https:\\\/\\\/pedroirustamendieta.com\\\/es\\\/#\\\/schema\\\/person\\\/b5123b985a77b0db9e354a1134eb3087\"},\"potentialAction\":[{\"@type\":\"SearchAction\",\"target\":{\"@type\":\"EntryPoint\",\"urlTemplate\":\"https:\\\/\\\/pedroirustamendieta.com\\\/es\\\/?s={search_term_string}\"},\"query-input\":{\"@type\":\"PropertyValueSpecification\",\"valueRequired\":true,\"valueName\":\"search_term_string\"}}],\"inLanguage\":\"es\"},{\"@type\":[\"Person\",\"Organization\"],\"@id\":\"https:\\\/\\\/pedroirustamendieta.com\\\/es\\\/#\\\/schema\\\/person\\\/b5123b985a77b0db9e354a1134eb3087\",\"name\":\"Pedro Irusta Mendieta\",\"image\":{\"@type\":\"ImageObject\",\"inLanguage\":\"es\",\"@id\":\"https:\\\/\\\/pedroirustamendieta.com\\\/wp-content\\\/uploads\\\/2019\\\/02\\\/pedro-irusta-mendieta.png\",\"url\":\"https:\\\/\\\/pedroirustamendieta.com\\\/wp-content\\\/uploads\\\/2019\\\/02\\\/pedro-irusta-mendieta.png\",\"contentUrl\":\"https:\\\/\\\/pedroirustamendieta.com\\\/wp-content\\\/uploads\\\/2019\\\/02\\\/pedro-irusta-mendieta.png\",\"width\":375,\"height\":53,\"caption\":\"Pedro Irusta Mendieta\"},\"logo\":{\"@id\":\"https:\\\/\\\/pedroirustamendieta.com\\\/wp-content\\\/uploads\\\/2019\\\/02\\\/pedro-irusta-mendieta.png\"},\"description\":\"Periodista y funcionario local, especializado en comunicaci\u00f3n institucional.\",\"sameAs\":[\"https:\\\/\\\/pedroirustamendieta.com\\\/\",\"https:\\\/\\\/www.instagram.com\\\/pedroirustamendieta\",\"https:\\\/\\\/x.com\\\/Pedro__Irusta\"]}]}<\/script>\n<!-- \/ Yoast SEO plugin. -->","yoast_head_json":{"title":"10 acciones a realizar ante comentarios negativos en redes sociales","description":"\u2714\u00bfQuieres aprender a gestionar los comentarios negativos en las redes sociales de tu instituci\u00f3n? \u00a1Anota los 10 tips que te ofrezco en este post!","robots":{"index":"index","follow":"follow","max-snippet":"max-snippet:-1","max-image-preview":"max-image-preview:large","max-video-preview":"max-video-preview:-1"},"canonical":"https:\/\/pedroirustamendieta.com\/es\/acciones-comentarios-negativos-redes-sociales-institucionales\/","og_locale":"es_ES","og_type":"article","og_title":"10 acciones a realizar ante comentarios negativos en redes sociales","og_description":"\u2714\u00bfQuieres aprender a gestionar los comentarios negativos en las redes sociales de tu instituci\u00f3n? \u00a1Anota los 10 tips que te ofrezco en este post!","og_url":"https:\/\/pedroirustamendieta.com\/es\/acciones-comentarios-negativos-redes-sociales-institucionales\/","og_site_name":"Pedro Irusta Mendieta: Comunicaci\u00f3n p\u00fablica","article_published_time":"2020-02-28T08:28:15+00:00","article_modified_time":"2020-02-28T08:48:19+00:00","og_image":[{"width":1920,"height":1080,"url":"https:\/\/pedroirustamendieta.com\/wp-content\/uploads\/2020\/02\/acciones-comentarios-negativos-redes.jpg","type":"image\/jpeg"}],"author":"Pedro Irusta Mendieta","twitter_card":"summary_large_image","twitter_creator":"@Pedro__Irusta","twitter_site":"@Pedro__Irusta","twitter_misc":{"Escrito por":"Pedro Irusta Mendieta","Tiempo de lectura":"9 minutos"},"schema":{"@context":"https:\/\/schema.org","@graph":[{"@type":"Article","@id":"https:\/\/pedroirustamendieta.com\/es\/acciones-comentarios-negativos-redes-sociales-institucionales\/#article","isPartOf":{"@id":"https:\/\/pedroirustamendieta.com\/es\/acciones-comentarios-negativos-redes-sociales-institucionales\/"},"author":{"name":"Pedro Irusta Mendieta","@id":"https:\/\/pedroirustamendieta.com\/es\/#\/schema\/person\/b5123b985a77b0db9e354a1134eb3087"},"headline":"10 acciones a realizar ante comentarios negativos en redes sociales institucionales","datePublished":"2020-02-28T08:28:15+00:00","dateModified":"2020-02-28T08:48:19+00:00","mainEntityOfPage":{"@id":"https:\/\/pedroirustamendieta.com\/es\/acciones-comentarios-negativos-redes-sociales-institucionales\/"},"wordCount":1860,"commentCount":12,"publisher":{"@id":"https:\/\/pedroirustamendieta.com\/es\/#\/schema\/person\/b5123b985a77b0db9e354a1134eb3087"},"image":{"@id":"https:\/\/pedroirustamendieta.com\/es\/acciones-comentarios-negativos-redes-sociales-institucionales\/#primaryimage"},"thumbnailUrl":"https:\/\/pedroirustamendieta.com\/wp-content\/uploads\/2020\/02\/acciones-comentarios-negativos-redes.jpg","keywords":["acciones","comentarios negativos","redes sociales"],"articleSection":["Redes Sociales"],"inLanguage":"es","potentialAction":[{"@type":"CommentAction","name":"Comment","target":["https:\/\/pedroirustamendieta.com\/es\/acciones-comentarios-negativos-redes-sociales-institucionales\/#respond"]}]},{"@type":"WebPage","@id":"https:\/\/pedroirustamendieta.com\/es\/acciones-comentarios-negativos-redes-sociales-institucionales\/","url":"https:\/\/pedroirustamendieta.com\/es\/acciones-comentarios-negativos-redes-sociales-institucionales\/","name":"10 acciones a realizar ante comentarios negativos en redes sociales","isPartOf":{"@id":"https:\/\/pedroirustamendieta.com\/es\/#website"},"primaryImageOfPage":{"@id":"https:\/\/pedroirustamendieta.com\/es\/acciones-comentarios-negativos-redes-sociales-institucionales\/#primaryimage"},"image":{"@id":"https:\/\/pedroirustamendieta.com\/es\/acciones-comentarios-negativos-redes-sociales-institucionales\/#primaryimage"},"thumbnailUrl":"https:\/\/pedroirustamendieta.com\/wp-content\/uploads\/2020\/02\/acciones-comentarios-negativos-redes.jpg","datePublished":"2020-02-28T08:28:15+00:00","dateModified":"2020-02-28T08:48:19+00:00","description":"\u2714\u00bfQuieres aprender a gestionar los comentarios negativos en las redes sociales de tu instituci\u00f3n? \u00a1Anota los 10 tips que te ofrezco en este post!","breadcrumb":{"@id":"https:\/\/pedroirustamendieta.com\/es\/acciones-comentarios-negativos-redes-sociales-institucionales\/#breadcrumb"},"inLanguage":"es","potentialAction":[{"@type":"ReadAction","target":["https:\/\/pedroirustamendieta.com\/es\/acciones-comentarios-negativos-redes-sociales-institucionales\/"]}]},{"@type":"ImageObject","inLanguage":"es","@id":"https:\/\/pedroirustamendieta.com\/es\/acciones-comentarios-negativos-redes-sociales-institucionales\/#primaryimage","url":"https:\/\/pedroirustamendieta.com\/wp-content\/uploads\/2020\/02\/acciones-comentarios-negativos-redes.jpg","contentUrl":"https:\/\/pedroirustamendieta.com\/wp-content\/uploads\/2020\/02\/acciones-comentarios-negativos-redes.jpg","width":1920,"height":1080},{"@type":"BreadcrumbList","@id":"https:\/\/pedroirustamendieta.com\/es\/acciones-comentarios-negativos-redes-sociales-institucionales\/#breadcrumb","itemListElement":[{"@type":"ListItem","position":1,"name":"Portada","item":"https:\/\/pedroirustamendieta.com\/es\/"},{"@type":"ListItem","position":2,"name":"10 acciones a realizar ante comentarios negativos en redes sociales institucionales"}]},{"@type":"WebSite","@id":"https:\/\/pedroirustamendieta.com\/es\/#website","url":"https:\/\/pedroirustamendieta.com\/es\/","name":"Pedro Irusta Mendieta: Comunicaci\u00f3n y Transparencia en las administraciones p\u00fablicas","description":"Blog de Comunicaci\u00f3n y administraciones p\u00fablicas","publisher":{"@id":"https:\/\/pedroirustamendieta.com\/es\/#\/schema\/person\/b5123b985a77b0db9e354a1134eb3087"},"potentialAction":[{"@type":"SearchAction","target":{"@type":"EntryPoint","urlTemplate":"https:\/\/pedroirustamendieta.com\/es\/?s={search_term_string}"},"query-input":{"@type":"PropertyValueSpecification","valueRequired":true,"valueName":"search_term_string"}}],"inLanguage":"es"},{"@type":["Person","Organization"],"@id":"https:\/\/pedroirustamendieta.com\/es\/#\/schema\/person\/b5123b985a77b0db9e354a1134eb3087","name":"Pedro Irusta Mendieta","image":{"@type":"ImageObject","inLanguage":"es","@id":"https:\/\/pedroirustamendieta.com\/wp-content\/uploads\/2019\/02\/pedro-irusta-mendieta.png","url":"https:\/\/pedroirustamendieta.com\/wp-content\/uploads\/2019\/02\/pedro-irusta-mendieta.png","contentUrl":"https:\/\/pedroirustamendieta.com\/wp-content\/uploads\/2019\/02\/pedro-irusta-mendieta.png","width":375,"height":53,"caption":"Pedro Irusta Mendieta"},"logo":{"@id":"https:\/\/pedroirustamendieta.com\/wp-content\/uploads\/2019\/02\/pedro-irusta-mendieta.png"},"description":"Periodista y funcionario local, especializado en comunicaci\u00f3n institucional.","sameAs":["https:\/\/pedroirustamendieta.com\/","https:\/\/www.instagram.com\/pedroirustamendieta","https:\/\/x.com\/Pedro__Irusta"]}]}},"_links":{"self":[{"href":"https:\/\/pedroirustamendieta.com\/es\/wp-json\/wp\/v2\/posts\/1348","targetHints":{"allow":["GET"]}}],"collection":[{"href":"https:\/\/pedroirustamendieta.com\/es\/wp-json\/wp\/v2\/posts"}],"about":[{"href":"https:\/\/pedroirustamendieta.com\/es\/wp-json\/wp\/v2\/types\/post"}],"author":[{"embeddable":true,"href":"https:\/\/pedroirustamendieta.com\/es\/wp-json\/wp\/v2\/users\/2"}],"replies":[{"embeddable":true,"href":"https:\/\/pedroirustamendieta.com\/es\/wp-json\/wp\/v2\/comments?post=1348"}],"version-history":[{"count":13,"href":"https:\/\/pedroirustamendieta.com\/es\/wp-json\/wp\/v2\/posts\/1348\/revisions"}],"predecessor-version":[{"id":1401,"href":"https:\/\/pedroirustamendieta.com\/es\/wp-json\/wp\/v2\/posts\/1348\/revisions\/1401"}],"wp:featuredmedia":[{"embeddable":true,"href":"https:\/\/pedroirustamendieta.com\/es\/wp-json\/wp\/v2\/media\/1389"}],"wp:attachment":[{"href":"https:\/\/pedroirustamendieta.com\/es\/wp-json\/wp\/v2\/media?parent=1348"}],"wp:term":[{"taxonomy":"category","embeddable":true,"href":"https:\/\/pedroirustamendieta.com\/es\/wp-json\/wp\/v2\/categories?post=1348"},{"taxonomy":"post_tag","embeddable":true,"href":"https:\/\/pedroirustamendieta.com\/es\/wp-json\/wp\/v2\/tags?post=1348"},{"taxonomy":"series","embeddable":true,"href":"https:\/\/pedroirustamendieta.com\/es\/wp-json\/wp\/v2\/series?post=1348"}],"curies":[{"name":"wp","href":"https:\/\/api.w.org\/{rel}","templated":true}]}}