{"id":1212,"date":"2019-10-31T15:28:59","date_gmt":"2019-10-31T14:28:59","guid":{"rendered":"https:\/\/pedroirustamendieta.com\/?p=1212"},"modified":"2020-12-07T23:51:47","modified_gmt":"2020-12-07T22:51:47","slug":"guias-y-manuales-comunicacion-recomendados-administraciones-publicas","status":"publish","type":"post","link":"https:\/\/pedroirustamendieta.com\/es\/guias-y-manuales-comunicacion-recomendados-administraciones-publicas\/","title":{"rendered":"20 Gu\u00edas y manuales de comunicaci\u00f3n recomendados en las administraciones p\u00fablicas"},"content":{"rendered":"<div class='yzp-views yzp-style2 yzp-level-3 '><span class='yzp-icon yzp-icon-level-3'  title='4156'><\/span><span class=\"yzp-icon-view\" title=\"4156\">4.2k<\/span><span class=\"yzp-icon-text\" title=\"4156\">views<\/span><\/div>\n\n<div class=\"kk-star-ratings kksr-auto kksr-align-left kksr-valign-top\"\n    data-payload='{&quot;align&quot;:&quot;left&quot;,&quot;id&quot;:&quot;1212&quot;,&quot;slug&quot;:&quot;default&quot;,&quot;valign&quot;:&quot;top&quot;,&quot;ignore&quot;:&quot;&quot;,&quot;reference&quot;:&quot;auto&quot;,&quot;class&quot;:&quot;&quot;,&quot;count&quot;:&quot;1&quot;,&quot;legendonly&quot;:&quot;&quot;,&quot;readonly&quot;:&quot;&quot;,&quot;score&quot;:&quot;5&quot;,&quot;starsonly&quot;:&quot;&quot;,&quot;best&quot;:&quot;5&quot;,&quot;gap&quot;:&quot;5&quot;,&quot;greet&quot;:&quot;Rate this post&quot;,&quot;legend&quot;:&quot;5\\\/5 - (1 voto)&quot;,&quot;size&quot;:&quot;24&quot;,&quot;title&quot;:&quot;20 Gu\u00edas y manuales de comunicaci\u00f3n recomendados en las administraciones p\u00fablicas&quot;,&quot;width&quot;:&quot;142.5&quot;,&quot;_legend&quot;:&quot;{score}\\\/{best} - ({count} {votes})&quot;,&quot;font_factor&quot;:&quot;1.25&quot;}'>\n            \n<div class=\"kksr-stars\">\n    \n<div class=\"kksr-stars-inactive\">\n            <div class=\"kksr-star\" data-star=\"1\" style=\"padding-right: 5px\">\n            \n\n<div class=\"kksr-icon\" style=\"width: 24px; height: 24px;\"><\/div>\n        <\/div>\n            <div class=\"kksr-star\" data-star=\"2\" style=\"padding-right: 5px\">\n            \n\n<div class=\"kksr-icon\" style=\"width: 24px; height: 24px;\"><\/div>\n        <\/div>\n            <div class=\"kksr-star\" data-star=\"3\" style=\"padding-right: 5px\">\n            \n\n<div class=\"kksr-icon\" style=\"width: 24px; height: 24px;\"><\/div>\n        <\/div>\n            <div class=\"kksr-star\" data-star=\"4\" style=\"padding-right: 5px\">\n            \n\n<div class=\"kksr-icon\" style=\"width: 24px; height: 24px;\"><\/div>\n        <\/div>\n            <div class=\"kksr-star\" data-star=\"5\" style=\"padding-right: 5px\">\n            \n\n<div class=\"kksr-icon\" style=\"width: 24px; height: 24px;\"><\/div>\n        <\/div>\n    <\/div>\n    \n<div class=\"kksr-stars-active\" style=\"width: 142.5px;\">\n            <div class=\"kksr-star\" style=\"padding-right: 5px\">\n            \n\n<div class=\"kksr-icon\" style=\"width: 24px; height: 24px;\"><\/div>\n        <\/div>\n            <div class=\"kksr-star\" style=\"padding-right: 5px\">\n            \n\n<div class=\"kksr-icon\" style=\"width: 24px; height: 24px;\"><\/div>\n        <\/div>\n            <div class=\"kksr-star\" style=\"padding-right: 5px\">\n            \n\n<div class=\"kksr-icon\" style=\"width: 24px; height: 24px;\"><\/div>\n        <\/div>\n            <div class=\"kksr-star\" style=\"padding-right: 5px\">\n            \n\n<div class=\"kksr-icon\" style=\"width: 24px; height: 24px;\"><\/div>\n        <\/div>\n            <div class=\"kksr-star\" style=\"padding-right: 5px\">\n            \n\n<div class=\"kksr-icon\" style=\"width: 24px; height: 24px;\"><\/div>\n        <\/div>\n    <\/div>\n<\/div>\n                \n\n<div class=\"kksr-legend\" style=\"font-size: 19.2px;\">\n            5\/5 - (1 voto)    <\/div>\n    <\/div>\n<p>\u00bfTrabajas en la administraci\u00f3n p\u00fablica y gestionas la comunicaci\u00f3n interna o externa de tu organizaci\u00f3n? \u00bfDeseas obtener mayor informaci\u00f3n te\u00f3rico-pr\u00e1ctica para poner en marcha planes de comunicaci\u00f3n eficaces? \u00bfTe gustar\u00eda obtener todos los detalles para coordinar de manera adecuada una hipot\u00e9tica situaci\u00f3n de crisis en la instituci\u00f3n para la que trabajas?<\/p>\n<p>Mi intenci\u00f3n, a trav\u00e9s de este nuevo post, es ofrecerte un listado completo sobre algunas de las <strong>gu\u00edas y manuales de comunicaci\u00f3n m\u00e1s destacados<\/strong> en la actualidad en la <strong>administraci\u00f3n p\u00fablica<\/strong>.<\/p>\n<p>Dichos manuales, editados, \u00fanicamente, en castellano, te ayudar\u00e1n a profundizar m\u00e1s en aspectos tan importantes como la <strong>comunicaci\u00f3n institucional y pol\u00edtica<\/strong>, la <strong>comunicaci\u00f3n interna y externa<\/strong> en una instituci\u00f3n p\u00fablica, la <strong>gesti\u00f3n de la comunicaci\u00f3n de crisis<\/strong> en las organizaciones, la <strong>comunicaci\u00f3n en ayuntamientos<\/strong>, la <strong>comunicaci\u00f3n digital<\/strong> o el <strong>marketing p\u00fablico<\/strong>.<\/p>\n<p>En el listado que podr\u00e1s ver, a continuaci\u00f3n, he enumerado algunos de los manuales m\u00e1s relevantes en comunicaci\u00f3n institucional, desde 1995 hasta la actualidad, comenzando por los m\u00e1s recientes y dedicando tambi\u00e9n un espacio a otros m\u00e1s antiguos.<\/p>\n<p>Aun as\u00ed, ello no significa que sean los \u00fanicos editados hasta la fecha, ni que tengan por qu\u00e9 ser los mejores.<\/p>\n<p>Personalmente, en mi labor diaria como t\u00e9cnico de comunicaci\u00f3n en una administraci\u00f3n local, los utilizo a menudo para realizar todo tipo de consultas, y estoy seguro de que a ti tambi\u00e9n te servir\u00e1n para aclarar dudas y mejorar en muchos aspectos que tu organizaci\u00f3n necesita.<\/p>\n<hr \/>\n<p><strong>Tambi\u00e9n te puede interesar:<\/strong><\/p>\n<p><a href=\"https:\/\/pedroirustamendieta.com\/es\/10-razones-para-contar-con-un-especialista-en-comunicacion-en-la-administracion-publica\/\" target=\"_blank\" rel=\"noopener noreferrer\">10 razones para contar con un\/a especialista en comunicaci\u00f3n en la Administraci\u00f3n P\u00fablica<\/a><\/p>\n<p><a href=\"https:\/\/pedroirustamendieta.com\/es\/plan-de-comunicacion-que-es-y-como-elaborarlo-en-10-pasos\/\" target=\"_blank\" rel=\"noopener noreferrer\">Plan de comunicaci\u00f3n: qu\u00e9 es y c\u00f3mo elaborarlo en 10 pasos<\/a><\/p>\n<hr \/>\n<div id=\"ez-toc-container\" class=\"ez-toc-v2_0_82_2 counter-hierarchy ez-toc-counter ez-toc-white ez-toc-container-direction\">\n<p class=\"ez-toc-title\" style=\"cursor:inherit\">Tabla de contenidos<\/p>\n<label for=\"ez-toc-cssicon-toggle-item-69f1ed59396e2\" class=\"ez-toc-cssicon-toggle-label\"><span class=\"\"><span class=\"eztoc-hide\" style=\"display:none;\">Toggle<\/span><span class=\"ez-toc-icon-toggle-span\"><svg style=\"fill: #999;color:#999\" xmlns=\"http:\/\/www.w3.org\/2000\/svg\" class=\"list-377408\" width=\"20px\" height=\"20px\" viewBox=\"0 0 24 24\" fill=\"none\"><path d=\"M6 6H4v2h2V6zm14 0H8v2h12V6zM4 11h2v2H4v-2zm16 0H8v2h12v-2zM4 16h2v2H4v-2zm16 0H8v2h12v-2z\" fill=\"currentColor\"><\/path><\/svg><svg style=\"fill: #999;color:#999\" class=\"arrow-unsorted-368013\" xmlns=\"http:\/\/www.w3.org\/2000\/svg\" width=\"10px\" height=\"10px\" viewBox=\"0 0 24 24\" version=\"1.2\" baseProfile=\"tiny\"><path d=\"M18.2 9.3l-6.2-6.3-6.2 6.3c-.2.2-.3.4-.3.7s.1.5.3.7c.2.2.4.3.7.3h11c.3 0 .5-.1.7-.3.2-.2.3-.5.3-.7s-.1-.5-.3-.7zM5.8 14.7l6.2 6.3 6.2-6.3c.2-.2.3-.5.3-.7s-.1-.5-.3-.7c-.2-.2-.4-.3-.7-.3h-11c-.3 0-.5.1-.7.3-.2.2-.3.5-.3.7s.1.5.3.7z\"\/><\/svg><\/span><\/span><\/label><input type=\"checkbox\"  id=\"ez-toc-cssicon-toggle-item-69f1ed59396e2\"  aria-label=\"Alternar\" \/><nav><ul class='ez-toc-list ez-toc-list-level-1 ' ><li class='ez-toc-page-1 ez-toc-heading-level-2'><a class=\"ez-toc-link ez-toc-heading-1\" href=\"https:\/\/pedroirustamendieta.com\/es\/guias-y-manuales-comunicacion-recomendados-administraciones-publicas\/#Listado_de_guias_y_manuales_sobre_comunicacion_en_la_administracion_publica\" >Listado de gu\u00edas y manuales sobre comunicaci\u00f3n en la administraci\u00f3n p\u00fablica<\/a><ul class='ez-toc-list-level-3' ><li class='ez-toc-heading-level-3'><a class=\"ez-toc-link ez-toc-heading-2\" href=\"https:\/\/pedroirustamendieta.com\/es\/guias-y-manuales-comunicacion-recomendados-administraciones-publicas\/#1_Comunicacion_Institucional_Todo_lo_relacionado_a_la_comunicacion_en_las_instituciones_publicas_del_mundo_moderno_Hernan_Astudilla_Enero_de_2019\" >#1. Comunicaci\u00f3n Institucional: Todo lo relacionado a la comunicaci\u00f3n en las instituciones p\u00fablicas del mundo moderno. Hern\u00e1n Astudilla. Enero de 2019.<\/a><\/li><li class='ez-toc-page-1 ez-toc-heading-level-3'><a class=\"ez-toc-link ez-toc-heading-3\" href=\"https:\/\/pedroirustamendieta.com\/es\/guias-y-manuales-comunicacion-recomendados-administraciones-publicas\/#2_La_comunicacion_de_la_Administracion_Publica_Para_gobernar_con_la_sociedad_Maria_Jose_Canel_Crespo_Octubre_de_2018\" >#2. La comunicaci\u00f3n de la Administraci\u00f3n P\u00fablica. Para gobernar con la sociedad. Mar\u00eda Jos\u00e9 Canel Crespo. Octubre de 2018.<\/a><\/li><li class='ez-toc-page-1 ez-toc-heading-level-3'><a class=\"ez-toc-link ez-toc-heading-4\" href=\"https:\/\/pedroirustamendieta.com\/es\/guias-y-manuales-comunicacion-recomendados-administraciones-publicas\/#3_Comunicacion_institucional_y_politica_Coordinador_Jose_Luis_Moreno_Torres_2018\" >#3. Comunicaci\u00f3n institucional y pol\u00edtica. Coordinador: Jos\u00e9 Luis Moreno Torres. 2018.<\/a><\/li><li class='ez-toc-page-1 ez-toc-heading-level-3'><a class=\"ez-toc-link ez-toc-heading-5\" href=\"https:\/\/pedroirustamendieta.com\/es\/guias-y-manuales-comunicacion-recomendados-administraciones-publicas\/#4_Guia_fundamental_de_la_comunicacion_interna_Joan_Cuenca_y_Laura_Verazzi_Octubre_de_2018\" >#4. Gu\u00eda fundamental de la comunicaci\u00f3n interna. Joan Cuenca y Laura Verazzi. Octubre de 2018.<\/a><\/li><li class='ez-toc-page-1 ez-toc-heading-level-3'><a class=\"ez-toc-link ez-toc-heading-6\" href=\"https:\/\/pedroirustamendieta.com\/es\/guias-y-manuales-comunicacion-recomendados-administraciones-publicas\/#5_La_comunicacion_de_la_Administracion_Publica_conceptos_y_casos_practicos_de_bienes_intangibles_Maria_Jose_Canel_Paloma_Piqueiras_Gabriela_Ortega_Noviembre_de_2017\" >#5. La comunicaci\u00f3n de la Administraci\u00f3n P\u00fablica: conceptos y casos pr\u00e1cticos de bienes intangibles. Mar\u00eda Jos\u00e9 Canel, Paloma Piqueiras, Gabriela Ortega. Noviembre de 2017.<\/a><\/li><li class='ez-toc-page-1 ez-toc-heading-level-3'><a class=\"ez-toc-link ez-toc-heading-7\" href=\"https:\/\/pedroirustamendieta.com\/es\/guias-y-manuales-comunicacion-recomendados-administraciones-publicas\/#6_%E2%80%9C%C2%BFEstamos_preparados_La_gestion_de_la_comunicacion_de_crisis_en_la_Administracion_Publica_espanola%E2%80%9D_Ismael_Crespo_Martinez_INNAP_2017\" >#6. \u201c\u00bfEstamos preparados? La gesti\u00f3n de la comunicaci\u00f3n de crisis en la Administraci\u00f3n P\u00fablica espa\u00f1ola\u201d. Ismael Crespo Mart\u00ednez. INNAP. 2017.<\/a><\/li><li class='ez-toc-page-1 ez-toc-heading-level-3'><a class=\"ez-toc-link ez-toc-heading-8\" href=\"https:\/\/pedroirustamendieta.com\/es\/guias-y-manuales-comunicacion-recomendados-administraciones-publicas\/#7_Manual_de_comunicacion_para_ayuntamientos_pequenos_y_no_tan_pequenos_Marc_Sureda_Pons_y_Lourdes_Torres_Plana_Mayo_de_2016\" >#7. Manual de comunicaci\u00f3n para ayuntamientos peque\u00f1os (y no tan peque\u00f1os). Marc Sureda Pons y Lourdes Torres Plana. Mayo de 2016.<\/a><\/li><li class='ez-toc-page-1 ez-toc-heading-level-3'><a class=\"ez-toc-link ez-toc-heading-9\" href=\"https:\/\/pedroirustamendieta.com\/es\/guias-y-manuales-comunicacion-recomendados-administraciones-publicas\/#8_Ayuntamientos_Diario_sobre_comunicacion_liderazgo_politico_movilidad_urbana_y_gestion_local_Pedro_Asensio_Romero_Diciembre_de_2016\" >#8. Ayuntamientos: Diario sobre comunicaci\u00f3n, liderazgo pol\u00edtico, movilidad urbana y gesti\u00f3n local. Pedro Asensio Romero. Diciembre de 2016.<\/a><\/li><li class='ez-toc-page-1 ez-toc-heading-level-3'><a class=\"ez-toc-link ez-toc-heading-10\" href=\"https:\/\/pedroirustamendieta.com\/es\/guias-y-manuales-comunicacion-recomendados-administraciones-publicas\/#9_%E2%80%9CLa_comunicacion_interna_en_la_Administracion_Publica_espanola_Claves_para_innovar%E2%80%9D_INAP_2015\" >#9. \u201cLa comunicaci\u00f3n interna en la Administraci\u00f3n P\u00fablica espa\u00f1ola. Claves para innovar\u201d. INAP. 2015.<\/a><\/li><li class='ez-toc-page-1 ez-toc-heading-level-3'><a class=\"ez-toc-link ez-toc-heading-11\" href=\"https:\/\/pedroirustamendieta.com\/es\/guias-y-manuales-comunicacion-recomendados-administraciones-publicas\/#10_Comunicacion_de_instituciones_publicas_Nuria_Escalona_2015\" >#10. Comunicaci\u00f3n de instituciones p\u00fablicas. N\u00faria Escalona. 2015.<\/a><\/li><li class='ez-toc-page-1 ez-toc-heading-level-3'><a class=\"ez-toc-link ez-toc-heading-12\" href=\"https:\/\/pedroirustamendieta.com\/es\/guias-y-manuales-comunicacion-recomendados-administraciones-publicas\/#11_Comunicacion_institucional_para_periodistas_Manual_practico_de_comunicacion_y_relaciones_publicas_Jose_Manuel_Burgueno_Munoz_2014\" >#11. Comunicaci\u00f3n institucional para periodistas. Manual pr\u00e1ctico de comunicaci\u00f3n y relaciones p\u00fablicas. Jos\u00e9 Manuel Burgue\u00f1o Mu\u00f1oz. 2014.<\/a><\/li><li class='ez-toc-page-1 ez-toc-heading-level-3'><a class=\"ez-toc-link ez-toc-heading-13\" href=\"https:\/\/pedroirustamendieta.com\/es\/guias-y-manuales-comunicacion-recomendados-administraciones-publicas\/#12_Comunicacion_institucional_y_politica_Palma_Pena_Jimenez_Marta_Pacheco_Rueda_y_Esther_Martinez_Pastor_Mayo_de_2012\" >#12. Comunicaci\u00f3n institucional y pol\u00edtica. Palma Pe\u00f1a Jim\u00e9nez, Marta Pacheco Rueda y Esther Mart\u00ednez Pastor. Mayo de 2012.<\/a><\/li><li class='ez-toc-page-1 ez-toc-heading-level-3'><a class=\"ez-toc-link ez-toc-heading-14\" href=\"https:\/\/pedroirustamendieta.com\/es\/guias-y-manuales-comunicacion-recomendados-administraciones-publicas\/#13_Guia_de_Comunicacion_Digital_para_la_Administracion_General_del_Estado\" >#13. Gu\u00eda de Comunicaci\u00f3n Digital para la Administraci\u00f3n General del Estado.<\/a><\/li><li class='ez-toc-page-1 ez-toc-heading-level-3'><a class=\"ez-toc-link ez-toc-heading-15\" href=\"https:\/\/pedroirustamendieta.com\/es\/guias-y-manuales-comunicacion-recomendados-administraciones-publicas\/#14_%C2%BFComo_planificar_la_comunicacion_desde_una_institucion_publica_Metodologia_para_el_diseno_de_planes_de_comunicacion_Gobierno_de_Navarra_Instituto_Navarro_de_Administracion_Publica\" >#14. \u00bfC\u00f3mo planificar la comunicaci\u00f3n desde una instituci\u00f3n p\u00fablica? Metodolog\u00eda para el dise\u00f1o de planes de comunicaci\u00f3n. Gobierno de Navarra. Instituto Navarro de Administraci\u00f3n P\u00fablica.<\/a><\/li><li class='ez-toc-page-1 ez-toc-heading-level-3'><a class=\"ez-toc-link ez-toc-heading-16\" href=\"https:\/\/pedroirustamendieta.com\/es\/guias-y-manuales-comunicacion-recomendados-administraciones-publicas\/#15_Los_cien_errores_en_la_comunicacion_de_las_organizaciones_Luis_Arroyo-Magali_Yus_2011\" >#15. Los cien errores en la comunicaci\u00f3n de las organizaciones. Luis Arroyo-Magali Yus. 2011.<\/a><\/li><li class='ez-toc-page-1 ez-toc-heading-level-3'><a class=\"ez-toc-link ez-toc-heading-17\" href=\"https:\/\/pedroirustamendieta.com\/es\/guias-y-manuales-comunicacion-recomendados-administraciones-publicas\/#16_Comunicacion_en_la_gestion_de_crisis_Lecciones_practicas_Jose_Carlos_Losada_Diaz_2010\" >#16. Comunicaci\u00f3n en la gesti\u00f3n de crisis. Lecciones pr\u00e1cticas. Jos\u00e9 Carlos Losada D\u00edaz. 2010.<\/a><\/li><li class='ez-toc-page-1 ez-toc-heading-level-3'><a class=\"ez-toc-link ez-toc-heading-18\" href=\"https:\/\/pedroirustamendieta.com\/es\/guias-y-manuales-comunicacion-recomendados-administraciones-publicas\/#17_La_gestion_de_la_informacion_en_la_administracion_local_Fernando_Sabes_Turmo_y_Jose_Juan_Veron_Lassa_Octubre_de_2008\" >#17. La gesti\u00f3n de la informaci\u00f3n en la administraci\u00f3n local. Fernando Sab\u00e9s Turmo y Jos\u00e9 Juan Ver\u00f3n Lassa. Octubre de 2008.<\/a><\/li><li class='ez-toc-page-1 ez-toc-heading-level-3'><a class=\"ez-toc-link ez-toc-heading-19\" href=\"https:\/\/pedroirustamendieta.com\/es\/guias-y-manuales-comunicacion-recomendados-administraciones-publicas\/#18_Comunicacion_de_las_instituciones_publicas_Maria_Jose_Canel_Noviembre_de_2007\" >#18. Comunicaci\u00f3n de las instituciones p\u00fablicas. Mar\u00eda Jos\u00e9 Canel. Noviembre de 2007.<\/a><\/li><li class='ez-toc-page-1 ez-toc-heading-level-3'><a class=\"ez-toc-link ez-toc-heading-20\" href=\"https:\/\/pedroirustamendieta.com\/es\/guias-y-manuales-comunicacion-recomendados-administraciones-publicas\/#19_Introduccion_a_la_comunicacion_institucional_Carlos_Sotelo_2001\" >#19. Introducci\u00f3n a la comunicaci\u00f3n institucional. Carlos Sotelo. 2001.<\/a><\/li><li class='ez-toc-page-1 ez-toc-heading-level-3'><a class=\"ez-toc-link ez-toc-heading-21\" href=\"https:\/\/pedroirustamendieta.com\/es\/guias-y-manuales-comunicacion-recomendados-administraciones-publicas\/#20_Marketing_publico_por_un_gobierno_y_una_administracion_al_servicio_del_publico_Josep_Chias_1995\" >#20. Marketing p\u00fablico: por un gobierno y una administraci\u00f3n al servicio del p\u00fablico. Josep Ch\u00edas. 1995.<\/a><\/li><\/ul><\/li><li class='ez-toc-page-1 ez-toc-heading-level-2'><a class=\"ez-toc-link ez-toc-heading-22\" href=\"https:\/\/pedroirustamendieta.com\/es\/guias-y-manuales-comunicacion-recomendados-administraciones-publicas\/#Conclusion\" >Conclusi\u00f3n<\/a><\/li><\/ul><\/nav><\/div>\n<h2><span class=\"ez-toc-section\" id=\"Listado_de_guias_y_manuales_sobre_comunicacion_en_la_administracion_publica\"><\/span><strong>Listado de gu\u00edas y manuales sobre comunicaci\u00f3n en la administraci\u00f3n p\u00fablica<\/strong><span class=\"ez-toc-section-end\"><\/span><\/h2>\n<h3><span class=\"ez-toc-section\" id=\"1_Comunicacion_Institucional_Todo_lo_relacionado_a_la_comunicacion_en_las_instituciones_publicas_del_mundo_moderno_Hernan_Astudilla_Enero_de_2019\"><\/span><strong><a href=\"https:\/\/pedroirustamendieta.com\/wp-content\/uploads\/2019\/10\/1.comunicacioninst.jpg\"><img fetchpriority=\"high\" decoding=\"async\" class=\"alignleft size-full wp-image-1213\" src=\"https:\/\/pedroirustamendieta.com\/wp-content\/uploads\/2019\/10\/1.comunicacioninst.jpg\" alt=\"\" width=\"200\" height=\"297\" \/><\/a>#1. <a href=\"https:\/\/www.amazon.es\/Comunicaci%C3%B3n-Institucional-relacionado-comunicaci%C3%B3n-instituciones\/dp\/3659026794\" target=\"_blank\" rel=\"noopener noreferrer\">Comunicaci\u00f3n Institucional: Todo lo relacionado a la comunicaci\u00f3n en las instituciones p\u00fablicas del mundo moderno.<\/a> Hern\u00e1n Astudilla. Enero de 2019. <\/strong><span class=\"ez-toc-section-end\"><\/span><\/h3>\n<p>Es uno de los \u00faltimos manuales publicados, hasta la fecha, sobre comunicaci\u00f3n institucional, que aborda diferentes asuntos como el marketing o las relaciones p\u00fablicas.<\/p>\n<p>Tal y como se indica en este libro, \u201cla comunicaci\u00f3n institucional est\u00e1 relacionada con el marketing, la publicidad, la prensa y las relaciones p\u00fablicas, pero va m\u00e1s all\u00e1 de las funciones realizadas por ellas, pues busca transmitir la personalidad de la instituci\u00f3n y los valores que la fundamentan. La comunicaci\u00f3n institucional tiene un car\u00e1cter dial\u00f3gico porque busca relacionarse con los de la sociedad en la que est\u00e1 presente, tanto individuos como instituciones, contribuyendo al bien com\u00fan a trav\u00e9s de sus fines espec\u00edficos.\u201d.<\/p>\n<p>Si trabajas gestionando la comunicaci\u00f3n en tu organizaci\u00f3n, no puede faltar entre tus favoritos.<\/p>\n<h3><span class=\"ez-toc-section\" id=\"2_La_comunicacion_de_la_Administracion_Publica_Para_gobernar_con_la_sociedad_Maria_Jose_Canel_Crespo_Octubre_de_2018\"><\/span><strong><a href=\"https:\/\/pedroirustamendieta.com\/wp-content\/uploads\/2019\/10\/2.comunica.aapp_.jpg\"><img decoding=\"async\" class=\"alignleft size-full wp-image-1215\" src=\"https:\/\/pedroirustamendieta.com\/wp-content\/uploads\/2019\/10\/2.comunica.aapp_.jpg\" alt=\"\" width=\"200\" height=\"285\" \/><\/a>#2. <a href=\"https:\/\/www.amazon.es\/Comunicaci%C3%B3n-Administraci%C3%B3n-P%C3%BAblica-Gobernar-Communication\/dp\/6071659426\" target=\"_blank\" rel=\"noopener noreferrer\">La comunicaci\u00f3n de la Administraci\u00f3n P\u00fablica. Para gobernar con la sociedad. Mar\u00eda Jos\u00e9 Canel Crespo<\/a>. Octubre de 2018.<\/strong><span class=\"ez-toc-section-end\"><\/span><\/h3>\n<p>En esta obra, Mar\u00eda Canel, a trav\u00e9s de su estudio ayuda a comprender de una manera sencilla lo que es la comunicaci\u00f3n de la administraci\u00f3n p\u00fablica, responde a las preguntas sobre su origen, su evoluci\u00f3n a lo largo de estos \u00faltimos a\u00f1os, y cu\u00e1les ha sido las mejores condiciones en que se ha desarrollado.<\/p>\n<p>Asimismo, tambi\u00e9n cuestiona qu\u00e9 es y qu\u00e9 no la comunicaci\u00f3n de la administraci\u00f3n p\u00fablica. En dicha gu\u00eda, va guiando a los\/as lectores\/as, a trav\u00e9s de los m\u00faltiples ejemplos y propuestas en las que tiene una respuesta para cada caso.<\/p>\n<p>Una propuesta clara y original que no te puedes perder.<\/p>\n<h3><span class=\"ez-toc-section\" id=\"3_Comunicacion_institucional_y_politica_Coordinador_Jose_Luis_Moreno_Torres_2018\"><\/span><strong><a href=\"https:\/\/pedroirustamendieta.com\/wp-content\/uploads\/2019\/10\/3.com_.instpol.jpg\"><img decoding=\"async\" class=\"alignleft size-full wp-image-1217\" src=\"https:\/\/pedroirustamendieta.com\/wp-content\/uploads\/2019\/10\/3.com_.instpol.jpg\" alt=\"\" width=\"200\" height=\"289\" \/><\/a>#3. <a href=\"https:\/\/www.marcialpons.es\/libros\/comunicacion-institucional-y-politica\/9788494379390\/\" target=\"_blank\" rel=\"noopener noreferrer\">Comunicaci\u00f3n institucional y pol\u00edtica<\/a>. Coordinador: Jos\u00e9 Luis Moreno Torres. 2018.<\/strong><span class=\"ez-toc-section-end\"><\/span><\/h3>\n<p>Tal y como se indica en dicho manual, este no es un manual de comunicaci\u00f3n al uso, pero s\u00ed un texto de cabecera para todas aquellas personas interesadas o responsables en instituciones p\u00fablicas, en organizaciones de cualquier \u00edndole, o para todos\/as aquellos\/as que se dediquen al servicio p\u00fablico desde el \u00e1mbito pol\u00edtico, ya sea a nivel local, en los Gobiernos intermedios, regionales o estatales, y que deseen conocer, saber, dejarse aconsejar por los\/as m\u00e1s prestigiosos\/as autores, profesionales y estudiosos de la comunicaci\u00f3n, a nivel institucional y pol\u00edtico.<\/p>\n<p>En dicho manual se abordan distintas cuestiones que afectan al \u00e1mbito de la comunicaci\u00f3n institucional, como son: el relato, la construcci\u00f3n del mensaje, el plan estrat\u00e9gico de comunicaci\u00f3n, la comunicaci\u00f3n institucional como tal, el lenguaje, la red como el epicentro de la estrategia de comunicaci\u00f3n, la relaci\u00f3n entre las instituciones y los medios de comunicaci\u00f3n, el liderazgo emocional, la acci\u00f3n pol\u00edtica, la transparencia efectiva como valor p\u00fablico o las peculiaridades de la comunicaci\u00f3n en el \u00e1mbito local.<\/p>\n<p>Una obra de lectura recomendada, sin duda.<\/p>\n<h3><span class=\"ez-toc-section\" id=\"4_Guia_fundamental_de_la_comunicacion_interna_Joan_Cuenca_y_Laura_Verazzi_Octubre_de_2018\"><\/span><strong><a href=\"https:\/\/pedroirustamendieta.com\/wp-content\/uploads\/2019\/10\/4.guiacom.int_.jpg\"><img loading=\"lazy\" decoding=\"async\" class=\"alignleft size-full wp-image-1219\" src=\"https:\/\/pedroirustamendieta.com\/wp-content\/uploads\/2019\/10\/4.guiacom.int_.jpg\" alt=\"\" width=\"200\" height=\"301\" srcset=\"https:\/\/pedroirustamendieta.com\/wp-content\/uploads\/2019\/10\/4.guiacom.int_.jpg 200w, https:\/\/pedroirustamendieta.com\/wp-content\/uploads\/2019\/10\/4.guiacom.int_-199x300.jpg 199w\" sizes=\"(max-width: 200px) 100vw, 200px\" \/><\/a>#4. <a href=\"https:\/\/www.amazon.es\/Gu%C3%ADa-fundamental-comunicaci%C3%B3n-interna-Manuales\/dp\/849180272X\" target=\"_blank\" rel=\"noopener noreferrer\">Gu\u00eda fundamental de la comunicaci\u00f3n interna<\/a>. Joan Cuenca y Laura Verazzi. Octubre de 2018.<\/strong><span class=\"ez-toc-section-end\"><\/span><\/h3>\n<p>Dicha gu\u00eda trata de responder a las m\u00faltiples cuestiones o dudas que, llegado el momento, podemos tener todas aquellas personas que trabajamos en comunicaci\u00f3n en una administraci\u00f3n p\u00fablica: \u00bfQu\u00e9 es la comunicaci\u00f3n interna? \u00bfC\u00f3mo se compone el p\u00fablico interno? \u00bfQui\u00e9n gestiona la comunicaci\u00f3n interna? \u00bfQu\u00e9 significa trabajar estrat\u00e9gicamente?\u00a0 \u00bfC\u00f3mo se realiza un diagn\u00f3stico? \u00bfC\u00f3mo se dise\u00f1a un plan estrat\u00e9gico? \u00bfC\u00f3mo se establecen los objetivos de la comunicaci\u00f3n interna? \u00bfQu\u00e9 canales o medios internos son id\u00f3neos para la empresa en la que se trabaja? \u00bfC\u00f3mo se eval\u00faa la gesti\u00f3n? \u00bfEn qu\u00e9 casos es clave una gesti\u00f3n excelente? \u00bfPara qu\u00e9 sirve la comunicaci\u00f3n interna?.<\/p>\n<p>Este documento \u201cpretende responder esta y otras preguntas fundamentales con el objetivo de ser una gu\u00eda b\u00e1sica para entender la disciplina.\u201d. Totalmente recomendable si tu especialidad es la comunicaci\u00f3n interna en las organizaciones.<\/p>\n<h3><span class=\"ez-toc-section\" id=\"5_La_comunicacion_de_la_Administracion_Publica_conceptos_y_casos_practicos_de_bienes_intangibles_Maria_Jose_Canel_Paloma_Piqueiras_Gabriela_Ortega_Noviembre_de_2017\"><\/span><strong><a href=\"https:\/\/pedroirustamendieta.com\/wp-content\/uploads\/2019\/10\/5.com_.aapp_.jpg\"><img loading=\"lazy\" decoding=\"async\" class=\"alignleft wp-image-1221\" src=\"https:\/\/pedroirustamendieta.com\/wp-content\/uploads\/2019\/10\/5.com_.aapp_.jpg\" alt=\"\" width=\"218\" height=\"310\" srcset=\"https:\/\/pedroirustamendieta.com\/wp-content\/uploads\/2019\/10\/5.com_.aapp_.jpg 300w, https:\/\/pedroirustamendieta.com\/wp-content\/uploads\/2019\/10\/5.com_.aapp_-211x300.jpg 211w\" sizes=\"(max-width: 218px) 100vw, 218px\" \/><\/a>#5. <a href=\"https:\/\/mariajosecanel.com\/la-comunicacion-la-administracion-publica-conceptos-casos-practicos-bienes-intangibles\/\" target=\"_blank\" rel=\"noopener noreferrer\">La comunicaci\u00f3n de la Administraci\u00f3n P\u00fablica: conceptos y casos pr\u00e1cticos de bienes intangibles. Mar\u00eda Jos\u00e9 Canel, Paloma Piqueiras, Gabriela Ortega<\/a>. Noviembre de 2017.<\/strong><span class=\"ez-toc-section-end\"><\/span><\/h3>\n<p>En palabras de sus autores, \u201cla riqueza de los pa\u00edses la produce, en m\u00e1s de un 60 %, capital que es intangible. As\u00ed lo afirm\u00f3 el Banco Mundial en 2006 y 2011, en unos estudios con los que pretend\u00eda explorar qu\u00e9 es lo que genera riqueza en las naciones. Pero poco se sabe sobre este capital incorp\u00f3reo, d\u00f3nde est\u00e1, qu\u00e9 lo causa y c\u00f3mo se mide. Esta monograf\u00eda explora el valor de la intangibilidad en el sector p\u00fablico.<\/p>\n<p>\u00bfPuede hacer algo la Administraci\u00f3n P\u00fablica para que los ciudadanos se sientan m\u00e1s seguros, un pa\u00eds est\u00e9 m\u00e1s cohesionado, o para que haya una cultura de mayor participaci\u00f3n c\u00edvica?\u201d.<\/p>\n<p>As\u00ed, y para dar respuesta a la citada pregunta, este manual fundamenta y propone definiciones de bienes intangibles como \u201cLegitimidad, Compromiso (Engagement), Responsabilidad Social Institucional, Marca y Transparencia\u201d.<\/p>\n<p>Un manual perfecto para ahondar en los citados conceptos, y obtener una visi\u00f3n m\u00e1s amplia sobre la comunicaci\u00f3n, la publicidad o el Buen Gobierno de las administraciones.<\/p>\n<h3><span class=\"ez-toc-section\" id=\"6_%E2%80%9C%C2%BFEstamos_preparados_La_gestion_de_la_comunicacion_de_crisis_en_la_Administracion_Publica_espanola%E2%80%9D_Ismael_Crespo_Martinez_INNAP_2017\"><\/span><strong><a href=\"https:\/\/pedroirustamendieta.com\/wp-content\/uploads\/2019\/10\/6.gest_.com_.jpg\"><img loading=\"lazy\" decoding=\"async\" class=\"alignleft wp-image-1223\" src=\"https:\/\/pedroirustamendieta.com\/wp-content\/uploads\/2019\/10\/6.gest_.com_.jpg\" alt=\"\" width=\"208\" height=\"288\" srcset=\"https:\/\/pedroirustamendieta.com\/wp-content\/uploads\/2019\/10\/6.gest_.com_.jpg 300w, https:\/\/pedroirustamendieta.com\/wp-content\/uploads\/2019\/10\/6.gest_.com_-217x300.jpg 217w\" sizes=\"(max-width: 208px) 100vw, 208px\" \/><\/a>#6. <a href=\"https:\/\/www.casadellibro.com\/libro-estamos-preparados3f-la-gestion-de-la-comunicacion-de-crisis-en-la-administracion-publica-espanola\/9788473515696\/5641941\" target=\"_blank\" rel=\"noopener noreferrer\">\u201c\u00bfEstamos preparados? La gesti\u00f3n de la comunicaci\u00f3n de crisis en la Administraci\u00f3n P\u00fablica espa\u00f1ola\u201d<\/a>. Ismael Crespo Mart\u00ednez. INNAP. 2017.<\/strong><span class=\"ez-toc-section-end\"><\/span><\/h3>\n<p>El principal objetivo de esta obra es servir de instrumento te\u00f3rico-pr\u00e1ctico para aquellas personas que se dedican a la gesti\u00f3n de la comunicaci\u00f3n en el \u00e1mbito p\u00fablico.<\/p>\n<p>En declaraciones de su autor, Ismael Crespo, \u201cdebido a la especificidad de una crisis, que nos sit\u00faa ante un escenario de vulnerabilidad e incertidumbre y donde el sistema de valores y legitimidad se han puesto en jaque, se hace necesario minimizar sus efectos y proteger la reputaci\u00f3n a trav\u00e9s de la comunicaci\u00f3n.<\/p>\n<p>Y a\u00f1ade: \u201cLa importancia de la comunicaci\u00f3n de crisis ha ido creciendo en los \u00faltimos a\u00f1os, la constante aparici\u00f3n de casos de crisis y la respuesta que ofrecen los responsables p\u00fablicos de su gesti\u00f3n, justifica el inter\u00e9s por iniciar trabajos que incrementen el conocimiento sobre este fen\u00f3meno, sus caracter\u00edsticas, herramientas, estrategias de comunicaci\u00f3n y los resultados de su gesti\u00f3n.\u201d.<\/p>\n<h3><span class=\"ez-toc-section\" id=\"7_Manual_de_comunicacion_para_ayuntamientos_pequenos_y_no_tan_pequenos_Marc_Sureda_Pons_y_Lourdes_Torres_Plana_Mayo_de_2016\"><\/span><strong><a href=\"https:\/\/pedroirustamendieta.com\/wp-content\/uploads\/2019\/10\/7.manual.com_.jpg\"><img loading=\"lazy\" decoding=\"async\" class=\"alignleft wp-image-1225\" src=\"https:\/\/pedroirustamendieta.com\/wp-content\/uploads\/2019\/10\/7.manual.com_.jpg\" alt=\"\" width=\"192\" height=\"287\" \/><\/a>#7. <a href=\"https:\/\/www.amazon.es\/Manual-comunicaci%C3%B3n-Ayuntamientos-peque%C3%B1os-Manuales\/dp\/8491162623\" target=\"_blank\" rel=\"noopener noreferrer\">Manual de comunicaci\u00f3n para ayuntamientos peque\u00f1os (y no tan peque\u00f1os). Marc Sureda Pons y Lourdes Torres Plana.<\/a> Mayo de 2016.<\/strong><span class=\"ez-toc-section-end\"><\/span><\/h3>\n<p>Este manual est\u00e1 elaborado para t\u00e9cnicos\/as y tambi\u00e9n para pol\u00edticos municipales, que, en su d\u00eda a d\u00eda, desarrollan tareas de comunicaci\u00f3n y de relaci\u00f3n con los medios de comunicaci\u00f3n locales y comarcales de su \u00e1rea de influencia.<\/p>\n<p>Una herramienta perfecta para ayuntamientos peque\u00f1os, \u201cy no tan peque\u00f1os\u201d, aseguran sus autores, Marc Sureda Pons y Lourdes Torres Plana.<\/p>\n<p>&nbsp;<\/p>\n<h3><\/h3>\n<h3><span class=\"ez-toc-section\" id=\"8_Ayuntamientos_Diario_sobre_comunicacion_liderazgo_politico_movilidad_urbana_y_gestion_local_Pedro_Asensio_Romero_Diciembre_de_2016\"><\/span><strong><a href=\"https:\/\/pedroirustamendieta.com\/wp-content\/uploads\/2019\/10\/8.ayunt_.jpg\"><img loading=\"lazy\" decoding=\"async\" class=\"alignleft size-full wp-image-1227\" src=\"https:\/\/pedroirustamendieta.com\/wp-content\/uploads\/2019\/10\/8.ayunt_.jpg\" alt=\"\" width=\"200\" height=\"308\" srcset=\"https:\/\/pedroirustamendieta.com\/wp-content\/uploads\/2019\/10\/8.ayunt_.jpg 200w, https:\/\/pedroirustamendieta.com\/wp-content\/uploads\/2019\/10\/8.ayunt_-195x300.jpg 195w\" sizes=\"(max-width: 200px) 100vw, 200px\" \/><\/a>#8. <a href=\"https:\/\/www.amazon.es\/Ayuntamientos-comunicaci%C3%B3n-liderazgo-pol%C3%ADtico-movilidad\/dp\/8491407650\" target=\"_blank\" rel=\"noopener noreferrer\">Ayuntamientos: Diario sobre comunicaci\u00f3n, liderazgo pol\u00edtico, movilidad urbana y gesti\u00f3n local. Pedro Asensio Romero.<\/a> Diciembre de 2016.<\/strong><span class=\"ez-toc-section-end\"><\/span><\/h3>\n<p>Se trata de un ensayo, escrito a modo de diario, donde Pedro Asensio, autor de \u00b4El libro de la Gesti\u00f3n Municipal\u00b4 y \u00b4Marketing Municipal\u00b4, aborda diversos aspectos relacionados con el buen gobierno de las municipalidades, la comunicaci\u00f3n institucional, los recursos humanos, la movilidad urbana o el liderazgo pol\u00edtico.<\/p>\n<h3><\/h3>\n<h3><\/h3>\n<p>&nbsp;<\/p>\n<p>&nbsp;<\/p>\n<h3><span class=\"ez-toc-section\" id=\"9_%E2%80%9CLa_comunicacion_interna_en_la_Administracion_Publica_espanola_Claves_para_innovar%E2%80%9D_INAP_2015\"><\/span><strong><a href=\"https:\/\/pedroirustamendieta.com\/wp-content\/uploads\/2019\/10\/9.com_.interna.jpg\"><img loading=\"lazy\" decoding=\"async\" class=\"alignleft size-full wp-image-1229\" src=\"https:\/\/pedroirustamendieta.com\/wp-content\/uploads\/2019\/10\/9.com_.interna.jpg\" alt=\"\" width=\"200\" height=\"285\" \/><\/a>#9. <a href=\"https:\/\/www.clubdeinnovacion.es\/la-comunicacion-interna-en-la-administracion-publica-espanola-claves-para-innovar-2\/\" target=\"_blank\" rel=\"noopener noreferrer\">\u201cLa comunicaci\u00f3n interna en la Administraci\u00f3n P\u00fablica espa\u00f1ola. Claves para innovar\u201d<\/a>. INAP. 2015.<\/strong><span class=\"ez-toc-section-end\"><\/span><\/h3>\n<p>Esta publicaci\u00f3n pretende ser una contribuci\u00f3n para que las organizaciones, con la participaci\u00f3n de sus equipos de comunicaci\u00f3n, autoridades y expertos en la materia, puedan adoptar los procesos necesarios para implantar un modelo exitoso de comunicaci\u00f3n entre sus dependencias.<\/p>\n<p>Posteriormente, se indica en el libro, \u201cla entidad que lo adopte deber\u00e1 realizar previamente una auditor\u00eda para entender las caracter\u00edsticas de su estructura, sus necesidades, aciertos y falacias.<\/p>\n<p>Seguidamente, podr\u00e1 adoptar la estructura del manual con el perfil que cada una debe imprimirle, ejecutarlo, darle un seguimiento adecuado y evaluarlo peri\u00f3dicamente.\u201d<\/p>\n<p>Una aut\u00e9ntica joya si deseas aprender y ahondar m\u00e1s en comunicaci\u00f3n interna.<\/p>\n<h3><span class=\"ez-toc-section\" id=\"10_Comunicacion_de_instituciones_publicas_Nuria_Escalona_2015\"><\/span><strong><a href=\"https:\/\/pedroirustamendieta.com\/wp-content\/uploads\/2019\/10\/10.com_.inst_.pub_.png\"><img loading=\"lazy\" decoding=\"async\" class=\"alignleft wp-image-1231\" src=\"https:\/\/pedroirustamendieta.com\/wp-content\/uploads\/2019\/10\/10.com_.inst_.pub_.png\" alt=\"\" width=\"204\" height=\"290\" srcset=\"https:\/\/pedroirustamendieta.com\/wp-content\/uploads\/2019\/10\/10.com_.inst_.pub_.png 300w, https:\/\/pedroirustamendieta.com\/wp-content\/uploads\/2019\/10\/10.com_.inst_.pub_-211x300.png 211w\" sizes=\"(max-width: 204px) 100vw, 204px\" \/><\/a>#10. <a href=\"https:\/\/www.amazon.es\/Comunicaci%C3%B3n-instituciones-p%C3%BAblicas-Manuales-Escalona\/dp\/8490643733\" target=\"_blank\" rel=\"noopener noreferrer\">Comunicaci\u00f3n de instituciones p\u00fablicas. N\u00faria Escalona<\/a>. 2015.<\/strong><span class=\"ez-toc-section-end\"><\/span><\/h3>\n<p>Su autora, N\u00faria Escalona, realiza un matiz importante con respecto al t\u00edtulo de este libro: \u201ccomunicaci\u00f3n de instituciones p\u00fablicas, no comunicaci\u00f3n institucional\u201d.<\/p>\n<p>As\u00ed, dicha obra est\u00e1 dirigida a aquellas personas que abordan la comunicaci\u00f3n de gobiernos locales, aut\u00f3nomos y m\u00e1s all\u00e1.<\/p>\n<p>\u201cEn este libro se desgrana y se ayuda a entender y a practicar una comunicaci\u00f3n en multimedia protagonista en las instituciones de todos. C\u00f3mo comunicar estrat\u00e9gicamente, con rumbo definido, en las instituciones p\u00fablicas. Con qu\u00e9 perfiles profesionales para conformar equipos. Identidad, imagen y reputaci\u00f3n.<\/p>\n<p>Y, en definitiva, c\u00f3mo conectar con los ciudadanos, el gran objetivo y justificaci\u00f3n de la existencia de una instituci\u00f3n p\u00fablica. Para lo cual, cada d\u00eda m\u00e1s, el frente digital y las redes sociales en Internet deben ser un aliado en la conexi\u00f3n con las nuevas generaciones\u201d, indica Escalona en su obra.<strong>\u00a0 \u00a0<\/strong><\/p>\n<h3><span class=\"ez-toc-section\" id=\"11_Comunicacion_institucional_para_periodistas_Manual_practico_de_comunicacion_y_relaciones_publicas_Jose_Manuel_Burgueno_Munoz_2014\"><\/span><strong><a href=\"https:\/\/pedroirustamendieta.com\/wp-content\/uploads\/2019\/10\/11.com_.inst_.jpg\"><img loading=\"lazy\" decoding=\"async\" class=\"alignleft size-full wp-image-1233\" src=\"https:\/\/pedroirustamendieta.com\/wp-content\/uploads\/2019\/10\/11.com_.inst_.jpg\" alt=\"\" width=\"200\" height=\"284\" \/><\/a>#11. <a href=\"http:\/\/www.editorialuoc.cat\/comunicacion-institucional-para-periodistas\" target=\"_blank\" rel=\"noopener noreferrer\">Comunicaci\u00f3n institucional para periodistas. Manual pr\u00e1ctico de comunicaci\u00f3n y relaciones p\u00fablicas<\/a>. Jos\u00e9 Manuel Burgue\u00f1o Mu\u00f1oz. 2014.<\/strong><span class=\"ez-toc-section-end\"><\/span><\/h3>\n<p>Este manual est\u00e1 dirigido a periodistas actuales y futuros\/as. Como afirma Juan Cruz M\u00e1s en el pr\u00f3logo, \u201cJos\u00e9 Manuel Burgue\u00f1o ha escrito un libro sencillo, pr\u00e1ctico, con ejemplos y an\u00e9cdotas, que se lee de un tir\u00f3n, y con la credibilidad que se deriva de una vida de experiencia. Muy propio para varios p\u00fablicos: empresarios, consultores y responsables de la imagen de empresas e instituciones, estudiantes?, y periodistas.?\u201d.<\/p>\n<p>Por tanto, tanto si llevas toda una vida dedic\u00e1ndote al fascinante mundo del periodismo y la comunicaci\u00f3n, como si est\u00e1s en tus inicios, no deber\u00edas perderte esta obra que, a buen seguro, te resultar\u00e1 de gran utilidad.<\/p>\n<h3><span class=\"ez-toc-section\" id=\"12_Comunicacion_institucional_y_politica_Palma_Pena_Jimenez_Marta_Pacheco_Rueda_y_Esther_Martinez_Pastor_Mayo_de_2012\"><\/span><span style=\"text-decoration: line-through;\"><a href=\"https:\/\/pedroirustamendieta.com\/wp-content\/uploads\/2019\/10\/12.com_.inst_.pol_.jpg\"><img loading=\"lazy\" decoding=\"async\" class=\"alignleft size-full wp-image-1235\" src=\"https:\/\/pedroirustamendieta.com\/wp-content\/uploads\/2019\/10\/12.com_.inst_.pol_.jpg\" alt=\"\" width=\"200\" height=\"272\" \/><\/a><\/span><strong>#12. <a href=\"https:\/\/www.marcialpons.es\/libros\/comunicacion-institucional-y-politica\/9788470744983\/\" target=\"_blank\" rel=\"noopener noreferrer\">Comunicaci\u00f3n institucional y pol\u00edtica. Palma Pe\u00f1a Jim\u00e9nez, Marta Pacheco Rueda y Esther Mart\u00ednez Pastor<\/a>. Mayo de 2012.<\/strong><span class=\"ez-toc-section-end\"><\/span><\/h3>\n<p>A pesar de que esta obra cuenta ya con varios a\u00f1os, y el sector de la comunicaci\u00f3n ha evolucionado a pasos de gigante, el presente volumen descubre c\u00f3mo son percibidas las instituciones y las organizaciones pol\u00edticas, y qu\u00e9 im\u00e1genes exportan.<\/p>\n<p>Una obra necesaria, y que merece la pena tenerla en cuenta.<\/p>\n<h3><\/h3>\n<p>&nbsp;<\/p>\n<h3><span class=\"ez-toc-section\" id=\"13_Guia_de_Comunicacion_Digital_para_la_Administracion_General_del_Estado\"><\/span><strong><a href=\"https:\/\/pedroirustamendieta.com\/wp-content\/uploads\/2019\/10\/13.guia_.com_.digital.png\"><img loading=\"lazy\" decoding=\"async\" class=\"alignleft wp-image-1237\" src=\"https:\/\/pedroirustamendieta.com\/wp-content\/uploads\/2019\/10\/13.guia_.com_.digital.png\" alt=\"\" width=\"202\" height=\"284\" srcset=\"https:\/\/pedroirustamendieta.com\/wp-content\/uploads\/2019\/10\/13.guia_.com_.digital.png 300w, https:\/\/pedroirustamendieta.com\/wp-content\/uploads\/2019\/10\/13.guia_.com_.digital-214x300.png 214w\" sizes=\"(max-width: 202px) 100vw, 202px\" \/><\/a>#13. <a href=\"https:\/\/administracionelectronica.gob.es\/pae_Home\/pae_Documentacion\/pae_Metodolog\/pae_Guia_de_Comunicacion_Digital_para_la_Administracion_General_del_Estado.html#.Xbqrtvn0ncs\" target=\"_blank\" rel=\"noopener noreferrer\">Gu\u00eda de Comunicaci\u00f3n Digital para la Administraci\u00f3n General del Estado<\/a>.<\/strong><span class=\"ez-toc-section-end\"><\/span><\/h3>\n<p>La Gu\u00eda de Comunicaci\u00f3n Digital para la Administraci\u00f3n General del Estado proporciona un marco de criterios, recomendaciones y buenas pr\u00e1cticas a tener en cuenta por sus Departamentos y organismos al crear, generar contenidos o evolucionar los sitios y portales web, las sedes electr\u00f3nicas o los sitios relacionados con las nuevas tecnolog\u00edas web2.0 (blogs, cuentas o perfiles de redes sociales a los que accede bajo los nombres oficiales de los Departamentos u organismos de la AGE).<\/p>\n<p>Sin duda, un manual perfecto para tomarlo como ejemplo, si trabajas gestionando la comunicaci\u00f3n digital en una administraci\u00f3n p\u00fablica.<\/p>\n<p>&nbsp;<\/p>\n<h3><span class=\"ez-toc-section\" id=\"14_%C2%BFComo_planificar_la_comunicacion_desde_una_institucion_publica_Metodologia_para_el_diseno_de_planes_de_comunicacion_Gobierno_de_Navarra_Instituto_Navarro_de_Administracion_Publica\"><\/span><strong><a href=\"https:\/\/pedroirustamendieta.com\/wp-content\/uploads\/2019\/10\/14.comunic.navarra.jpg\"><img loading=\"lazy\" decoding=\"async\" class=\"alignleft wp-image-1239\" src=\"https:\/\/pedroirustamendieta.com\/wp-content\/uploads\/2019\/10\/14.comunic.navarra.jpg\" alt=\"\" width=\"216\" height=\"306\" srcset=\"https:\/\/pedroirustamendieta.com\/wp-content\/uploads\/2019\/10\/14.comunic.navarra.jpg 300w, https:\/\/pedroirustamendieta.com\/wp-content\/uploads\/2019\/10\/14.comunic.navarra-212x300.jpg 212w\" sizes=\"(max-width: 216px) 100vw, 216px\" \/><\/a>#14. <a href=\"http:\/\/www.navarra.es\/nr\/rdonlyres\/5fbd54a1-d7cf-4eaf-9ec3-43ad2fcd3a9e\/0\/guiaparaelaborarunplandecomunicacion2012x.pdf\" target=\"_blank\" rel=\"noopener noreferrer\">\u00bfC\u00f3mo planificar la comunicaci\u00f3n desde una instituci\u00f3n p\u00fablica? Metodolog\u00eda para el dise\u00f1o de planes de comunicaci\u00f3n. Gobierno de Navarra.<\/a> Instituto Navarro de Administraci\u00f3n P\u00fablica.<\/strong><span class=\"ez-toc-section-end\"><\/span><\/h3>\n<p>Una herramienta \u00fatil y realmente interesante si deseas poner en marcha un plan de comunicaci\u00f3n en la instituci\u00f3n para la que trabajas. Personalmente, utilic\u00e9 dicha gu\u00eda para redactar mi primer plan de comunicaci\u00f3n y me sirvi\u00f3 para aclarar diversas dudas que ten\u00eda, as\u00ed como para obtener una visi\u00f3n m\u00e1s global sobre la planificaci\u00f3n estrat\u00e9gica de la comunicaci\u00f3n en la administraci\u00f3n p\u00fablica.<\/p>\n<p>&nbsp;<\/p>\n<h3><\/h3>\n<h3><span class=\"ez-toc-section\" id=\"15_Los_cien_errores_en_la_comunicacion_de_las_organizaciones_Luis_Arroyo-Magali_Yus_2011\"><\/span><strong><a href=\"https:\/\/pedroirustamendieta.com\/wp-content\/uploads\/2019\/10\/15.cienerrorescom..jpg\"><img loading=\"lazy\" decoding=\"async\" class=\"alignleft wp-image-1241\" src=\"https:\/\/pedroirustamendieta.com\/wp-content\/uploads\/2019\/10\/15.cienerrorescom..jpg\" alt=\"\" width=\"204\" height=\"286\" \/><\/a>#15. <a href=\"https:\/\/www.amazon.es\/cien-errores-comunicaci%C3%B3n-organizaciones-Divulgaci%C3%B3n\/dp\/8473567668\" target=\"_blank\" rel=\"noopener noreferrer\">Los cien errores en la comunicaci\u00f3n de las organizaciones<\/a>. Luis Arroyo-Magali Yus. 2011.<\/strong><span class=\"ez-toc-section-end\"><\/span><\/h3>\n<p>En dicho manual, se muestran numerosos ejemplos, casos y consejos muy pr\u00e1cticos por las \u00e1reas de la comunicaci\u00f3n y las relaciones p\u00fablicas. Se abordan aspectos t\u00e1cticos, como las relaciones con los medios de comunicaci\u00f3n, la oratoria, la telegenia, e incluso la comunicaci\u00f3n en Internet.<\/p>\n<p>Adem\u00e1s, se recogen ideas y recomendaciones estrat\u00e9gicas sobre comunicaci\u00f3n de crisis, transparencia, responsabilidad social corporativa o sobre la expansi\u00f3n de las ideas.<\/p>\n<p>El documento est\u00e1 dirigido a cualquier persona interesada en mejorar la comunicaci\u00f3n de su organizaci\u00f3n.<\/p>\n<p>Por tanto, si eres la persona encargada de gestionar la comunicaci\u00f3n en tu administraci\u00f3n, te resultar\u00e1 muy \u00fatil, puesto que aporta ideas muy innovadoras y transgresoras sobre la comunicaci\u00f3n corporativa contempor\u00e1nea.<\/p>\n<h3><span class=\"ez-toc-section\" id=\"16_Comunicacion_en_la_gestion_de_crisis_Lecciones_practicas_Jose_Carlos_Losada_Diaz_2010\"><\/span><strong><a href=\"https:\/\/pedroirustamendieta.com\/wp-content\/uploads\/2019\/10\/16.com_.gest_.crisis.jpg\"><img loading=\"lazy\" decoding=\"async\" class=\"alignleft wp-image-1243\" src=\"https:\/\/pedroirustamendieta.com\/wp-content\/uploads\/2019\/10\/16.com_.gest_.crisis.jpg\" alt=\"\" width=\"205\" height=\"306\" \/><\/a>#16. <a href=\"https:\/\/www.agapea.com\/libros\/Comunicacion-en-la-gestion-de-crisis-Lecciones-Practicas-9788497888813-i.htm\" target=\"_blank\" rel=\"noopener noreferrer\">Comunicaci\u00f3n en la gesti\u00f3n de crisis. Lecciones pr\u00e1cticas<\/a>. Jos\u00e9 Carlos Losada D\u00edaz. 2010.<\/strong><span class=\"ez-toc-section-end\"><\/span><\/h3>\n<p>Se trata del manual ideal para tratar de comprender en qu\u00e9 consiste la comunicaci\u00f3n de crisis, y comprobar que, con una correcta gesti\u00f3n estrat\u00e9gica, tanto en la prevenci\u00f3n como en la reacci\u00f3n ante una crisis, es posible minimizar su impacto y sus consecuencias y, en muchos casos, transformar lo inevitable en una oportunidad \u00fanica de proyecci\u00f3n positiva para una determinada organizaci\u00f3n.<\/p>\n<p>Este manual se hace eco, adem\u00e1s, de distintas situaciones de crisis por las que han tenido que pasar varias marcas (la crisis del 11M, el Prestige, Coca-Cola, el caso Madelaine, el accidente del Airbus de AirFrance en Brasil o del vuelo de Spanair en Barajas o el incendio de la Torre Windsord en Madrid), m\u00e1s all\u00e1 de las administraciones p\u00fablicas.<\/p>\n<h3><span class=\"ez-toc-section\" id=\"17_La_gestion_de_la_informacion_en_la_administracion_local_Fernando_Sabes_Turmo_y_Jose_Juan_Veron_Lassa_Octubre_de_2008\"><\/span><strong><a href=\"https:\/\/pedroirustamendieta.com\/wp-content\/uploads\/2019\/10\/17.gestioninform.jpg\"><img loading=\"lazy\" decoding=\"async\" class=\"alignleft wp-image-1245\" src=\"https:\/\/pedroirustamendieta.com\/wp-content\/uploads\/2019\/10\/17.gestioninform.jpg\" alt=\"\" width=\"207\" height=\"294\" \/><\/a>#17. <a href=\"https:\/\/www.casadellibro.com\/libro-la-gestion-de-la-informacion-en-la-administracion-local\/9788496082595\/1233416\" target=\"_blank\" rel=\"noopener noreferrer\">La gesti\u00f3n de la informaci\u00f3n en la administraci\u00f3n local<\/a>. Fernando Sab\u00e9s Turmo y Jos\u00e9 Juan Ver\u00f3n Lassa. Octubre de 2008.<\/strong><span class=\"ez-toc-section-end\"><\/span><\/h3>\n<p>Este libro est\u00e1 dirigido a responsables de administraciones p\u00fablicas municipales y a pol\u00edticos\/as que deseen aplicar una pol\u00edtica de comunicaci\u00f3n en su gesti\u00f3n, incorporando \u00e9sta como un elemento m\u00e1s y de vital importancia.<\/p>\n<p>La obra est\u00e1 dividida en dos bloques: el primero de ellos aborda cuestiones como la definici\u00f3n de la noticia, la comunicaci\u00f3n interna y externa, las notas de prensa, las ruedas de prensa, las exclusivas, las relaciones con los periodistas, el manual de crisis, la publicidad institucional y la documentaci\u00f3n.<\/p>\n<p>En el segundo bloque, sin embargo, se aborda la comunicaci\u00f3n personal y la preparaci\u00f3n de entrevistas y debates.<\/p>\n<p>A pesar de que este manual cuenta ya con m\u00e1s de diez a\u00f1os en el mercado, se ha convertido en uno de los imprescindibles para muchos\/as lectores\/as.<\/p>\n<h3><span class=\"ez-toc-section\" id=\"18_Comunicacion_de_las_instituciones_publicas_Maria_Jose_Canel_Noviembre_de_2007\"><\/span><strong><a href=\"https:\/\/pedroirustamendieta.com\/wp-content\/uploads\/2019\/10\/18.com_.inst_.publ_.jpg\"><img loading=\"lazy\" decoding=\"async\" class=\"alignleft wp-image-1247\" src=\"https:\/\/pedroirustamendieta.com\/wp-content\/uploads\/2019\/10\/18.com_.inst_.publ_.jpg\" alt=\"\" width=\"208\" height=\"295\" \/><\/a>#18. <a href=\"https:\/\/www.casadellibro.com\/libro-comunicacion-de-las-instituciones-publicas\/9788430946556\/1167434\" target=\"_blank\" rel=\"noopener noreferrer\">Comunicaci\u00f3n de las instituciones p\u00fablicas<\/a>. Mar\u00eda Jos\u00e9 Canel. Noviembre de 2007.<\/strong><span class=\"ez-toc-section-end\"><\/span><\/h3>\n<p>Partiendo de un estudio de la estrategia de comunicaci\u00f3n, este libro desciende a la organizaci\u00f3n pr\u00e1ctica de la oficina de una instituci\u00f3n p\u00fablica: desde cuestiones organizativas como a distribuci\u00f3n de funciones comunicativas, la din\u00e1mica de trabajo, o la toma de decisiones, hasta cuestiones m\u00e1s t\u00e1cticas como las relaciones informativas, los discursos, la organizaci\u00f3n de eventos, o los mensajes de crisis.<\/p>\n<p>Seg\u00fan se indica en dicho manual, \u201calgunas de las aportaciones que este texto ofrece son: trasladar al sector de las organizaciones p\u00fablicas algunos conceptos de planificaci\u00f3n estrat\u00e9gica de la comunicaci\u00f3n de instituciones privadas; describir en detalle determinadas experiencias internacionales; ofrecer pautas para interpretar c\u00f3mo los ciudadanos\/as juzgamos la personalidad de los\/as pol\u00edticos\/as, la gesti\u00f3n de la situaci\u00f3n econ\u00f3mica y pol\u00edtica de un pa\u00eds, la inseguridad ciudadana, el terrorismo, los esc\u00e1ndalos o la guerra\u201d.<\/p>\n<h3><span class=\"ez-toc-section\" id=\"19_Introduccion_a_la_comunicacion_institucional_Carlos_Sotelo_2001\"><\/span><strong><a href=\"https:\/\/pedroirustamendieta.com\/wp-content\/uploads\/2019\/10\/19.introduc.com_.inst_.jpg\"><img loading=\"lazy\" decoding=\"async\" class=\"alignleft wp-image-1249\" src=\"https:\/\/pedroirustamendieta.com\/wp-content\/uploads\/2019\/10\/19.introduc.com_.inst_.jpg\" alt=\"\" width=\"216\" height=\"283\" srcset=\"https:\/\/pedroirustamendieta.com\/wp-content\/uploads\/2019\/10\/19.introduc.com_.inst_.jpg 300w, https:\/\/pedroirustamendieta.com\/wp-content\/uploads\/2019\/10\/19.introduc.com_.inst_-230x300.jpg 230w\" sizes=\"(max-width: 216px) 100vw, 216px\" \/><\/a>#19. <a href=\"https:\/\/www.casadellibro.com\/libro-introduccion-a-la-comunicacion-institucional\/9788434412835\/745761\" target=\"_blank\" rel=\"noopener noreferrer\">Introducci\u00f3n a la comunicaci\u00f3n institucional<\/a>. Carlos Sotelo. 2001.<\/strong><span class=\"ez-toc-section-end\"><\/span><\/h3>\n<p>Este trabajo, que cuenta casi con dos d\u00e9cadas, analiza el desarrollo de la comunicaci\u00f3n institucional, a trav\u00e9s de un an\u00e1lisis hist\u00f3rico y conceptual de su evoluci\u00f3n<\/p>\n<p>Una verdadera joya para adentrarnos en el mundo de la comunicaci\u00f3n institucional y comprobar lo que se ven\u00eda diciendo en 2001.<\/p>\n<h3><\/h3>\n<h3><\/h3>\n<p>&nbsp;<\/p>\n<h3><span class=\"ez-toc-section\" id=\"20_Marketing_publico_por_un_gobierno_y_una_administracion_al_servicio_del_publico_Josep_Chias_1995\"><\/span><strong><a href=\"https:\/\/pedroirustamendieta.com\/wp-content\/uploads\/2019\/10\/20.marketingpublico.jpg\"><img loading=\"lazy\" decoding=\"async\" class=\"alignleft wp-image-1251\" src=\"https:\/\/pedroirustamendieta.com\/wp-content\/uploads\/2019\/10\/20.marketingpublico.jpg\" alt=\"\" width=\"211\" height=\"304\" \/><\/a>#20. <a href=\"https:\/\/books.google.es\/books\/about\/Marketing_p%C3%BAblico.html?id=pNNqAAAACAAJ&amp;redir_esc=y\" target=\"_blank\" rel=\"noopener noreferrer\">Marketing p\u00fablico: por un gobierno y una administraci\u00f3n al servicio del p\u00fablico<\/a>. Josep Ch\u00edas. 1995.<\/strong><span class=\"ez-toc-section-end\"><\/span><\/h3>\n<p>Su autor, Josep Ch\u00edas, realiza un estudio del marketing en la Administraci\u00f3n p\u00fablica de hace 24 a\u00f1os, su problem\u00e1tica, las realizaciones, y analiza tambi\u00e9n la teor\u00eda general del marketing y su aplicaci\u00f3n a la Administraci\u00f3n P\u00fablica.<\/p>\n<p>Es uno de los primeros manuales editados en la materia, y uno de los imprescindibles para todos\/as aquellos\/as responsables, no solo de la comunicaci\u00f3n corporativa a institucional, sino del marketing p\u00fablico o las relaciones p\u00fablicas en las administraciones p\u00fablicas.<\/p>\n<p>&nbsp;<\/p>\n<h2><\/h2>\n<h2><span class=\"ez-toc-section\" id=\"Conclusion\"><\/span><strong>Conclusi\u00f3n<\/strong><span class=\"ez-toc-section-end\"><\/span><\/h2>\n<p>Al margen de las veinte gu\u00edas y manuales de comunicaci\u00f3n institucional y comunicaci\u00f3n en las administraciones p\u00fablicas mencionados, son muchos los art\u00edculos, post o reportajes publicados, con respecto al asunto abordado en estas l\u00edneas.<\/p>\n<p>Aun as\u00ed, te recomiendo echar un vistazo a dichos libros si trabajas gestionando la comunicaci\u00f3n de una administraci\u00f3n o empresa p\u00fablica.<\/p>\n<p>En mi caso, ya cuento con varios de los citados manuales. Todos ellos, se han convertido en mis referentes en mi labor diaria; en aquellos a los que no dudo en recurrir cada vez que me surgen dudas y necesito perfeccionar en todas y cada una de las acciones que desarrollo en mi d\u00eda a d\u00eda.<\/p>\n<p><strong>\u00bfY t\u00fa? \u00bfConoc\u00edas las gu\u00edas o manuales descritos en estas l\u00edneas? <\/strong><\/p>\n<p><strong>\u00bfQu\u00e9 otras obras a\u00f1adir\u00edas a esta lista?<\/strong><\/p>\n<p>Espero tus comentarios. Muchas gracias.<\/p>\n<p><a href=\"https:\/\/pedroirustamendieta.com\/wp-content\/uploads\/2019\/10\/Info.ManualesComunicaci\u00f3nAAPP..jpg\"><img loading=\"lazy\" decoding=\"async\" class=\"alignleft size-full wp-image-1258\" src=\"https:\/\/pedroirustamendieta.com\/wp-content\/uploads\/2019\/10\/Info.ManualesComunicaci\u00f3nAAPP..jpg\" alt=\"\" width=\"800\" height=\"2000\" srcset=\"https:\/\/pedroirustamendieta.com\/wp-content\/uploads\/2019\/10\/Info.ManualesComunicaci\u00f3nAAPP..jpg 800w, https:\/\/pedroirustamendieta.com\/wp-content\/uploads\/2019\/10\/Info.ManualesComunicaci\u00f3nAAPP.-120x300.jpg 120w, https:\/\/pedroirustamendieta.com\/wp-content\/uploads\/2019\/10\/Info.ManualesComunicaci\u00f3nAAPP.-768x1920.jpg 768w, https:\/\/pedroirustamendieta.com\/wp-content\/uploads\/2019\/10\/Info.ManualesComunicaci\u00f3nAAPP.-410x1024.jpg 410w, https:\/\/pedroirustamendieta.com\/wp-content\/uploads\/2019\/10\/Info.ManualesComunicaci\u00f3nAAPP.-610x1525.jpg 610w\" sizes=\"(max-width: 800px) 100vw, 800px\" \/><\/a><\/p>\n","protected":false},"excerpt":{"rendered":"<p>4.2kviews\u00bfTrabajas en la administraci\u00f3n p\u00fablica y gestionas la comunicaci\u00f3n interna o externa de tu organizaci\u00f3n? \u00bfDeseas obtener mayor informaci\u00f3n te\u00f3rico-pr\u00e1ctica para poner en marcha planes de comunicaci\u00f3n eficaces? \u00bfTe gustar\u00eda obtener todos los detalles para coordinar de manera adecuada una hipot\u00e9tica situaci\u00f3n de crisis en la instituci\u00f3n para la que trabajas? Mi intenci\u00f3n, a trav\u00e9s &#8230; <a title=\"20 Gu\u00edas y manuales de comunicaci\u00f3n recomendados en las administraciones p\u00fablicas\" class=\"read-more\" href=\"https:\/\/pedroirustamendieta.com\/es\/guias-y-manuales-comunicacion-recomendados-administraciones-publicas\/\" aria-label=\"M\u00e1s en 20 Gu\u00edas y manuales de comunicaci\u00f3n recomendados en las administraciones p\u00fablicas\">Leer m\u00e1s<\/a><\/p>\n","protected":false},"author":2,"featured_media":1783,"comment_status":"open","ping_status":"open","sticky":false,"template":"","format":"standard","meta":{"episode_type":"","audio_file":"","podmotor_file_id":"","podmotor_episode_id":"","cover_image":"","cover_image_id":"","duration":"","filesize":"","filesize_raw":"","date_recorded":"","explicit":"","block":"","footnotes":""},"categories":[26],"tags":[39,40,67,68],"series":[],"class_list":["post-1212","post","type-post","status-publish","format-standard","has-post-thumbnail","hentry","category-comunicacion","tag-administraciones-publicas","tag-comunicacion","tag-guias","tag-manuales","generate-columns","tablet-grid-50","mobile-grid-100","grid-parent","grid-50"],"episode_featured_image":"https:\/\/pedroirustamendieta.com\/wp-content\/uploads\/2019\/10\/Gui\u0301as-y-manuales-de-comunicacio\u0301n-en-administraciones-pu\u0301blicas.jpg","episode_player_image":"https:\/\/pedroirustamendieta.com\/wp-content\/uploads\/2022\/11\/33654374-1667930359655-60bf102db51fd-scaled.jpg","download_link":"","player_link":"","audio_player":false,"episode_data":{"playerMode":"light","subscribeUrls":{"anchor":{"key":"anchor","url":"https:\/\/anchor.fm\/comunicardesdelopublico","label":"Anchor","class":"anchor","icon":"anchor.png"},"apple_podcasts":{"key":"apple_podcasts","url":"https:\/\/podcasts.apple.com\/es\/podcast\/comunicar-desde-lo-p%C3%BAblico\/id1653681642","label":"Apple Podcasts","class":"apple_podcasts","icon":"apple-podcasts.png"},"google_podcasts":{"key":"google_podcasts","url":"https:\/\/podcasts.google.com\/feed\/aHR0cHM6Ly9hbmNob3IuZm0vcy9jOTMxMTY1OC9wb2RjYXN0L3Jzcw","label":"Google Podcasts","class":"google_podcasts","icon":"google-podcasts.png"},"spotify":{"key":"spotify","url":"https:\/\/open.spotify.com\/show\/1X7dc6ZTSESAnUUuHRat7J","label":"Spotify","class":"spotify","icon":"spotify.png"},"spreaker":{"key":"spreaker","url":"https:\/\/www.spreaker.com\/show\/comunicar-desde-lo-publico","label":"Spreaker","class":"spreaker","icon":"spreaker.png"},"stitcher":{"key":"stitcher","url":"","label":"Stitcher","class":"stitcher","icon":"stitcher.png"},"ivoox":{"key":"ivoox","url":"https:\/\/www.ivoox.com\/podcast-comunicar-desde-lo-publico_sq_f11717056_1.html","label":"iVoox","class":"ivoox","icon":"ivoox.png"}},"rssFeedUrl":"https:\/\/pedroirustamendieta.com\/es\/feed\/podcast\/default-podcast","embedCode":"<blockquote class=\"wp-embedded-content\" data-secret=\"8yKzNIRD4b\"><a href=\"https:\/\/pedroirustamendieta.com\/es\/guias-y-manuales-comunicacion-recomendados-administraciones-publicas\/\">20 Gu\u00edas y manuales de comunicaci\u00f3n recomendados en las administraciones p\u00fablicas<\/a><\/blockquote><iframe sandbox=\"allow-scripts\" security=\"restricted\" src=\"https:\/\/pedroirustamendieta.com\/es\/guias-y-manuales-comunicacion-recomendados-administraciones-publicas\/embed\/#?secret=8yKzNIRD4b\" width=\"500\" height=\"350\" title=\"\u00ab20 Gu\u00edas y manuales de comunicaci\u00f3n recomendados en las administraciones p\u00fablicas\u00bb \u2014 Pedro Irusta Mendieta: Comunicaci\u00f3n p\u00fablica\" data-secret=\"8yKzNIRD4b\" frameborder=\"0\" marginwidth=\"0\" marginheight=\"0\" scrolling=\"no\" class=\"wp-embedded-content\"><\/iframe><script>\n\/*! This file is auto-generated *\/\n!function(d,l){\"use strict\";l.querySelector&&d.addEventListener&&\"undefined\"!=typeof URL&&(d.wp=d.wp||{},d.wp.receiveEmbedMessage||(d.wp.receiveEmbedMessage=function(e){var t=e.data;if((t||t.secret||t.message||t.value)&&!\/[^a-zA-Z0-9]\/.test(t.secret)){for(var s,r,n,a=l.querySelectorAll('iframe[data-secret=\"'+t.secret+'\"]'),o=l.querySelectorAll('blockquote[data-secret=\"'+t.secret+'\"]'),c=new RegExp(\"^https?:$\",\"i\"),i=0;i<o.length;i++)o[i].style.display=\"none\";for(i=0;i<a.length;i++)s=a[i],e.source===s.contentWindow&&(s.removeAttribute(\"style\"),\"height\"===t.message?(1e3<(r=parseInt(t.value,10))?r=1e3:~~r<200&&(r=200),s.height=r):\"link\"===t.message&&(r=new URL(s.getAttribute(\"src\")),n=new URL(t.value),c.test(n.protocol))&&n.host===r.host&&l.activeElement===s&&(d.top.location.href=t.value))}},d.addEventListener(\"message\",d.wp.receiveEmbedMessage,!1),l.addEventListener(\"DOMContentLoaded\",function(){for(var e,t,s=l.querySelectorAll(\"iframe.wp-embedded-content\"),r=0;r<s.length;r++)(t=(e=s[r]).getAttribute(\"data-secret\"))||(t=Math.random().toString(36).substring(2,12),e.src+=\"#?secret=\"+t,e.setAttribute(\"data-secret\",t)),e.contentWindow.postMessage({message:\"ready\",secret:t},\"*\")},!1)))}(window,document);\n\/\/# sourceURL=https:\/\/pedroirustamendieta.com\/wp-includes\/js\/wp-embed.min.js\n<\/script>\n"},"yoast_head":"<!-- This site is optimized with the Yoast SEO plugin v27.3 - https:\/\/yoast.com\/product\/yoast-seo-wordpress\/ -->\n<title>20 Gu\u00edas y manuales de comunicaci\u00f3n en las administraciones p\u00fablicas<\/title>\n<meta name=\"description\" content=\"\u00bfQuieres conocer algunos de los mejores manuales sobre comunicaci\u00f3n para las administraciones p\u00fablicas? \u00a1Cons\u00faltalos todos en un \u00fanico listado!\" \/>\n<meta name=\"robots\" content=\"index, follow, max-snippet:-1, max-image-preview:large, max-video-preview:-1\" \/>\n<link rel=\"canonical\" href=\"https:\/\/pedroirustamendieta.com\/es\/guias-y-manuales-comunicacion-recomendados-administraciones-publicas\/\" \/>\n<meta property=\"og:locale\" content=\"es_ES\" \/>\n<meta property=\"og:type\" content=\"article\" \/>\n<meta property=\"og:title\" content=\"20 Gu\u00edas y manuales de comunicaci\u00f3n en las administraciones p\u00fablicas\" \/>\n<meta property=\"og:description\" content=\"\u00bfQuieres conocer algunos de los mejores manuales sobre comunicaci\u00f3n para las administraciones p\u00fablicas? \u00a1Cons\u00faltalos todos en un \u00fanico listado!\" \/>\n<meta property=\"og:url\" content=\"https:\/\/pedroirustamendieta.com\/es\/guias-y-manuales-comunicacion-recomendados-administraciones-publicas\/\" \/>\n<meta property=\"og:site_name\" content=\"Pedro Irusta Mendieta: Comunicaci\u00f3n p\u00fablica\" \/>\n<meta property=\"article:published_time\" content=\"2019-10-31T14:28:59+00:00\" \/>\n<meta property=\"article:modified_time\" content=\"2020-12-07T22:51:47+00:00\" \/>\n<meta property=\"og:image\" content=\"https:\/\/pedroirustamendieta.com\/wp-content\/uploads\/2019\/10\/Gui\u0301as-y-manuales-de-comunicacio\u0301n-en-administraciones-pu\u0301blicas.jpg\" \/>\n\t<meta property=\"og:image:width\" content=\"1920\" \/>\n\t<meta property=\"og:image:height\" content=\"1080\" \/>\n\t<meta property=\"og:image:type\" content=\"image\/jpeg\" \/>\n<meta name=\"author\" content=\"Pedro Irusta Mendieta\" \/>\n<meta name=\"twitter:card\" content=\"summary_large_image\" \/>\n<meta name=\"twitter:creator\" content=\"@Pedro__Irusta\" \/>\n<meta name=\"twitter:site\" content=\"@Pedro__Irusta\" \/>\n<meta name=\"twitter:label1\" content=\"Escrito por\" \/>\n\t<meta name=\"twitter:data1\" content=\"Pedro Irusta Mendieta\" \/>\n\t<meta name=\"twitter:label2\" content=\"Tiempo de lectura\" \/>\n\t<meta name=\"twitter:data2\" content=\"16 minutos\" \/>\n<script type=\"application\/ld+json\" class=\"yoast-schema-graph\">{\"@context\":\"https:\\\/\\\/schema.org\",\"@graph\":[{\"@type\":\"Article\",\"@id\":\"https:\\\/\\\/pedroirustamendieta.com\\\/es\\\/guias-y-manuales-comunicacion-recomendados-administraciones-publicas\\\/#article\",\"isPartOf\":{\"@id\":\"https:\\\/\\\/pedroirustamendieta.com\\\/es\\\/guias-y-manuales-comunicacion-recomendados-administraciones-publicas\\\/\"},\"author\":{\"name\":\"Pedro Irusta Mendieta\",\"@id\":\"https:\\\/\\\/pedroirustamendieta.com\\\/es\\\/#\\\/schema\\\/person\\\/b5123b985a77b0db9e354a1134eb3087\"},\"headline\":\"20 Gu\u00edas y manuales de comunicaci\u00f3n recomendados en las administraciones p\u00fablicas\",\"datePublished\":\"2019-10-31T14:28:59+00:00\",\"dateModified\":\"2020-12-07T22:51:47+00:00\",\"mainEntityOfPage\":{\"@id\":\"https:\\\/\\\/pedroirustamendieta.com\\\/es\\\/guias-y-manuales-comunicacion-recomendados-administraciones-publicas\\\/\"},\"wordCount\":3254,\"commentCount\":4,\"publisher\":{\"@id\":\"https:\\\/\\\/pedroirustamendieta.com\\\/es\\\/#\\\/schema\\\/person\\\/b5123b985a77b0db9e354a1134eb3087\"},\"image\":{\"@id\":\"https:\\\/\\\/pedroirustamendieta.com\\\/es\\\/guias-y-manuales-comunicacion-recomendados-administraciones-publicas\\\/#primaryimage\"},\"thumbnailUrl\":\"https:\\\/\\\/pedroirustamendieta.com\\\/wp-content\\\/uploads\\\/2019\\\/10\\\/Gui\u0301as-y-manuales-de-comunicacio\u0301n-en-administraciones-pu\u0301blicas.jpg\",\"keywords\":[\"administraciones p\u00fablicas\",\"comunicaci\u00f3n\",\"gu\u00edas\",\"manuales\"],\"articleSection\":[\"Comunicaci\u00f3n\"],\"inLanguage\":\"es\",\"potentialAction\":[{\"@type\":\"CommentAction\",\"name\":\"Comment\",\"target\":[\"https:\\\/\\\/pedroirustamendieta.com\\\/es\\\/guias-y-manuales-comunicacion-recomendados-administraciones-publicas\\\/#respond\"]}]},{\"@type\":\"WebPage\",\"@id\":\"https:\\\/\\\/pedroirustamendieta.com\\\/es\\\/guias-y-manuales-comunicacion-recomendados-administraciones-publicas\\\/\",\"url\":\"https:\\\/\\\/pedroirustamendieta.com\\\/es\\\/guias-y-manuales-comunicacion-recomendados-administraciones-publicas\\\/\",\"name\":\"20 Gu\u00edas y manuales de comunicaci\u00f3n en las administraciones p\u00fablicas\",\"isPartOf\":{\"@id\":\"https:\\\/\\\/pedroirustamendieta.com\\\/es\\\/#website\"},\"primaryImageOfPage\":{\"@id\":\"https:\\\/\\\/pedroirustamendieta.com\\\/es\\\/guias-y-manuales-comunicacion-recomendados-administraciones-publicas\\\/#primaryimage\"},\"image\":{\"@id\":\"https:\\\/\\\/pedroirustamendieta.com\\\/es\\\/guias-y-manuales-comunicacion-recomendados-administraciones-publicas\\\/#primaryimage\"},\"thumbnailUrl\":\"https:\\\/\\\/pedroirustamendieta.com\\\/wp-content\\\/uploads\\\/2019\\\/10\\\/Gui\u0301as-y-manuales-de-comunicacio\u0301n-en-administraciones-pu\u0301blicas.jpg\",\"datePublished\":\"2019-10-31T14:28:59+00:00\",\"dateModified\":\"2020-12-07T22:51:47+00:00\",\"description\":\"\u00bfQuieres conocer algunos de los mejores manuales sobre comunicaci\u00f3n para las administraciones p\u00fablicas? \u00a1Cons\u00faltalos todos en un \u00fanico listado!\",\"breadcrumb\":{\"@id\":\"https:\\\/\\\/pedroirustamendieta.com\\\/es\\\/guias-y-manuales-comunicacion-recomendados-administraciones-publicas\\\/#breadcrumb\"},\"inLanguage\":\"es\",\"potentialAction\":[{\"@type\":\"ReadAction\",\"target\":[\"https:\\\/\\\/pedroirustamendieta.com\\\/es\\\/guias-y-manuales-comunicacion-recomendados-administraciones-publicas\\\/\"]}]},{\"@type\":\"ImageObject\",\"inLanguage\":\"es\",\"@id\":\"https:\\\/\\\/pedroirustamendieta.com\\\/es\\\/guias-y-manuales-comunicacion-recomendados-administraciones-publicas\\\/#primaryimage\",\"url\":\"https:\\\/\\\/pedroirustamendieta.com\\\/wp-content\\\/uploads\\\/2019\\\/10\\\/Gui\u0301as-y-manuales-de-comunicacio\u0301n-en-administraciones-pu\u0301blicas.jpg\",\"contentUrl\":\"https:\\\/\\\/pedroirustamendieta.com\\\/wp-content\\\/uploads\\\/2019\\\/10\\\/Gui\u0301as-y-manuales-de-comunicacio\u0301n-en-administraciones-pu\u0301blicas.jpg\",\"width\":1920,\"height\":1080,\"caption\":\"Gui\u0301as y manuales de comunicacio\u0301n en administraciones pu\u0301blicas\"},{\"@type\":\"BreadcrumbList\",\"@id\":\"https:\\\/\\\/pedroirustamendieta.com\\\/es\\\/guias-y-manuales-comunicacion-recomendados-administraciones-publicas\\\/#breadcrumb\",\"itemListElement\":[{\"@type\":\"ListItem\",\"position\":1,\"name\":\"Portada\",\"item\":\"https:\\\/\\\/pedroirustamendieta.com\\\/es\\\/\"},{\"@type\":\"ListItem\",\"position\":2,\"name\":\"20 Gu\u00edas y manuales de comunicaci\u00f3n recomendados en las administraciones p\u00fablicas\"}]},{\"@type\":\"WebSite\",\"@id\":\"https:\\\/\\\/pedroirustamendieta.com\\\/es\\\/#website\",\"url\":\"https:\\\/\\\/pedroirustamendieta.com\\\/es\\\/\",\"name\":\"Pedro Irusta Mendieta: Comunicaci\u00f3n y Transparencia en las administraciones p\u00fablicas\",\"description\":\"Blog de Comunicaci\u00f3n y administraciones p\u00fablicas\",\"publisher\":{\"@id\":\"https:\\\/\\\/pedroirustamendieta.com\\\/es\\\/#\\\/schema\\\/person\\\/b5123b985a77b0db9e354a1134eb3087\"},\"potentialAction\":[{\"@type\":\"SearchAction\",\"target\":{\"@type\":\"EntryPoint\",\"urlTemplate\":\"https:\\\/\\\/pedroirustamendieta.com\\\/es\\\/?s={search_term_string}\"},\"query-input\":{\"@type\":\"PropertyValueSpecification\",\"valueRequired\":true,\"valueName\":\"search_term_string\"}}],\"inLanguage\":\"es\"},{\"@type\":[\"Person\",\"Organization\"],\"@id\":\"https:\\\/\\\/pedroirustamendieta.com\\\/es\\\/#\\\/schema\\\/person\\\/b5123b985a77b0db9e354a1134eb3087\",\"name\":\"Pedro Irusta Mendieta\",\"image\":{\"@type\":\"ImageObject\",\"inLanguage\":\"es\",\"@id\":\"https:\\\/\\\/pedroirustamendieta.com\\\/wp-content\\\/uploads\\\/2019\\\/02\\\/pedro-irusta-mendieta.png\",\"url\":\"https:\\\/\\\/pedroirustamendieta.com\\\/wp-content\\\/uploads\\\/2019\\\/02\\\/pedro-irusta-mendieta.png\",\"contentUrl\":\"https:\\\/\\\/pedroirustamendieta.com\\\/wp-content\\\/uploads\\\/2019\\\/02\\\/pedro-irusta-mendieta.png\",\"width\":375,\"height\":53,\"caption\":\"Pedro Irusta Mendieta\"},\"logo\":{\"@id\":\"https:\\\/\\\/pedroirustamendieta.com\\\/wp-content\\\/uploads\\\/2019\\\/02\\\/pedro-irusta-mendieta.png\"},\"description\":\"Periodista y funcionario local, especializado en comunicaci\u00f3n institucional.\",\"sameAs\":[\"https:\\\/\\\/pedroirustamendieta.com\\\/\",\"https:\\\/\\\/www.instagram.com\\\/pedroirustamendieta\",\"https:\\\/\\\/x.com\\\/Pedro__Irusta\"]}]}<\/script>\n<!-- \/ Yoast SEO plugin. -->","yoast_head_json":{"title":"20 Gu\u00edas y manuales de comunicaci\u00f3n en las administraciones p\u00fablicas","description":"\u00bfQuieres conocer algunos de los mejores manuales sobre comunicaci\u00f3n para las administraciones p\u00fablicas? \u00a1Cons\u00faltalos todos en un \u00fanico listado!","robots":{"index":"index","follow":"follow","max-snippet":"max-snippet:-1","max-image-preview":"max-image-preview:large","max-video-preview":"max-video-preview:-1"},"canonical":"https:\/\/pedroirustamendieta.com\/es\/guias-y-manuales-comunicacion-recomendados-administraciones-publicas\/","og_locale":"es_ES","og_type":"article","og_title":"20 Gu\u00edas y manuales de comunicaci\u00f3n en las administraciones p\u00fablicas","og_description":"\u00bfQuieres conocer algunos de los mejores manuales sobre comunicaci\u00f3n para las administraciones p\u00fablicas? \u00a1Cons\u00faltalos todos en un \u00fanico listado!","og_url":"https:\/\/pedroirustamendieta.com\/es\/guias-y-manuales-comunicacion-recomendados-administraciones-publicas\/","og_site_name":"Pedro Irusta Mendieta: Comunicaci\u00f3n p\u00fablica","article_published_time":"2019-10-31T14:28:59+00:00","article_modified_time":"2020-12-07T22:51:47+00:00","og_image":[{"width":1920,"height":1080,"url":"https:\/\/pedroirustamendieta.com\/wp-content\/uploads\/2019\/10\/Gui\u0301as-y-manuales-de-comunicacio\u0301n-en-administraciones-pu\u0301blicas.jpg","type":"image\/jpeg"}],"author":"Pedro Irusta Mendieta","twitter_card":"summary_large_image","twitter_creator":"@Pedro__Irusta","twitter_site":"@Pedro__Irusta","twitter_misc":{"Escrito por":"Pedro Irusta Mendieta","Tiempo de lectura":"16 minutos"},"schema":{"@context":"https:\/\/schema.org","@graph":[{"@type":"Article","@id":"https:\/\/pedroirustamendieta.com\/es\/guias-y-manuales-comunicacion-recomendados-administraciones-publicas\/#article","isPartOf":{"@id":"https:\/\/pedroirustamendieta.com\/es\/guias-y-manuales-comunicacion-recomendados-administraciones-publicas\/"},"author":{"name":"Pedro Irusta Mendieta","@id":"https:\/\/pedroirustamendieta.com\/es\/#\/schema\/person\/b5123b985a77b0db9e354a1134eb3087"},"headline":"20 Gu\u00edas y manuales de comunicaci\u00f3n recomendados en las administraciones p\u00fablicas","datePublished":"2019-10-31T14:28:59+00:00","dateModified":"2020-12-07T22:51:47+00:00","mainEntityOfPage":{"@id":"https:\/\/pedroirustamendieta.com\/es\/guias-y-manuales-comunicacion-recomendados-administraciones-publicas\/"},"wordCount":3254,"commentCount":4,"publisher":{"@id":"https:\/\/pedroirustamendieta.com\/es\/#\/schema\/person\/b5123b985a77b0db9e354a1134eb3087"},"image":{"@id":"https:\/\/pedroirustamendieta.com\/es\/guias-y-manuales-comunicacion-recomendados-administraciones-publicas\/#primaryimage"},"thumbnailUrl":"https:\/\/pedroirustamendieta.com\/wp-content\/uploads\/2019\/10\/Gui\u0301as-y-manuales-de-comunicacio\u0301n-en-administraciones-pu\u0301blicas.jpg","keywords":["administraciones p\u00fablicas","comunicaci\u00f3n","gu\u00edas","manuales"],"articleSection":["Comunicaci\u00f3n"],"inLanguage":"es","potentialAction":[{"@type":"CommentAction","name":"Comment","target":["https:\/\/pedroirustamendieta.com\/es\/guias-y-manuales-comunicacion-recomendados-administraciones-publicas\/#respond"]}]},{"@type":"WebPage","@id":"https:\/\/pedroirustamendieta.com\/es\/guias-y-manuales-comunicacion-recomendados-administraciones-publicas\/","url":"https:\/\/pedroirustamendieta.com\/es\/guias-y-manuales-comunicacion-recomendados-administraciones-publicas\/","name":"20 Gu\u00edas y manuales de comunicaci\u00f3n en las administraciones p\u00fablicas","isPartOf":{"@id":"https:\/\/pedroirustamendieta.com\/es\/#website"},"primaryImageOfPage":{"@id":"https:\/\/pedroirustamendieta.com\/es\/guias-y-manuales-comunicacion-recomendados-administraciones-publicas\/#primaryimage"},"image":{"@id":"https:\/\/pedroirustamendieta.com\/es\/guias-y-manuales-comunicacion-recomendados-administraciones-publicas\/#primaryimage"},"thumbnailUrl":"https:\/\/pedroirustamendieta.com\/wp-content\/uploads\/2019\/10\/Gui\u0301as-y-manuales-de-comunicacio\u0301n-en-administraciones-pu\u0301blicas.jpg","datePublished":"2019-10-31T14:28:59+00:00","dateModified":"2020-12-07T22:51:47+00:00","description":"\u00bfQuieres conocer algunos de los mejores manuales sobre comunicaci\u00f3n para las administraciones p\u00fablicas? \u00a1Cons\u00faltalos todos en un \u00fanico listado!","breadcrumb":{"@id":"https:\/\/pedroirustamendieta.com\/es\/guias-y-manuales-comunicacion-recomendados-administraciones-publicas\/#breadcrumb"},"inLanguage":"es","potentialAction":[{"@type":"ReadAction","target":["https:\/\/pedroirustamendieta.com\/es\/guias-y-manuales-comunicacion-recomendados-administraciones-publicas\/"]}]},{"@type":"ImageObject","inLanguage":"es","@id":"https:\/\/pedroirustamendieta.com\/es\/guias-y-manuales-comunicacion-recomendados-administraciones-publicas\/#primaryimage","url":"https:\/\/pedroirustamendieta.com\/wp-content\/uploads\/2019\/10\/Gui\u0301as-y-manuales-de-comunicacio\u0301n-en-administraciones-pu\u0301blicas.jpg","contentUrl":"https:\/\/pedroirustamendieta.com\/wp-content\/uploads\/2019\/10\/Gui\u0301as-y-manuales-de-comunicacio\u0301n-en-administraciones-pu\u0301blicas.jpg","width":1920,"height":1080,"caption":"Gui\u0301as y manuales de comunicacio\u0301n en administraciones pu\u0301blicas"},{"@type":"BreadcrumbList","@id":"https:\/\/pedroirustamendieta.com\/es\/guias-y-manuales-comunicacion-recomendados-administraciones-publicas\/#breadcrumb","itemListElement":[{"@type":"ListItem","position":1,"name":"Portada","item":"https:\/\/pedroirustamendieta.com\/es\/"},{"@type":"ListItem","position":2,"name":"20 Gu\u00edas y manuales de comunicaci\u00f3n recomendados en las administraciones p\u00fablicas"}]},{"@type":"WebSite","@id":"https:\/\/pedroirustamendieta.com\/es\/#website","url":"https:\/\/pedroirustamendieta.com\/es\/","name":"Pedro Irusta Mendieta: Comunicaci\u00f3n y Transparencia en las administraciones p\u00fablicas","description":"Blog de Comunicaci\u00f3n y administraciones p\u00fablicas","publisher":{"@id":"https:\/\/pedroirustamendieta.com\/es\/#\/schema\/person\/b5123b985a77b0db9e354a1134eb3087"},"potentialAction":[{"@type":"SearchAction","target":{"@type":"EntryPoint","urlTemplate":"https:\/\/pedroirustamendieta.com\/es\/?s={search_term_string}"},"query-input":{"@type":"PropertyValueSpecification","valueRequired":true,"valueName":"search_term_string"}}],"inLanguage":"es"},{"@type":["Person","Organization"],"@id":"https:\/\/pedroirustamendieta.com\/es\/#\/schema\/person\/b5123b985a77b0db9e354a1134eb3087","name":"Pedro Irusta Mendieta","image":{"@type":"ImageObject","inLanguage":"es","@id":"https:\/\/pedroirustamendieta.com\/wp-content\/uploads\/2019\/02\/pedro-irusta-mendieta.png","url":"https:\/\/pedroirustamendieta.com\/wp-content\/uploads\/2019\/02\/pedro-irusta-mendieta.png","contentUrl":"https:\/\/pedroirustamendieta.com\/wp-content\/uploads\/2019\/02\/pedro-irusta-mendieta.png","width":375,"height":53,"caption":"Pedro Irusta Mendieta"},"logo":{"@id":"https:\/\/pedroirustamendieta.com\/wp-content\/uploads\/2019\/02\/pedro-irusta-mendieta.png"},"description":"Periodista y funcionario local, especializado en comunicaci\u00f3n institucional.","sameAs":["https:\/\/pedroirustamendieta.com\/","https:\/\/www.instagram.com\/pedroirustamendieta","https:\/\/x.com\/Pedro__Irusta"]}]}},"_links":{"self":[{"href":"https:\/\/pedroirustamendieta.com\/es\/wp-json\/wp\/v2\/posts\/1212","targetHints":{"allow":["GET"]}}],"collection":[{"href":"https:\/\/pedroirustamendieta.com\/es\/wp-json\/wp\/v2\/posts"}],"about":[{"href":"https:\/\/pedroirustamendieta.com\/es\/wp-json\/wp\/v2\/types\/post"}],"author":[{"embeddable":true,"href":"https:\/\/pedroirustamendieta.com\/es\/wp-json\/wp\/v2\/users\/2"}],"replies":[{"embeddable":true,"href":"https:\/\/pedroirustamendieta.com\/es\/wp-json\/wp\/v2\/comments?post=1212"}],"version-history":[{"count":16,"href":"https:\/\/pedroirustamendieta.com\/es\/wp-json\/wp\/v2\/posts\/1212\/revisions"}],"predecessor-version":[{"id":1282,"href":"https:\/\/pedroirustamendieta.com\/es\/wp-json\/wp\/v2\/posts\/1212\/revisions\/1282"}],"wp:featuredmedia":[{"embeddable":true,"href":"https:\/\/pedroirustamendieta.com\/es\/wp-json\/wp\/v2\/media\/1783"}],"wp:attachment":[{"href":"https:\/\/pedroirustamendieta.com\/es\/wp-json\/wp\/v2\/media?parent=1212"}],"wp:term":[{"taxonomy":"category","embeddable":true,"href":"https:\/\/pedroirustamendieta.com\/es\/wp-json\/wp\/v2\/categories?post=1212"},{"taxonomy":"post_tag","embeddable":true,"href":"https:\/\/pedroirustamendieta.com\/es\/wp-json\/wp\/v2\/tags?post=1212"},{"taxonomy":"series","embeddable":true,"href":"https:\/\/pedroirustamendieta.com\/es\/wp-json\/wp\/v2\/series?post=1212"}],"curies":[{"name":"wp","href":"https:\/\/api.w.org\/{rel}","templated":true}]}}